{"id":5391,"date":"2015-12-15T09:10:52","date_gmt":"2015-12-15T09:10:52","guid":{"rendered":"http:\/\/miradordeatarfe.es\/?p=5391"},"modified":"2015-12-23T08:29:55","modified_gmt":"2015-12-23T08:29:55","slug":"atarfe-recuerda-a-los-policias-muertos-en-el-atentado-de-kabul","status":"publish","type":"post","link":"https:\/\/miradordeatarfe.es\/?p=5391","title":{"rendered":"Atarfe recuerda a los polic\u00edas muertos en el atentado de Kabul"},"content":{"rendered":"<p>El alcalde Francisco Rodr\u00edguez Quesada traslada las condolencias a familiares de Isidro Gabino Sanmart\u00edn y Jorge Garc\u00eda Tudela. Vecinos y autoridades guardan un minuto de silencio en su memoria. <!--more--><\/p>\n<p>Concejales del Ayuntamiento de Atarfe, trabajadores municipales, agentes de la Polic\u00eda Local, Guardia Civil y vecinos del municipio se han sumado al minuto de silencio que ha tenido lugar este mediod\u00eda en la plaza consistorial en memoria de los dos agentes de la Polic\u00eda Nacional, <strong>Isidro Gabino Sanmart\u00edn<\/strong> y<strong> Jorge Garc\u00eda Tudela<\/strong>, que murieron el pasado viernes en el atentado terrorista perpetrado contra la embajada espa\u00f1ola en Kabul (Afganist\u00e1n).<\/p>\n<p>El alcalde de Atarfe, <strong>Francisco Rodr\u00edguez Quesada<\/strong>, ha le\u00eddo un breve comunicado de \u201ccondolencia a los familiares y amigos de los dos agentes, al Cuerpo de la Polic\u00eda Nacional y al resto de Fuerzas de Seguridad del Estado que realizan su trabajo en distintos pa\u00edses en defensa de la libertad y los valores democr\u00e1ticos\u201d.<\/p>\n<p>\u201cNuestra civilizaci\u00f3n no entiende de la sinraz\u00f3n de los actos terroristas, frente a los cuales solo cabe la defensa de la libertad y el Estado de Derecho\u201d, ha subrayado Rodr\u00edguez Quesada, cuyas palabras han dado paso a un minuto de silencio en memoria de los agentes.<\/p>\n<p>&nbsp;<\/p>\n","protected":false},"excerpt":{"rendered":"<p>El alcalde Francisco Rodr\u00edguez Quesada traslada las condolencias a familiares de Isidro Gabino Sanmart\u00edn y&#8230;<\/p>\n","protected":false},"author":1,"featured_media":5392,"comment_status":"closed","ping_status":"closed","sticky":false,"template":"","format":"standard","meta":{"_coblocks_attr":"","_coblocks_dimensions":"","_coblocks_responsive_height":"","_coblocks_accordion_ie_support":"","jetpack_post_was_ever_published":false,"_jetpack_newsletter_access":"","_jetpack_dont_email_post_to_subs":false,"_jetpack_newsletter_tier_id":0,"_jetpack_memberships_contains_paywalled_content":false,"_jetpack_memberships_contains_paid_content":false,"footnotes":"","jetpack_publicize_message":"","jetpack_publicize_feature_enabled":true,"jetpack_social_post_already_shared":false,"jetpack_social_options":{"image_generator_settings":{"template":"highway","default_image_id":0,"enabled":false},"version":2}},"categories":[2,1161,15],"tags":[81,260,1203],"class_list":["post-5391","post","type-post","status-publish","format-standard","has-post-thumbnail","hentry","category-atarfe","category-ciudadania","category-ultimas-noticias","tag-atarfe","tag-estado-islamico","tag-terrorismo"],"jetpack_publicize_connections":[],"jetpack_featured_media_url":"https:\/\/i0.wp.com\/miradordeatarfe.es\/wp-content\/uploads\/2015\/12\/1447_1754_20151214131556.jpg?fit=442%2C249&ssl=1","jetpack_likes_enabled":true,"jetpack_sharing_enabled":true,"_links":{"self":[{"href":"https:\/\/miradordeatarfe.es\/index.php?rest_route=\/wp\/v2\/posts\/5391","targetHints":{"allow":["GET"]}}],"collection":[{"href":"https:\/\/miradordeatarfe.es\/index.php?rest_route=\/wp\/v2\/posts"}],"about":[{"href":"https:\/\/miradordeatarfe.es\/index.php?rest_route=\/wp\/v2\/types\/post"}],"author":[{"embeddable":true,"href":"https:\/\/miradordeatarfe.es\/index.php?rest_route=\/wp\/v2\/users\/1"}],"replies":[{"embeddable":true,"href":"https:\/\/miradordeatarfe.es\/index.php?rest_route=%2Fwp%2Fv2%2Fcomments&post=5391"}],"version-history":[{"count":1,"href":"https:\/\/miradordeatarfe.es\/index.php?rest_route=\/wp\/v2\/posts\/5391\/revisions"}],"predecessor-version":[{"id":5393,"href":"https:\/\/miradordeatarfe.es\/index.php?rest_route=\/wp\/v2\/posts\/5391\/revisions\/5393"}],"wp:featuredmedia":[{"embeddable":true,"href":"https:\/\/miradordeatarfe.es\/index.php?rest_route=\/wp\/v2\/media\/5392"}],"wp:attachment":[{"href":"https:\/\/miradordeatarfe.es\/index.php?rest_route=%2Fwp%2Fv2%2Fmedia&parent=5391"}],"wp:term":[{"taxonomy":"category","embeddable":true,"href":"https:\/\/miradordeatarfe.es\/index.php?rest_route=%2Fwp%2Fv2%2Fcategories&post=5391"},{"taxonomy":"post_tag","embeddable":true,"href":"https:\/\/miradordeatarfe.es\/index.php?rest_route=%2Fwp%2Fv2%2Ftags&post=5391"}],"curies":[{"name":"wp","href":"https:\/\/api.w.org\/{rel}","templated":true}]}}