{"id":53919,"date":"2022-04-27T11:10:31","date_gmt":"2022-04-27T09:10:31","guid":{"rendered":"https:\/\/miradordeatarfe.es\/?p=53919"},"modified":"2022-04-27T11:13:52","modified_gmt":"2022-04-27T09:13:52","slug":"uh-ah-las-duatletas-de-atarfe-no-dejan-de-sorprender-por-manuel-jimenez","status":"publish","type":"post","link":"https:\/\/miradordeatarfe.es\/?p=53919","title":{"rendered":"\u00abUh!, \u00a1ah!, LAS DUATLETAS DE ATARFE NO DEJAN DE SORPRENDER\u00bb por Manuel Jim\u00e9nez"},"content":{"rendered":"<h3 align=\"JUSTIFY\"><span style=\"font-family: Arial, serif;\"><span style=\"font-size: medium;\">Este fin de semana se ha confirmado algo que ya resultaba evidente, \u201c<\/span><\/span><span style=\"font-family: Arial, serif;\"><span style=\"font-size: medium;\"><i>las chicas son guerreras\u201d.<\/i><\/span><\/span><\/h3>\n<p align=\"JUSTIFY\"><i> <\/i><span style=\"font-family: Arial, serif;\"><span style=\"font-size: medium;\">Efectivamente, nuestras duatletas no dejan de superarse en cada competici\u00f3n y dejan huella all\u00e1 por donde transitan<\/span><\/span><span style=\"font-family: Arial, serif;\"><span style=\"font-size: medium;\"><i>,<\/i><\/span><\/span><span style=\"color: #202124;\"><span style=\"font-family: Arial, serif;\"><span style=\"font-size: medium;\"><i> \u201cDuatletear con ellas es como manejar, la nitroglicerina. Tienen m\u00e1s vatios que una nuclear, y no son tan da\u00f1inas<\/i><\/span><\/span><\/span><span style=\"font-family: Arial, serif;\"><span style=\"font-size: medium;\">.\u201d <\/span><\/span><\/p>\n<p align=\"JUSTIFY\"><span style=\"font-family: Arial, serif;\"><span style=\"font-size: medium;\">A nivel nacional volv\u00edamos a contar con una representante atarfe\u00f1a en un Campeonato de Espa\u00f1a. Paula Jim\u00e9nez se hab\u00eda ganado en Berlanga de Duero ser de la partida en la categor\u00eda \u00e9lite del estatal de duatl\u00f3n de Avil\u00e9s y hasta la costa asturiana lleg\u00f3 con una mochila llena de ilusi\u00f3n. Paula ya hab\u00eda disputado nacionales en longitud y vallas, ahora con un solo a\u00f1o en la modalidad ha debutado con un puesto 63 que aunque le sepa a poco es la primera piedra en una brillante trayectoria que ya ha empezado a dar sus frutos.<\/span><\/span><\/p>\n<p align=\"JUSTIFY\"><a href=\"https:\/\/i0.wp.com\/miradordeatarfe.es\/wp-content\/uploads\/2022\/04\/IMG_1166.jpg?ssl=1\"><img data-recalc-dims=\"1\" loading=\"lazy\" decoding=\"async\" class=\"alignnone size-full wp-image-53924\" src=\"https:\/\/i0.wp.com\/miradordeatarfe.es\/wp-content\/uploads\/2022\/04\/IMG_1166.jpg?resize=640%2C701&#038;ssl=1\" alt=\"\" width=\"640\" height=\"701\" srcset=\"https:\/\/i0.wp.com\/miradordeatarfe.es\/wp-content\/uploads\/2022\/04\/IMG_1166.jpg?w=1125&amp;ssl=1 1125w, https:\/\/i0.wp.com\/miradordeatarfe.es\/wp-content\/uploads\/2022\/04\/IMG_1166.jpg?resize=274%2C300&amp;ssl=1 274w, https:\/\/i0.wp.com\/miradordeatarfe.es\/wp-content\/uploads\/2022\/04\/IMG_1166.jpg?resize=935%2C1024&amp;ssl=1 935w, https:\/\/i0.wp.com\/miradordeatarfe.es\/wp-content\/uploads\/2022\/04\/IMG_1166.jpg?resize=768%2C841&amp;ssl=1 768w\" sizes=\"auto, (max-width: 640px) 100vw, 640px\" \/><\/a><\/p>\n<p align=\"JUSTIFY\"><span style=\"font-family: Arial, serif;\"><span style=\"font-size: medium;\">En el plano auton\u00f3mico los integrantes de la Escuela de Triatlon disputaban la \u00faltima etapa del circuito andaluz en Chiclana que adem\u00e1s era campeonato andaluz en categor\u00eda infantil. Vera Ramos, en su primer a\u00f1o en la categor\u00eda, se sube al tercer caj\u00f3n del p\u00f3dium, el trabajo-trabajo siempre reporta ganancias, si adem\u00e1s disfruta con lo que hace, ecuaci\u00f3n perfecta. Otra medalla para la Escuela que est\u00e1 rompiendo moldes y es la aut\u00e9ntica referencia en el triatl\u00f3n granadino. <\/span><\/span><\/p>\n<p align=\"JUSTIFY\"><span style=\"font-family: Arial, serif;\"><span style=\"font-size: medium;\">En el \u00e1mbito provincial la prueba de relevos ciudad de Baza supon\u00eda la primera experiencia andaluza en este marco competitivo, equipos de tres integrantes que ten\u00edan que completar un duatl\u00f3n supersprint (2-7-1), el Triclub Baby School se impone en la categor\u00eda femenina \u00e9lite, la primera posta la cubre nuestra paisana Ana Bel\u00e9n Rodr\u00edguez, su sector de carrera pedestre es bestial y sienta las bases para que sus compa\u00f1eras, Ana Mayordomo y Sandra P\u00e9rez, afiancen un m\u00e1s que merecido triunfo. <\/span><\/span><\/p>\n<p align=\"JUSTIFY\"><a href=\"https:\/\/i0.wp.com\/miradordeatarfe.es\/wp-content\/uploads\/2022\/04\/IMG_1165.jpg?ssl=1\"><img data-recalc-dims=\"1\" loading=\"lazy\" decoding=\"async\" class=\"alignnone size-full wp-image-53920\" src=\"https:\/\/i0.wp.com\/miradordeatarfe.es\/wp-content\/uploads\/2022\/04\/IMG_1165.jpg?resize=640%2C460&#038;ssl=1\" alt=\"\" width=\"640\" height=\"460\" srcset=\"https:\/\/i0.wp.com\/miradordeatarfe.es\/wp-content\/uploads\/2022\/04\/IMG_1165.jpg?w=1125&amp;ssl=1 1125w, https:\/\/i0.wp.com\/miradordeatarfe.es\/wp-content\/uploads\/2022\/04\/IMG_1165.jpg?resize=300%2C215&amp;ssl=1 300w, https:\/\/i0.wp.com\/miradordeatarfe.es\/wp-content\/uploads\/2022\/04\/IMG_1165.jpg?resize=1024%2C735&amp;ssl=1 1024w, https:\/\/i0.wp.com\/miradordeatarfe.es\/wp-content\/uploads\/2022\/04\/IMG_1165.jpg?resize=768%2C552&amp;ssl=1 768w\" sizes=\"auto, (max-width: 640px) 100vw, 640px\" \/><\/a><\/p>\n<p align=\"JUSTIFY\"><span style=\"font-family: Arial, serif;\"><span style=\"font-size: medium;\">Pero no s\u00f3lo de guerreras vive el duatl\u00f3n, en Chiclana toda la expedici\u00f3n de la Escuela de Triatlon brill\u00f3 a gran altura. Santi N\u00fa\u00f1ez e Iv\u00e1n Montoro consiguen sendos segundos puestos en alev\u00edn y benjam\u00edn. Abril rodr\u00edguez quinta, Sandro Ramos sexto, Samuel Montoro noveno, Manu Torres, 13\u00aa. Todos ellos dieron una lecci\u00f3n de pundonor y compa\u00f1erismo, se\u00f1as de la Escuela.\u00a0<\/span><\/span><\/p>\n<p align=\"JUSTIFY\"><span style=\"font-family: Arial, serif;\"><span style=\"font-size: medium;\">Por su parte los atletas inician temporada estival con la primera etapa del XX Circuito Provincial de Atletismo Pista N\u00fa\u00f1ez Blanca que se celebra en Guadix y cuya siguiente escala recalar\u00e1 el pr\u00f3ximo 7 de mayo en nuestra pista del Polideportivo Primero de Mayo. Multitud de ni\u00f1os\/as de la Escuela del Ciudad Atarfe disfrutando de su primera experiencia atl\u00e9tica y los m\u00e1s experimentados iniciando temporada, el espect\u00e1culo nos visitar\u00e1 en un par de semanas, no se lo pierdan. <\/span><\/span><\/p>\n<p align=\"JUSTIFY\"><span style=\"font-family: Arial, serif;\"><span style=\"font-size: medium;\">Los adultos se citan en una nueva entrega del Gran Premio de Fondo 2022 Universo Lorca visitando la costera Salobre\u00f1a. El Ciudad Atarfe presenta siete atletas destacando el primer puesto de Beatriz Quevedo en Master A; el Triatarfe presenta dos deportistas 2 con Sergio Granados 32 en master C, mientras el Monta\u00f1a Atarfe con cuatro corredores y destacando Felisa Gonz\u00e1lez Sierra octava en Master E.<\/span><\/span><\/p>\n<p align=\"JUSTIFY\"><span style=\"font-family: Arial, serif;\"><span style=\"font-size: medium;\">Y para terminar el buscando a Wally de la semana que nos lleva hasta la capital del reino donde se ha celebrado el<\/span><\/span><span style=\"color: #111111;\"><span style=\"font-family: Arial, serif;\"><span style=\"font-size: medium;\">\u00a0Rock \u2018n\u2019 Roll Running Series Madrid c<\/span><\/span><\/span><span style=\"color: #000000;\"><span style=\"font-family: Arial, serif;\"><span style=\"font-size: medium;\">on 3 distancias, Marat\u00f3n, Media Marat\u00f3n y 10K y muchos atarfe\u00f1os entre los 39.000 participantes. <\/span><\/span><\/span><\/p>\n<p align=\"JUSTIFY\"><a href=\"https:\/\/i0.wp.com\/miradordeatarfe.es\/wp-content\/uploads\/2022\/04\/IMG_1163.jpg?ssl=1\"><img data-recalc-dims=\"1\" loading=\"lazy\" decoding=\"async\" class=\"alignnone size-full wp-image-53923\" src=\"https:\/\/i0.wp.com\/miradordeatarfe.es\/wp-content\/uploads\/2022\/04\/IMG_1163.jpg?resize=640%2C494&#038;ssl=1\" alt=\"\" width=\"640\" height=\"494\" srcset=\"https:\/\/i0.wp.com\/miradordeatarfe.es\/wp-content\/uploads\/2022\/04\/IMG_1163.jpg?w=1125&amp;ssl=1 1125w, https:\/\/i0.wp.com\/miradordeatarfe.es\/wp-content\/uploads\/2022\/04\/IMG_1163.jpg?resize=300%2C231&amp;ssl=1 300w, https:\/\/i0.wp.com\/miradordeatarfe.es\/wp-content\/uploads\/2022\/04\/IMG_1163.jpg?resize=1024%2C790&amp;ssl=1 1024w, https:\/\/i0.wp.com\/miradordeatarfe.es\/wp-content\/uploads\/2022\/04\/IMG_1163.jpg?resize=768%2C593&amp;ssl=1 768w\" sizes=\"auto, (max-width: 640px) 100vw, 640px\" \/><\/a><\/p>\n<p align=\"JUSTIFY\"><span style=\"color: #000000;\">\u00a0<\/span><\/p>\n","protected":false},"excerpt":{"rendered":"<p>Este fin de semana se ha confirmado algo que ya resultaba evidente, \u201clas chicas son&#8230;<\/p>\n","protected":false},"author":1,"featured_media":53922,"comment_status":"closed","ping_status":"closed","sticky":false,"template":"","format":"standard","meta":{"_coblocks_attr":"","_coblocks_dimensions":"","_coblocks_responsive_height":"","_coblocks_accordion_ie_support":"","jetpack_post_was_ever_published":false,"_jetpack_newsletter_access":"","_jetpack_dont_email_post_to_subs":false,"_jetpack_newsletter_tier_id":0,"_jetpack_memberships_contains_paywalled_content":false,"_jetpack_memberships_contains_paid_content":false,"footnotes":"","jetpack_publicize_message":"","jetpack_publicize_feature_enabled":true,"jetpack_social_post_already_shared":true,"jetpack_social_options":{"image_generator_settings":{"template":"highway","default_image_id":0,"enabled":false},"version":2}},"categories":[2,1161,182,6915,44,15],"tags":[81,85,123],"class_list":["post-53919","post","type-post","status-publish","format-standard","has-post-thumbnail","hentry","category-atarfe","category-ciudadania","category-deportes","category-opinion-de-manuel-jimenez","category-noticias-de-hoy","category-ultimas-noticias","tag-atarfe","tag-atletismo","tag-deportes"],"jetpack_publicize_connections":[],"jetpack_featured_media_url":"https:\/\/i0.wp.com\/miradordeatarfe.es\/wp-content\/uploads\/2022\/04\/IMG_1164.jpg?fit=1125%2C849&ssl=1","jetpack_likes_enabled":true,"jetpack_sharing_enabled":true,"_links":{"self":[{"href":"https:\/\/miradordeatarfe.es\/index.php?rest_route=\/wp\/v2\/posts\/53919","targetHints":{"allow":["GET"]}}],"collection":[{"href":"https:\/\/miradordeatarfe.es\/index.php?rest_route=\/wp\/v2\/posts"}],"about":[{"href":"https:\/\/miradordeatarfe.es\/index.php?rest_route=\/wp\/v2\/types\/post"}],"author":[{"embeddable":true,"href":"https:\/\/miradordeatarfe.es\/index.php?rest_route=\/wp\/v2\/users\/1"}],"replies":[{"embeddable":true,"href":"https:\/\/miradordeatarfe.es\/index.php?rest_route=%2Fwp%2Fv2%2Fcomments&post=53919"}],"version-history":[{"count":2,"href":"https:\/\/miradordeatarfe.es\/index.php?rest_route=\/wp\/v2\/posts\/53919\/revisions"}],"predecessor-version":[{"id":53925,"href":"https:\/\/miradordeatarfe.es\/index.php?rest_route=\/wp\/v2\/posts\/53919\/revisions\/53925"}],"wp:featuredmedia":[{"embeddable":true,"href":"https:\/\/miradordeatarfe.es\/index.php?rest_route=\/wp\/v2\/media\/53922"}],"wp:attachment":[{"href":"https:\/\/miradordeatarfe.es\/index.php?rest_route=%2Fwp%2Fv2%2Fmedia&parent=53919"}],"wp:term":[{"taxonomy":"category","embeddable":true,"href":"https:\/\/miradordeatarfe.es\/index.php?rest_route=%2Fwp%2Fv2%2Fcategories&post=53919"},{"taxonomy":"post_tag","embeddable":true,"href":"https:\/\/miradordeatarfe.es\/index.php?rest_route=%2Fwp%2Fv2%2Ftags&post=53919"}],"curies":[{"name":"wp","href":"https:\/\/api.w.org\/{rel}","templated":true}]}}