{"id":54146,"date":"2022-05-05T10:33:23","date_gmt":"2022-05-05T08:33:23","guid":{"rendered":"https:\/\/miradordeatarfe.es\/?p=54146"},"modified":"2022-05-05T10:33:47","modified_gmt":"2022-05-05T08:33:47","slug":"miguel-rivera-visto-por-lourdes-lopez-por-jose-enrique-granados","status":"publish","type":"post","link":"https:\/\/miradordeatarfe.es\/?p=54146","title":{"rendered":"\u00abMIGUEL RIVERA visto por Lourdes L\u00f3pez\u00bb por Jos\u00e9 Enrique Granados"},"content":{"rendered":"<div class=\"\" dir=\"auto\">\n<div id=\"jsc_c_lg\" class=\"ecm0bbzt hv4rvrfc ihqw7lf3 dati1w0a\" data-ad-comet-preview=\"message\" data-ad-preview=\"message\">\n<div class=\"j83agx80 cbu4d94t ew0dbk1b irj2b8pg\">\n<div class=\"qzhwtbm6 knvmm38d\">\n<div class=\"kvgmc6g5 cxmmr5t8 oygrvhab hcukyx3x c1et5uql ii04i59q\">\n<h3 dir=\"auto\" style=\"text-align: justify;\">El 20 de marzo de 2001, la periodista Lourdes L\u00f3pez, publicaba en IDEAL este reportaje sobre nuestro paisano Miguel Rivera. Lo transcribimos a continuaci\u00f3n, acompa\u00f1\u00e1ndolo con una de las fotograf\u00edas que ilustraba el art\u00edculo.<\/h3>\n<div dir=\"auto\" style=\"text-align: justify;\">\u201cLa ma\u00f1ana amaneci\u00f3 inundada por un deslumbrante sol de primavera. El d\u00eda nos invitaba a proseguir llenando de recuerdos nuestra infinita mochila del tiempo. Un gu\u00eda de excepci\u00f3n nos esperaba al otro lado de Granada, y sin m\u00e1s dilaciones iniciamos nuestra ruta a una bella fortaleza musulmana. Como buenos aventureros llegamos hasta all\u00ed en autob\u00fas y en la \u00faltima parada, impaciente, Miguel Rivera nos indicaba la llegada. Un universo por descubrir se desplegaba ante nuestros ojos, y nosotros, ahora convertidos en arque\u00f3logos de la bella tradici\u00f3n granadina, ten\u00edamos que excavar en los recuerdos de Miguel para conocer sus ra\u00edces, indisolubles a los or\u00edgenes de su lugar de nacimiento, Atarfe. Nuestra principal herramienta para descubrir nuevos tesoros es sin duda la palabra, y qu\u00e9 mejor lugar para el intercambio de experiencias que un casino a la vieja usanza situado en el centro de nuestra nueva ruta. Subiendo unas escaleras embellecidas con objetos que nos retraen a tiempos pasados, llegamos al sal\u00f3n y nos acomodamos en una de las grandes mesas que lo presiden. Su infancia fue el punto de partida, meditativo y emocionado rememor\u00f3 sus tiempos de escolar. \u00abEstudi\u00e9 en el colegio Doctor Jim\u00e9nez Rueda, aqu\u00ed en Atarfe, y lo que m\u00e1s recuerdo de esa etapa es la plazoleta de Santa Adela, porque all\u00ed jugaba con mis amigos al f\u00fatbol; con el bocata en las manos daba patadas al bal\u00f3n y el tiempo se me hac\u00eda de segundos\u00bb.<\/div>\n<div dir=\"auto\" style=\"text-align: justify;\">\u00a0<\/div>\n<div dir=\"auto\" style=\"text-align: justify;\">Desde el lugar donde charl\u00e1bamos tranquilos pod\u00edamos vislumbrar el contorno de esta fortaleza musulmana, su vieja iglesia, sus calles estrechas y alargadas&#8230; Por un momento permanecimos en silencio pensando, quiz\u00e1s, en las tertulias y sensaciones que se habr\u00edan tejido en este lugar a lo largo de los a\u00f1os. Retomamos la charla y Miguel narr\u00f3 sus excursiones a la ermita que atenta vigila el pueblo. \u00abLos fines de semana sol\u00edamos hacer excursiones a la Ermita de los Tres Juanes, a la Atalaya o al Pantano del Cubillas, porque desde all\u00ed pod\u00edamos contemplar la grandeza del paisaje granadino\u00bb. Al escuchar estas palabras no pudimos resistirnos y exhortamos a nuestro compa\u00f1ero para que nos ense\u00f1ase este lugar tan id\u00edlico. La Ermita de los Tres Juanes Una canci\u00f3n de Enrique Morente dio ritmo a nuestra expedici\u00f3n a lo m\u00e1s alto de Atarfe. Introducidos en el coraz\u00f3n de la monta\u00f1a contempl\u00e1bamos extasiados el paisaje del que s\u00f3lo nuestros ojos pod\u00edan ser due\u00f1os. En el camino, el gu\u00eda de este viaje nos comentaba las especies que habitan tan fant\u00e1stico lugar: avestruces, loros ex\u00f3ticos, cacat\u00faas&#8230;<\/div>\n<div dir=\"auto\" style=\"text-align: justify;\">\u00a0<\/div>\n<div dir=\"auto\" style=\"text-align: justify;\">En un principio esc\u00e9pticos, pensamos que se trataba de una broma de nuestro alegre amigo. Pero cu\u00e1l fue nuestra sorpresa que al llegar a la c\u00faspide nos topamos con semejante paisaje. Una vez hubimos contemplado las especies que viven en este rinc\u00f3n, Miguel nos invit\u00f3 a otear las llanuras monta\u00f1osas granadinas que desde el lugar se pueden observar. Unos cuarenta municipios se rinden ante la magnitud de la ermita. El d\u00eda era caluroso y la sed se hab\u00eda apoderado de nuestras gargantas, as\u00ed que decidimos pararnos en el restaurante que se asienta en esta zona. Un mosaico situado en la entrada incitaba a su lectura. En \u00e9l, unos versos describ\u00edan la esencia de Atarfe: \u00abEs un singular conjunto donde los relojes se paran para inspirar con su belleza los sentimientos del alma\u00bb. La poes\u00eda que dimana este singular pueblo congel\u00f3 el tiempo y cuando quisimos darnos cuenta el sol apuntaba la llegada del mediod\u00eda. El momento apropiado para degustar los exquisitos platos que se cocinan en este lugar. Un gazpacho fresquito y de postre las famosas flores, un dulce tan especial como su nombre.<\/div>\n<div dir=\"auto\" style=\"text-align: justify;\">Salmorejo Cortao.<\/div>\n<div dir=\"auto\" style=\"text-align: justify;\">\u00a0<\/div>\n<div dir=\"auto\" style=\"text-align: justify;\">Miguel es un gran amante del arte gastron\u00f3mico; tal es su pasi\u00f3n que con la compa\u00f1\u00eda de un grupo de amigos decidieron construir los cimientos de una pe\u00f1a gastron\u00f3mica cuyo nombre, Salmorejo Cortao, tiene una anecd\u00f3tica historia que sonriente nos relata: \u00abTen\u00edamos dos opciones para denominar la pe\u00f1a, salmorejo y palo cortao. Hubo una votaci\u00f3n y como sali\u00f3 mitad y mitad, al final se qued\u00f3 con Salmorejo Cortao. Desafortunadamente, y por motivos laborales, en la actualidad ya no formo parte de ella\u00bb. Para seguir dibujando nuestro peculiar mapa de Atarfe necesit\u00e1bamos conocer los d\u00edas en los que este lugar se colorea de tradici\u00f3n con sus fiestas t\u00edpicas. En la estaci\u00f3n estival, cuando Santiago y Santa Ana celebran su santoral, las calles se llenan de lugare\u00f1os y visitantes que disfrutan de las actividades organizadas para tan importante evento. Las fiestas se viven m\u00e1s sobre todo cuando eres ni\u00f1o y Miguel de peque\u00f1ito las viv\u00eda intensamente: \u00abJugaba a la cuca\u00f1a, me embelesaba con los gigantes y cabezudos y sobre todo disfrutaba en los campeonatos de baloncesto\u00bb. Pero un pueblo tan vinculado al mundo taurino no pod\u00eda prescindir de la fiesta nacional por excelencia el d\u00eda de su celebraci\u00f3n. Dos novilladas, una con picadores y la otra sin estos, perfilan y engrandecen la conmemoraci\u00f3n de sus patrones.<\/div>\n<div dir=\"auto\" style=\"text-align: justify;\">\u00a0<\/div>\n<div dir=\"auto\" style=\"text-align: justify;\">La tarde nos sorprendi\u00f3 en la antigua ermita y tomando un sabroso caf\u00e9 continuamos nuestra andanza por las galer\u00edas de la existencia de nuestro acompa\u00f1ante. Una vida que alcanz\u00f3 su plenitud hace un a\u00f1o, al nacer su primog\u00e9nito, tambi\u00e9n llamado Miguel. Su voz se llena de ternura y orgullo cuando nos describe a su hijo: \u00abEs muy dormil\u00f3n y tranquilo; ahora est\u00e1 descubriendo el mundo y tiene a toda la familia loca corriendo detr\u00e1s de \u00e9l\u00bb. Adem\u00e1s, confes\u00f3 que \u00abser padre ha sido para m\u00ed una experiencia que no se iguala a ninguna otra; es algo que forma parte de ti y de la persona a la que quieres\u00bb. Con estas dulces palabras nuestro viaje llegaba a su final, con la satisfacci\u00f3n de haber encontrado el tesoro que est\u00e1bamos buscando, un paraje ar\u00e1bigo en el que el tiempo se eterniza. Cerramos nuestra mochila e iniciamos nuestro regreso a la ciudad convencidos de que en nuestro \u00e1lbum de recuerdos Atarfe tiene un lugar m\u00e1s que privilegiado.\u201d<\/div>\n<div dir=\"auto\" style=\"text-align: justify;\">\u00a0<\/div>\n<\/div>\n<div class=\"cxmmr5t8 oygrvhab hcukyx3x c1et5uql o9v6fnle ii04i59q\">\n<div dir=\"auto\">Curiosidades elvirenses<\/div>\n<\/div>\n<\/div>\n<\/div>\n<\/div>\n<\/div>\n","protected":false},"excerpt":{"rendered":"<p>El 20 de marzo de 2001, la periodista Lourdes L\u00f3pez, publicaba en IDEAL este reportaje&#8230;<\/p>\n","protected":false},"author":1,"featured_media":54147,"comment_status":"closed","ping_status":"closed","sticky":false,"template":"","format":"standard","meta":{"_coblocks_attr":"","_coblocks_dimensions":"","_coblocks_responsive_height":"","_coblocks_accordion_ie_support":"","jetpack_post_was_ever_published":false,"_jetpack_newsletter_access":"","_jetpack_dont_email_post_to_subs":false,"_jetpack_newsletter_tier_id":0,"_jetpack_memberships_contains_paywalled_content":false,"_jetpack_memberships_contains_paid_content":false,"footnotes":"","jetpack_publicize_message":"","jetpack_publicize_feature_enabled":true,"jetpack_social_post_already_shared":false,"jetpack_social_options":{"image_generator_settings":{"template":"highway","default_image_id":0,"enabled":false},"version":2}},"categories":[2,1161,182,186,38,44,6539,15],"tags":[],"class_list":["post-54146","post","type-post","status-publish","format-standard","has-post-thumbnail","hentry","category-atarfe","category-ciudadania","category-deportes","category-instituciones","category-opinion-de-jose-enrique-granados","category-noticias-de-hoy","category-personajes-de-ataref","category-ultimas-noticias"],"jetpack_publicize_connections":[],"jetpack_featured_media_url":"https:\/\/i0.wp.com\/miradordeatarfe.es\/wp-content\/uploads\/2022\/05\/278755234_383947013738787_5594180948073171148_n.jpg?fit=1065%2C683&ssl=1","jetpack_likes_enabled":true,"jetpack_sharing_enabled":true,"_links":{"self":[{"href":"https:\/\/miradordeatarfe.es\/index.php?rest_route=\/wp\/v2\/posts\/54146","targetHints":{"allow":["GET"]}}],"collection":[{"href":"https:\/\/miradordeatarfe.es\/index.php?rest_route=\/wp\/v2\/posts"}],"about":[{"href":"https:\/\/miradordeatarfe.es\/index.php?rest_route=\/wp\/v2\/types\/post"}],"author":[{"embeddable":true,"href":"https:\/\/miradordeatarfe.es\/index.php?rest_route=\/wp\/v2\/users\/1"}],"replies":[{"embeddable":true,"href":"https:\/\/miradordeatarfe.es\/index.php?rest_route=%2Fwp%2Fv2%2Fcomments&post=54146"}],"version-history":[{"count":1,"href":"https:\/\/miradordeatarfe.es\/index.php?rest_route=\/wp\/v2\/posts\/54146\/revisions"}],"predecessor-version":[{"id":54148,"href":"https:\/\/miradordeatarfe.es\/index.php?rest_route=\/wp\/v2\/posts\/54146\/revisions\/54148"}],"wp:featuredmedia":[{"embeddable":true,"href":"https:\/\/miradordeatarfe.es\/index.php?rest_route=\/wp\/v2\/media\/54147"}],"wp:attachment":[{"href":"https:\/\/miradordeatarfe.es\/index.php?rest_route=%2Fwp%2Fv2%2Fmedia&parent=54146"}],"wp:term":[{"taxonomy":"category","embeddable":true,"href":"https:\/\/miradordeatarfe.es\/index.php?rest_route=%2Fwp%2Fv2%2Fcategories&post=54146"},{"taxonomy":"post_tag","embeddable":true,"href":"https:\/\/miradordeatarfe.es\/index.php?rest_route=%2Fwp%2Fv2%2Ftags&post=54146"}],"curies":[{"name":"wp","href":"https:\/\/api.w.org\/{rel}","templated":true}]}}