{"id":5436,"date":"2015-12-19T07:07:00","date_gmt":"2015-12-19T07:07:00","guid":{"rendered":"http:\/\/miradordeatarfe.es\/?p=5436"},"modified":"2016-02-25T11:06:18","modified_gmt":"2016-02-25T11:06:18","slug":"la-explicacion-de-por-que-solo-las-mujeres-estan-incluidas-en-la-ley-de-violencia-de-genero","status":"publish","type":"post","link":"https:\/\/miradordeatarfe.es\/?p=5436","title":{"rendered":"La explicaci\u00f3n de por qu\u00e9 solo las mujeres est\u00e1n incluidas en la Ley de Violencia de G\u00e9nero"},"content":{"rendered":"<p>La <strong>violencia machista<\/strong> ha pasado de ser algo exclusivo del \u00e1mbito privado a formar parte del debate p\u00fablico. No obstante, a pesar de que la sociedad cada vez est\u00e1 m\u00e1s concienciada con este problema, es un tema que siempre es fruto de controversia.<\/p>\n<div class=\"entry-content\">\n<p><!--more--><\/p>\n<p>Las cifras de mujeres asesinadas en Espa\u00f1a van aumentando a un ritmo vertiginoso, pero nunca faltan las voces contrarias que tratan de equiparar estas muertes con las <strong>denuncias falsas<\/strong> por malos tratos, que sin duda hay que erradicar, pero que corresponden solo el <strong>0,018%<\/strong> de las interpuestas. A estoy hay que sumar la pol\u00e9mica generada por las propuestas del partido\u00a0<strong>Ciudadanos<\/strong> en materia de Igualdad, en concreto por la medida que pretende <strong>modificar la Ley de Violencia de G\u00e9nero<\/strong> para incluir en ella los delitos de violencia dom\u00e9stica, quitando el agravante penal por violencia de g\u00e9nero.<\/p>\n<p>Son muchos los que aplauden esta decisi\u00f3n porque creen que la violencia no tiene g\u00e9nero. Sin embargo, est\u00e1 comprobado que no es as\u00ed y que las mujeres son v\u00edctimas de un problema enquistado en la estructura social.<\/p>\n<div id=\"attachment_1023\" class=\"wp-caption alignnone\" data-shortcode=\"caption\">\n<p><img decoding=\"async\" class=\"alignnone size-full wp-image-1023\" src=\"https:\/\/hombresmujeresyfeminismo.files.wordpress.com\/2015\/12\/violence-against-women.jpg?w=640\" alt=\"violence against women\" \/><\/p>\n<p class=\"wp-caption-text\"><em>Fuente: <a href=\"https:\/\/twitter.com\/PalomboArtist\" target=\"_blank\">@PalomboArtist<\/a><\/em><\/p>\n<\/div>\n<p><strong>\u00bfQU\u00c9 ES LA VIOLENCIA\u00a0MACHISTA?<\/strong><br \/>\nLa violencia machista es aquella violencia que <strong>se ejerce contra las mujeres por raz\u00f3n de g\u00e9nero<\/strong>. Es, por tanto, una problem\u00e1tica social que tiene como base el sistema patriarcal presente\u00a0desde los inicios de la Historia y que defiende la superioridad del var\u00f3n frente a la mujer, considerado el \u2018sexo d\u00e9bil\u2019.<\/p>\n<p><strong>\u00bfCU\u00c1L ES LA CAUSA?<\/strong><br \/>\nLa causa principal de la violencia machista es el <strong>patriarcado<\/strong>, un sistema que se basa en la supremac\u00eda de los hombres sobre las mujeres. Por ello, un hombre se siente con el derecho y el poder de maltratar a una mujer por el simple hecho de ser mujer. <strong>La violencia de g\u00e9nero es una forma de perpetuar una relaci\u00f3n de poder<\/strong>, un ejercicio de dominaci\u00f3n.<\/p>\n<p><strong>POR TANTO, \u00bfQUI\u00c9NES SON LAS V\u00cdCTIMAS?<\/strong><br \/>\nLas v\u00edctimas de la violencia machista son las <strong>mujeres<\/strong>. Las f\u00e9minas son las que han estado oprimidas por el patriarcado, las que han sido discriminadas por su condici\u00f3n de mujeres, las que han sufrido -y sufren- abusos y violencia por ser consideradas inferiores.<\/p>\n<p><strong>PERO, \u00bfY LOS HOMBRES?<\/strong><br \/>\nLos hombres no son v\u00edctimas de la violencia machista. Esto no quiere decir que no haya\u00a0mujeres que maltraten a sus parejas masculinas,\u00a0pero NO por una cuesti\u00f3n de g\u00e9nero. Que no se incluya <strong>el<\/strong><strong>maltrato hacia los varones<\/strong> en la Ley de Violencia de G\u00e9nero no es un sin\u00f3nimo de que los hombres est\u00e9n desprotegidos, pues el maltrato hacia los hombres debe condenarse dura y contundentemente, pero l\u00f3gicamente <strong>no se puede enmarcar en una ley espec\u00edfica<\/strong> para unos delitos concretos que son los que se producen por raz\u00f3n de g\u00e9nero. De la misma forma, los delitos de odio contra personas de otra raza o causados por la xenofobia tambi\u00e9n deben distinguirse de los homicidios comunes, pues el racismo y la xenofobia -al igual que el g\u00e9nero- son agravantes de un tipo de violencia concreto que precisa de medidas espec\u00edficas.<\/p>\n<p><em>\u201cDa igual de qui\u00e9n provenga, la violencia es violencia\u201d<\/em>: <strong>ERROR<\/strong>. No da igual. La violencia hay que condenarla provenga de qui\u00e9n provenga, eso es cierto, pero no de la misma forma. Para eliminar el machismo y desmontar el patriarcado se necesitan <strong>medidas concretas<\/strong>, que comienzan en la educaci\u00f3n y pasan por la protecci\u00f3n de las v\u00edctimas y las condenas.\u00a0Lo mismo sucede con los delitos por razones como el racismo o la homofobia: precisan soluciones determinadas para poder atajar el problema de forma eficaz.<\/p>\n<p>No obstante, me gustar\u00eda concluir\u00a0con la clara explicaci\u00f3n sobre violencia machista que ofreci\u00f3 <strong>Alberto Garz\u00f3n<\/strong>, l\u00edder de Izquierda Unida, en el debate electoral a 9 emitido en TVE:<\/p>\n<p><em>\u201cLa violencia machista es machista porque, evidentemente, se inscribe en un sistema que es el patriarcado en el que <strong>hay una opresi\u00f3n del hombre hacia la mujer que no es solo f\u00edsica<\/strong>, sino que puede ser sexual, psicol\u00f3gica e incluso est\u00e1 inscrita en el propio lenguaje. <strong>Este tipo de cuestiones est\u00e1n inscritas dentro de un elemento cultural que es el patriarcado<\/strong> y, por lo tanto, tenemos que hacer un proceso que reconozca para empezar que hay una opresi\u00f3n de la mujer por parte del hombre. Y si no partimos de ah\u00ed, entonces evidentemente no se estar\u00e1 de acuerdo con la discriminaci\u00f3n positiva, pero <strong>yo s\u00ed estoy de acuerdo con la discriminaci\u00f3n positiva porque partimos de una desigualdad<\/strong> que se produce a todos los niveles y que hay que elaborar una cultura de la sostenibilidad de la vida, una cultura feminista y del propio planeta desde peque\u00f1os\u201d.<\/em><\/p>\n<p>&nbsp;<\/p>\n<\/div>\n<p>&nbsp;<\/p>\n<div class=\"entry-meta\"><span class=\"meta-prep meta-prep-author\">Publicado el<\/span> <a title=\"4:37 pm\" href=\"https:\/\/hombresmujeresyfeminismo.wordpress.com\/2015\/12\/10\/la-explicacion-de-porque-solo-las-mujeres-estan-incluidas-en-la-ley-de-violencia-de-genero\/\" rel=\"bookmark\"><span class=\"entry-date\">diciembre 10, 2015<\/span><\/a> <span class=\"by-author\"><span class=\"sep\"> por<\/span> <span class=\"author vcard\"><a class=\"url fn n\" title=\"Lee todas las entradas de Lidia Ba\u00f1os\" href=\"https:\/\/hombresmujeresyfeminismo.wordpress.com\/author\/lidiabanos\/\" rel=\"author\">Lidia Ba\u00f1os<\/a><\/span> <\/span><\/div>\n<div class=\"entry-content\"><\/div>\n","protected":false},"excerpt":{"rendered":"<p>La violencia machista ha pasado de ser algo exclusivo del \u00e1mbito privado a formar parte&#8230;<\/p>\n","protected":false},"author":1,"featured_media":5437,"comment_status":"closed","ping_status":"closed","sticky":false,"template":"","format":"standard","meta":{"_coblocks_attr":"","_coblocks_dimensions":"","_coblocks_responsive_height":"","_coblocks_accordion_ie_support":"","jetpack_post_was_ever_published":false,"_jetpack_newsletter_access":"","_jetpack_dont_email_post_to_subs":false,"_jetpack_newsletter_tier_id":0,"_jetpack_memberships_contains_paywalled_content":false,"_jetpack_memberships_contains_paid_content":false,"footnotes":"","jetpack_publicize_message":"","jetpack_publicize_feature_enabled":true,"jetpack_social_post_already_shared":false,"jetpack_social_options":{"image_generator_settings":{"template":"highway","default_image_id":0,"enabled":false},"version":2}},"categories":[14,1],"tags":[562,219,214],"class_list":["post-5436","post","type-post","status-publish","format-standard","has-post-thumbnail","hentry","category-feminismo","category-uncategorized","tag-machismo","tag-sociedad-patriarcal","tag-violencia-de-genero"],"jetpack_publicize_connections":[],"jetpack_featured_media_url":"https:\/\/i0.wp.com\/miradordeatarfe.es\/wp-content\/uploads\/2015\/12\/CORTA.jpg?fit=268%2C188&ssl=1","jetpack_likes_enabled":true,"jetpack_sharing_enabled":true,"_links":{"self":[{"href":"https:\/\/miradordeatarfe.es\/index.php?rest_route=\/wp\/v2\/posts\/5436","targetHints":{"allow":["GET"]}}],"collection":[{"href":"https:\/\/miradordeatarfe.es\/index.php?rest_route=\/wp\/v2\/posts"}],"about":[{"href":"https:\/\/miradordeatarfe.es\/index.php?rest_route=\/wp\/v2\/types\/post"}],"author":[{"embeddable":true,"href":"https:\/\/miradordeatarfe.es\/index.php?rest_route=\/wp\/v2\/users\/1"}],"replies":[{"embeddable":true,"href":"https:\/\/miradordeatarfe.es\/index.php?rest_route=%2Fwp%2Fv2%2Fcomments&post=5436"}],"version-history":[{"count":2,"href":"https:\/\/miradordeatarfe.es\/index.php?rest_route=\/wp\/v2\/posts\/5436\/revisions"}],"predecessor-version":[{"id":7077,"href":"https:\/\/miradordeatarfe.es\/index.php?rest_route=\/wp\/v2\/posts\/5436\/revisions\/7077"}],"wp:featuredmedia":[{"embeddable":true,"href":"https:\/\/miradordeatarfe.es\/index.php?rest_route=\/wp\/v2\/media\/5437"}],"wp:attachment":[{"href":"https:\/\/miradordeatarfe.es\/index.php?rest_route=%2Fwp%2Fv2%2Fmedia&parent=5436"}],"wp:term":[{"taxonomy":"category","embeddable":true,"href":"https:\/\/miradordeatarfe.es\/index.php?rest_route=%2Fwp%2Fv2%2Fcategories&post=5436"},{"taxonomy":"post_tag","embeddable":true,"href":"https:\/\/miradordeatarfe.es\/index.php?rest_route=%2Fwp%2Fv2%2Ftags&post=5436"}],"curies":[{"name":"wp","href":"https:\/\/api.w.org\/{rel}","templated":true}]}}