{"id":54464,"date":"2022-05-29T08:52:08","date_gmt":"2022-05-29T06:52:08","guid":{"rendered":"https:\/\/miradordeatarfe.es\/?p=54464"},"modified":"2022-05-25T14:07:01","modified_gmt":"2022-05-25T12:07:01","slug":"la-propuesta-medioambiental-que-apoyan-intelectuales-como-chomsky-o-klein","status":"publish","type":"post","link":"https:\/\/miradordeatarfe.es\/?p=54464","title":{"rendered":"La propuesta medioambiental que apoyan intelectuales como Chomsky o Klein"},"content":{"rendered":"<div class=\"td-post-template-8-box\">\n<div class=\"td-container\">\n<div class=\"td-pb-row\">\n<div class=\"td-pb-span8 td-main-content\" role=\"main\">\n<div class=\"td-ss-main-content\">\n<h3 class=\"td-post-content\">Este jueves, un grupo de intelectuales integrado por Noam Chomsky, Naomi Klein, Boaventura de Sousa Santos, Tasneem Essop, Avi Lewis, Arturo Escobar, entre otros, publican una<a href=\"https:\/\/www.colombia-sin-fosiles.org\/\" rel=\"external noopener noreferrer\" data-wpel-link=\"external\"><strong><em>\u00a0carta<\/em><\/strong>\u00a0<\/a>en la que apoyan algunos puntos contemplados en la propuesta de transici\u00f3n energ\u00e9tica del candidato a la presidencia de Colombia, Gustavo Petro, y su f\u00f3rmula vicepresidencial junto a Francia M\u00e1rquez.<\/h3>\n<p style=\"text-align: justify;\">En el documento, los firmantes advierten que\u00a0Colombia\u00a0es el quinto exportador a nivel mundial de\u00a0carb\u00f3n\u00a0\u201cy ha llegado a explotar hasta un mill\u00f3n de\u00a0barriles de petr\u00f3leo\u00a0al d\u00eda\u201d. Con preocupaci\u00f3n, a\u00f1aden que \u201cdebido a la reducci\u00f3n del volumen de reservas, actualmente busca abrir otras fronteras de explotaci\u00f3n mediante\u00a0fracking\u00a0y en aguas profundas del mar Caribe\u201d.<\/p>\n<p style=\"text-align: justify;\">Tambi\u00e9n se\u00f1alan que la extracci\u00f3n de\u00a0combustibles f\u00f3siles\u00a0ha afectado valiosos ecosistemas y ha causado \u201cconflictos socioambientales, derivando en violencia, amedrentamientos y asesinatos de defensoras y defensores del ambiente\u201d.<\/p>\n<p style=\"text-align: justify;\">As\u00ed se propondr\u00eda una transici\u00f3n alejada de los hidrocarburos, que dejar\u00edan de ser el centro neur\u00e1lgico, pese al riesgo latente.<\/p>\n<p style=\"text-align: justify;\">De la propuesta de los candidatos a la presidencia, los firmantes de la carta resaltan factores como \u00abun desescalamiento gradual de la dependencia econ\u00f3mica del petr\u00f3leo y del carb\u00f3n\u00bb.<\/p>\n<p style=\"text-align: justify;\">Tambi\u00e9n abogan por la prohibici\u00f3n de la \u00abexploraci\u00f3n y explotaci\u00f3n de yacimientos no convencionales, se detendr\u00e1n los proyectos piloto de fracking y el desarrollo de yacimientos costa afuera. No se otorgar\u00e1n nuevas licencias para la exploraci\u00f3n de hidrocarburos\u00bb.<\/p>\n<p style=\"text-align: justify;\">Se destinar\u00e1 \u201cla extracci\u00f3n de las reservas actuales de combustibles f\u00f3siles (\u2026) al consumo interno bajo criterios t\u00e9cnicos y socioecon\u00f3micos que permitan una mayor eficiencia en su uso y una mayor tasa de retorno energ\u00e9tico\u201d.<\/p>\n<p style=\"text-align: justify;\">A\u00f1aden que \u201cse trata de una apuesta por otras fuentes de ingresos, muchos de ellos basados en la rica\u00a0biodiversidad del pa\u00eds, que facilitar\u00eda la generaci\u00f3n de condiciones de vida digna para muchas personas, especialmente pueblos ind\u00edgenas, afrocolombianos, campesinos y v\u00edctimas del conflicto armado y de los megaproyectos energ\u00e9ticos\u201d.<\/p>\n<\/div>\n<\/div>\n<\/div>\n<\/div>\n<\/div>\n","protected":false},"excerpt":{"rendered":"<p>Este jueves, un grupo de intelectuales integrado por Noam Chomsky, Naomi Klein, Boaventura de Sousa&#8230;<\/p>\n","protected":false},"author":1,"featured_media":54465,"comment_status":"closed","ping_status":"closed","sticky":false,"template":"","format":"standard","meta":{"_coblocks_attr":"","_coblocks_dimensions":"","_coblocks_responsive_height":"","_coblocks_accordion_ie_support":"","jetpack_post_was_ever_published":false,"_jetpack_newsletter_access":"","_jetpack_dont_email_post_to_subs":false,"_jetpack_newsletter_tier_id":0,"_jetpack_memberships_contains_paywalled_content":false,"_jetpack_memberships_contains_paid_content":false,"footnotes":"","jetpack_publicize_message":"","jetpack_publicize_feature_enabled":true,"jetpack_social_post_already_shared":true,"jetpack_social_options":{"image_generator_settings":{"template":"highway","default_image_id":0,"enabled":false},"version":2}},"categories":[1161,9,44,6937,15,10],"tags":[271,9267],"class_list":["post-54464","post","type-post","status-publish","format-standard","has-post-thumbnail","hentry","category-ciudadania","category-medio-ambiente","category-noticias-de-hoy","category-sociedad","category-ultimas-noticias","category-salud","tag-cambio-climatico","tag-fuentes-de-energia"],"jetpack_publicize_connections":[],"jetpack_featured_media_url":"https:\/\/i0.wp.com\/miradordeatarfe.es\/wp-content\/uploads\/2022\/05\/indice-5.jpg?fit=310%2C163&ssl=1","jetpack_likes_enabled":true,"jetpack_sharing_enabled":true,"_links":{"self":[{"href":"https:\/\/miradordeatarfe.es\/index.php?rest_route=\/wp\/v2\/posts\/54464","targetHints":{"allow":["GET"]}}],"collection":[{"href":"https:\/\/miradordeatarfe.es\/index.php?rest_route=\/wp\/v2\/posts"}],"about":[{"href":"https:\/\/miradordeatarfe.es\/index.php?rest_route=\/wp\/v2\/types\/post"}],"author":[{"embeddable":true,"href":"https:\/\/miradordeatarfe.es\/index.php?rest_route=\/wp\/v2\/users\/1"}],"replies":[{"embeddable":true,"href":"https:\/\/miradordeatarfe.es\/index.php?rest_route=%2Fwp%2Fv2%2Fcomments&post=54464"}],"version-history":[{"count":2,"href":"https:\/\/miradordeatarfe.es\/index.php?rest_route=\/wp\/v2\/posts\/54464\/revisions"}],"predecessor-version":[{"id":54467,"href":"https:\/\/miradordeatarfe.es\/index.php?rest_route=\/wp\/v2\/posts\/54464\/revisions\/54467"}],"wp:featuredmedia":[{"embeddable":true,"href":"https:\/\/miradordeatarfe.es\/index.php?rest_route=\/wp\/v2\/media\/54465"}],"wp:attachment":[{"href":"https:\/\/miradordeatarfe.es\/index.php?rest_route=%2Fwp%2Fv2%2Fmedia&parent=54464"}],"wp:term":[{"taxonomy":"category","embeddable":true,"href":"https:\/\/miradordeatarfe.es\/index.php?rest_route=%2Fwp%2Fv2%2Fcategories&post=54464"},{"taxonomy":"post_tag","embeddable":true,"href":"https:\/\/miradordeatarfe.es\/index.php?rest_route=%2Fwp%2Fv2%2Ftags&post=54464"}],"curies":[{"name":"wp","href":"https:\/\/api.w.org\/{rel}","templated":true}]}}