{"id":54468,"date":"2022-05-30T09:04:46","date_gmt":"2022-05-30T07:04:46","guid":{"rendered":"https:\/\/miradordeatarfe.es\/?p=54468"},"modified":"2022-05-23T14:08:17","modified_gmt":"2022-05-23T12:08:17","slug":"huella-de-consumo-de-espana-la-alimentacion-genera-mas-impacto-ambiental-que-el-coche-la-ropa-o-el-movil","status":"publish","type":"post","link":"https:\/\/miradordeatarfe.es\/?p=54468","title":{"rendered":"Huella de consumo de Espa\u00f1a: la alimentaci\u00f3n genera m\u00e1s impacto ambiental que el coche, la ropa o el m\u00f3vil"},"content":{"rendered":"<h3 class=\"a_st\" style=\"text-align: justify;\">Un trabajo coordinado por el centro de investigaci\u00f3n de la Comisi\u00f3n Europea e impulsado por el ministro Garz\u00f3n concluye que la carne de cerdo, la de vaca y la de pollo son, por este orden, los alimentos que producen m\u00e1s da\u00f1os en el entorno<\/h3>\n<p class=\"\" style=\"text-align: justify;\">\u00bfQu\u00e9 tiene un mayor <a href=\"https:\/\/elpais.com\/noticias\/impacto-ambiental\/\" target=\"_blank\" rel=\"noopener\" data-link-track-dtm=\"\">impacto<\/a> de aquello que consumimos los espa\u00f1oles? Por lo general, se piensa que lo peor para el medio ambiente tiene que ver con tubos de escape de los coches, industrias con chimeneas humeantes o complejos aparatos electr\u00f3nicos. Sin embargo, seg\u00fan una evaluaci\u00f3n de los patrones de consumo en Espa\u00f1a presentada este viernes por el ministerio de Alberto Garz\u00f3n, son los alimentos los que est\u00e1n detr\u00e1s de los mayores impactos ambientales en el pa\u00eds.<\/p>\n<p class=\"\" style=\"text-align: justify;\">El trabajo ha sido coordinado por el <a href=\"https:\/\/ec.europa.eu\/info\/departments\/joint-research-centre_en\" target=\"_blank\" rel=\"noopener\" data-link-track-dtm=\"\">Joint Research Centre (JRC)<\/a>, el centro de investigaci\u00f3n de la Comisi\u00f3n Europea, a petici\u00f3n del Ministerio de Consumo, y eval\u00faa lo que denomina la <a href=\"https:\/\/www.consumo.gob.es\/es\/system\/tdf\/prensa\/Informe_de_Sostenibilidad_del_consumo_en_Espan%CC%83a_EU_MinCon.pdf?file=1&amp;type=node&amp;id=1126&amp;force=\" target=\"_blank\" rel=\"noopener\" data-link-track-dtm=\"\">\u201chuella de consumo de Espa\u00f1a\u201d<\/a> siguiendo la metodolog\u00eda desarrollada por la propia instituci\u00f3n europea. Los c\u00e1lculos se realizan, con datos actualizados hasta 2018, tomando como referencia 164 productos, que son analizados en todo su ciclo de vida teniendo en cuenta no solo las emisiones causantes del cambio clim\u00e1tico o la contaminaci\u00f3n atmosf\u00e9rica, sino una combinaci\u00f3n de 15 indicadores ambientales, entre los que est\u00e1n tambi\u00e9n el uso del agua, el agotamiento de la capa de ozono o la toxicidad humana con efectos cancer\u00edgenos.<\/p>\n<div class=\"raw_html\" style=\"text-align: justify;\">\n<div><iframe id=\"datawrapper-chart-hqsFB\" title=\"Huella del consumo total de Espa\u00f1a por \u00e1reas\" src=\"https:\/\/datawrapper.dwcdn.net\/hqsFB\/1\/\" height=\"126\" frameborder=\"0\" scrolling=\"no\" aria-label=\"Barras apiladas\" data-mce-fragment=\"1\"><\/iframe><\/div>\n<\/div>\n<p class=\"\" style=\"text-align: justify;\">Una de las conclusiones, es que la <a href=\"https:\/\/elpais.com\/noticias\/alimentacion\/\" target=\"_blank\" rel=\"noopener\" data-link-track-dtm=\"\">alimentaci\u00f3n<\/a> supone el 52,1% de la huella de consumo de Espa\u00f1a; seguida de la movilidad (el transporte), que representa el 17,1%; la vivienda (su construcci\u00f3n y los consumos asociados), con el 16,2%; los bienes del hogar (ropa, calzado, mobiliario), con el 9,6%; y los electrodom\u00e9sticos (que incluye diferentes aparatos electr\u00f3nicos, como el m\u00f3vil), con el 5,1%.<\/p>\n<p class=\"\" style=\"text-align: justify;\">Resulta imposible no asociar los resultados de esta evaluaci\u00f3n con pasadas pol\u00e9micas surgidas en torno a declaraciones del ministro Garz\u00f3n por se\u00f1alar el impacto ambiental de <a href=\"https:\/\/elpais.com\/economia\/2021-07-08\/planas-afea-a-garzon-su-campana-contra-el-consumo-de-carne-roja.html#?rel=listaapoyo\" target=\"_blank\" rel=\"noopener\" data-link-track-dtm=\"\">la carne<\/a> o <a href=\"https:\/\/elpais.com\/clima-y-medio-ambiente\/2022-01-12\/claves-de-la-polemica-de-las-macrogranjas-en-espana-cuales-son-sus-efectos-negativos-que-dijo-exactamente-garzon.html\" target=\"_blank\" rel=\"noopener\" data-link-track-dtm=\"\">las macrogranjas<\/a>. Pues, dentro de la alimentaci\u00f3n, el trabajo identifica los productos de origen animal (carnes y l\u00e1cteos) como los que tienen unos mayores impactos, relacionados sobre todo con las emisiones y la transformaci\u00f3n del suelo en campos de cultivo (una importante causa de deforestaci\u00f3n y p\u00e9rdida de biodiversidad) en la producci\u00f3n de piensos utilizados en la ganader\u00eda. Espec\u00edficamente, entre los alimentos, los que salen peor parados con diferencia son, por este orden, la carne de cerdo, la de vaca y la de pollo.<\/p>\n<div class=\"raw_html\" style=\"text-align: justify;\">\n<div><iframe id=\"datawrapper-chart-VGyNi\" title=\"Huella Consumo total de Espa\u00f1a por \u00e1reas e impactos\" src=\"https:\/\/datawrapper.dwcdn.net\/VGyNi\/1\/\" height=\"829\" frameborder=\"0\" scrolling=\"no\" aria-label=\"C\u00edrculos m\u00faltiples\" data-mce-fragment=\"1\"><\/iframe><\/div>\n<\/div>\n<p class=\"\" style=\"text-align: justify;\">Dentro del apartado de movilidad, los medios de transporte que m\u00e1s contribuyen a la huella de consumo de Espa\u00f1a seg\u00fan este \u00edndice son los turismos di\u00e9sel, los de gasolina y el transporte a\u00e9reo continental. Aparte de la contaminaci\u00f3n que generan, los coches di\u00e9sel aparecen los primeros por ser m\u00e1s numerosos en el parque de veh\u00edculos del pa\u00eds en los a\u00f1os analizados. No se incluyen aqu\u00ed los camiones, porque el transporte de mercanc\u00eda se contabiliza dentro del an\u00e1lisis de ciclo de vida de cada producto concreto.<\/p>\n<p class=\"\" style=\"text-align: justify;\">En lo que respecta a las viviendas, la evaluaci\u00f3n considera que las casas con m\u00e1s peso en la huella de consumo del pa\u00eds son las multifamiliares construidas respectivamente entre 1970-1989, antes del 1945 y posteriores a 2010, as\u00ed como las unifamiliares de los a\u00f1os 1970-1989. Esto tiene que ver con la superficie construida esos a\u00f1os, los materiales empleados, la eficiencia energ\u00e9tica, el tiempo de uso o el n\u00famero de edificaciones existentes.<\/p>\n<p class=\"\" style=\"text-align: justify;\">Dentro de los bienes del hogar, los productos que aparecen con mayor impacto son la ropa y los muebles, seguidos de los detergentes y los art\u00edculos de papel. M\u00e1s en detalle, los tres productos del hogar con m\u00e1s peso en la huella de consumo de 2018 son las camisetas, los detergentes para la ropa y los muebles para el dormitorio.<\/p>\n<p class=\"\" style=\"text-align: justify;\">Por \u00faltimo, en la categor\u00eda de los electrodom\u00e9sticos, el aparato que aparece con mayor huella es la televisi\u00f3n, seguida de la nevera, el ordenador port\u00e1til, el tel\u00e9fono m\u00f3vil y el horno.<\/p>\n<p class=\"\" style=\"text-align: justify;\">Anteriormente, el Joint Research Centre ya hab\u00eda realizado <a href=\"https:\/\/publications.jrc.ec.europa.eu\/repository\/handle\/JRC114814\" data-link-track-dtm=\"\">una evaluaci\u00f3n de este tipo para el conjunto de la Uni\u00f3n Europea<\/a>. No obstante, esta es la primera vez que se calcula la huella de consumo para un pa\u00eds en concreto, tras ser solicitado por el departamento de Garz\u00f3n. Si se comparan los resultados del trabajo de ahora con el que se llev\u00f3 a cabo para el conjunto de la UE, se ve que la huella de consumo per c\u00e1pita de Espa\u00f1a est\u00e1 por encima de la media europea en las categor\u00edas de alimentaci\u00f3n (+26,3%) y electrodom\u00e9sticos (+4,9%), y por debajo en las de vivienda (-29,0%), bienes del hogar (-15,3%) y movilidad (-5,5%).<\/p>\n<p class=\"\" style=\"text-align: justify;\">La evaluaci\u00f3n presentada este viernes tambi\u00e9n analiza qu\u00e9 efectos tienen distintos cambios de h\u00e1bitos para reducir esta huella de consumo en Espa\u00f1a. En el caso de la comida, el trabajo se\u00f1ala que la sustituci\u00f3n parcial de carnes y l\u00e1cteos en la dieta por otros alimentos a base de cereales, legumbres y huevos puede reducir el impacto generado en todos los indicadores ambientales.<\/p>\n<p class=\"\" style=\"text-align: justify;\">Si se analiza solamente lo que se produce dentro de Espa\u00f1a, el trabajo constata una reducci\u00f3n m\u00e1s o menos continua de los impactos ambientales internos entre 2010 y 2018. No obstante, en el c\u00e1lculo de la huella de consumo del pa\u00eds se incluyen los impactos en el exterior de aquellos productos que se fabrican en otros pa\u00edses pero que se consumen aqu\u00ed. En este caso, la tendencia es justo la contraria, con una fuerte subida a partir de 2013, tras los a\u00f1os de crisis econ\u00f3mica.<\/p>\n<p><a class=\"a_md_a_n\" title=\"Ver todas las noticias de Clemente \u00c1lvarez\" href=\"https:\/\/elpais.com\/autor\/clemente-alvarez\/#?rel=author_top\"><strong>Clemente \u00c1lvarez<\/strong><\/a><\/p>\n<header class=\"a_e _g _g-xs\">\n<div class=\"a_e_m\">\n<figure class=\"a_m a_m-h\"><figcaption class=\"a_m_p\">FOTO: Cerdos en una macrogranja en Espa\u00f1a.<span class=\"a_m_m\">Pedro Armestre \/ Greenpeace<\/span><\/figcaption><\/figure>\n<\/div>\n<\/header>\n<div class=\"a_md _g _g-xs \">\n<figure class=\"a_md_i a_m-h\"><span class=\"a_m_w _db\">https:\/\/elpais.com\/clima-y-medio-ambiente\/2022-05-20\/huella-de-consumo-de-espana-la-alimentacion-genera-mas-impacto-ambiental-que-el-coche-la-ropa-o-el-movil.html<\/span><\/figure>\n<div class=\"a_md_txt\">\n<div class=\"a_md_a\" data-dtm-region=\"articulo_firma\">\u00a0<\/div>\n<\/div>\n<\/div>\n","protected":false},"excerpt":{"rendered":"<p>Un trabajo coordinado por el centro de investigaci\u00f3n de la Comisi\u00f3n Europea e impulsado por&#8230;<\/p>\n","protected":false},"author":1,"featured_media":54469,"comment_status":"closed","ping_status":"closed","sticky":false,"template":"","format":"standard","meta":{"_coblocks_attr":"","_coblocks_dimensions":"","_coblocks_responsive_height":"","_coblocks_accordion_ie_support":"","jetpack_post_was_ever_published":false,"_jetpack_newsletter_access":"","_jetpack_dont_email_post_to_subs":false,"_jetpack_newsletter_tier_id":0,"_jetpack_memberships_contains_paywalled_content":false,"_jetpack_memberships_contains_paid_content":false,"footnotes":"","jetpack_publicize_message":"","jetpack_publicize_feature_enabled":true,"jetpack_social_post_already_shared":true,"jetpack_social_options":{"image_generator_settings":{"template":"highway","default_image_id":0,"enabled":false},"version":2}},"categories":[1161,9,44,7671,6937,15],"tags":[9268,99],"class_list":["post-54468","post","type-post","status-publish","format-standard","has-post-thumbnail","hentry","category-ciudadania","category-medio-ambiente","category-noticias-de-hoy","category-politica","category-sociedad","category-ultimas-noticias","tag-huella-co2","tag-medio-ambiente"],"jetpack_publicize_connections":[],"jetpack_featured_media_url":"https:\/\/i0.wp.com\/miradordeatarfe.es\/wp-content\/uploads\/2022\/05\/ROSNXR6MDOO2AGFLVQNTR45L3E.jpg?fit=1960%2C1129&ssl=1","jetpack_likes_enabled":true,"jetpack_sharing_enabled":true,"_links":{"self":[{"href":"https:\/\/miradordeatarfe.es\/index.php?rest_route=\/wp\/v2\/posts\/54468","targetHints":{"allow":["GET"]}}],"collection":[{"href":"https:\/\/miradordeatarfe.es\/index.php?rest_route=\/wp\/v2\/posts"}],"about":[{"href":"https:\/\/miradordeatarfe.es\/index.php?rest_route=\/wp\/v2\/types\/post"}],"author":[{"embeddable":true,"href":"https:\/\/miradordeatarfe.es\/index.php?rest_route=\/wp\/v2\/users\/1"}],"replies":[{"embeddable":true,"href":"https:\/\/miradordeatarfe.es\/index.php?rest_route=%2Fwp%2Fv2%2Fcomments&post=54468"}],"version-history":[{"count":1,"href":"https:\/\/miradordeatarfe.es\/index.php?rest_route=\/wp\/v2\/posts\/54468\/revisions"}],"predecessor-version":[{"id":54470,"href":"https:\/\/miradordeatarfe.es\/index.php?rest_route=\/wp\/v2\/posts\/54468\/revisions\/54470"}],"wp:featuredmedia":[{"embeddable":true,"href":"https:\/\/miradordeatarfe.es\/index.php?rest_route=\/wp\/v2\/media\/54469"}],"wp:attachment":[{"href":"https:\/\/miradordeatarfe.es\/index.php?rest_route=%2Fwp%2Fv2%2Fmedia&parent=54468"}],"wp:term":[{"taxonomy":"category","embeddable":true,"href":"https:\/\/miradordeatarfe.es\/index.php?rest_route=%2Fwp%2Fv2%2Fcategories&post=54468"},{"taxonomy":"post_tag","embeddable":true,"href":"https:\/\/miradordeatarfe.es\/index.php?rest_route=%2Fwp%2Fv2%2Ftags&post=54468"}],"curies":[{"name":"wp","href":"https:\/\/api.w.org\/{rel}","templated":true}]}}