{"id":54514,"date":"2022-05-30T11:35:10","date_gmt":"2022-05-30T09:35:10","guid":{"rendered":"https:\/\/miradordeatarfe.es\/?p=54514"},"modified":"2022-05-24T13:04:50","modified_gmt":"2022-05-24T11:04:50","slug":"el-valor-de-la-memoria-por-fuencisla-moreno","status":"publish","type":"post","link":"https:\/\/miradordeatarfe.es\/?p=54514","title":{"rendered":"\u00abEL VALOR DE LA MEMORIA  DE NUESTROS EMIGRANTES\u00bb por Fuencisla Moreno"},"content":{"rendered":"<h3 dir=\"auto\" style=\"text-align: justify;\">El valor de la memoria: Historias\u00a0 que fueron verdad y que ocurrieron hace muy poco tiempo.<\/h3>\n<div dir=\"auto\" style=\"text-align: justify;\">Recuerdo verlos venir del \u00abextranjero\u00bb, un lejano lugar al que el infortunio, el hambre y la desesperanza los hab\u00eda conducido.\u00a0<\/div>\n<div dir=\"auto\" style=\"text-align: justify;\">Nos dec\u00edan que cuando llegaron hasta all\u00ed, desconoc\u00edan el idioma y las costumbres, que ten\u00edan miedo y que\u00a0 no llevaban m\u00e1s pertenencias que las que le\u00a0 cab\u00edan\u00a0 en una vieja maleta de cart\u00f3n.\u00a0<\/div>\n<div dir=\"auto\" style=\"text-align: justify;\">\u00a0<\/div>\n<div dir=\"auto\" style=\"text-align: justify;\">Nos dec\u00edan que se hab\u00edan tenido\u00a0 que alojar con emigrantes de otros pa\u00edses, gentes tan humildes como ellos con los que compart\u00edan lo poco que ten\u00edan.<\/div>\n<div dir=\"auto\" style=\"text-align: justify;\">Cada cuatro, cinco o seis a\u00f1os volv\u00edan en verano al pueblo, volv\u00edan nerviosos e ilusionados, esperando el abrazo de los familiares y amigos que hab\u00edan dejado aqu\u00ed y sintiendo la emoci\u00f3n de volver a pisar la tierra de un pa\u00eds que nunca los hab\u00eda querido lo suficiente.\u00a0<\/div>\n<div dir=\"auto\" style=\"text-align: justify;\">\u00a0<\/div>\n<div dir=\"auto\" style=\"text-align: justify;\">Pese a todo, cuando supieron que llegaba el final de sus d\u00edas, volvieron a su pueblo porque ya no quer\u00edan\u00a0 irse nunca m\u00e1s de \u00e9l.<\/div>\n<div dir=\"auto\" style=\"text-align: justify;\">\u00a0<\/div>\n<div dir=\"auto\" style=\"text-align: justify;\">Fueron grandes hombres y grandes mujeres, honrados ciudadanos de a pie, trabajadores incansables, espa\u00f1oles de verdad cuyo \u00fanico delito fue ser pobres o querer ser libres.\u00a0\u00a0<\/div>\n<div dir=\"auto\" style=\"text-align: justify;\">\u00a0<\/div>\n<div dir=\"auto\" style=\"text-align: justify;\">Tan ingratos fuimos que, pese a no haber cometido\u00a0 falta alguna, nadie se acerc\u00f3 a ninguna estaci\u00f3n para tenderles una alfombra u ofrecerles la mano cuando, cansados,\u00a0 temblorosos y muy ancianos, bajaban las escalerillas de \u00faltimo tren que iban a coger en\u00a0 su vida.<\/div>\n<div dir=\"auto\" style=\"text-align: justify;\">\u00a0<\/div>\n<div dir=\"auto\" style=\"text-align: justify;\"><a href=\"https:\/\/i0.wp.com\/miradordeatarfe.es\/wp-content\/uploads\/2022\/05\/FB_IMG_1653341867775.jpg?ssl=1\"><img data-recalc-dims=\"1\" loading=\"lazy\" decoding=\"async\" class=\"alignnone wp-image-54515\" src=\"https:\/\/i0.wp.com\/miradordeatarfe.es\/wp-content\/uploads\/2022\/05\/FB_IMG_1653341867775.jpg?resize=640%2C284&#038;ssl=1\" alt=\"\" width=\"640\" height=\"284\" srcset=\"https:\/\/i0.wp.com\/miradordeatarfe.es\/wp-content\/uploads\/2022\/05\/FB_IMG_1653341867775.jpg?w=649&amp;ssl=1 649w, https:\/\/i0.wp.com\/miradordeatarfe.es\/wp-content\/uploads\/2022\/05\/FB_IMG_1653341867775.jpg?resize=300%2C133&amp;ssl=1 300w\" sizes=\"auto, (max-width: 640px) 100vw, 640px\" \/><\/a><\/div>\n<div dir=\"auto\">F.M.R.<\/div>\n<div dir=\"auto\">\u00a0<\/div>\n<div dir=\"auto\">NOTA del Mirador: Nuestro pueblo no tiene ning\u00fan monumento a estas grandes personas que levantaron nuestra econom\u00eda. \u00bfHasta cuando?<\/div>\n<div dir=\"auto\">\u00a0<\/div>\n<div dir=\"auto\">foto: https:\/\/atalayar.com\/blog\/memoria-hist%C3%B3rica-y-emigraci%C3%B3n-espa%C3%B1ola<\/div>\n","protected":false},"excerpt":{"rendered":"<p>El valor de la memoria: Historias\u00a0 que fueron verdad y que ocurrieron hace muy poco&#8230;<\/p>\n","protected":false},"author":1,"featured_media":54516,"comment_status":"closed","ping_status":"closed","sticky":false,"template":"","format":"standard","meta":{"_coblocks_attr":"","_coblocks_dimensions":"","_coblocks_responsive_height":"","_coblocks_accordion_ie_support":"","jetpack_post_was_ever_published":false,"_jetpack_newsletter_access":"","_jetpack_dont_email_post_to_subs":false,"_jetpack_newsletter_tier_id":0,"_jetpack_memberships_contains_paywalled_content":false,"_jetpack_memberships_contains_paid_content":false,"footnotes":"","jetpack_publicize_message":"","jetpack_publicize_feature_enabled":true,"jetpack_social_post_already_shared":true,"jetpack_social_options":{"image_generator_settings":{"template":"highway","default_image_id":0,"enabled":false},"version":2}},"categories":[2,1161,2949,1225,186,44,7671,6937,15],"tags":[355,455],"class_list":["post-54514","post","type-post","status-publish","format-standard","has-post-thumbnail","hentry","category-atarfe","category-ciudadania","category-opinion-de-fuencisla-moreno","category-ha-de-atarfe","category-instituciones","category-noticias-de-hoy","category-politica","category-sociedad","category-ultimas-noticias","tag-emigrantes","tag-memoria-historica"],"jetpack_publicize_connections":[],"jetpack_featured_media_url":"https:\/\/i0.wp.com\/miradordeatarfe.es\/wp-content\/uploads\/2022\/05\/Atalayar_Emigrantes.jpg?fit=813%2C558&ssl=1","jetpack_likes_enabled":true,"jetpack_sharing_enabled":true,"_links":{"self":[{"href":"https:\/\/miradordeatarfe.es\/index.php?rest_route=\/wp\/v2\/posts\/54514","targetHints":{"allow":["GET"]}}],"collection":[{"href":"https:\/\/miradordeatarfe.es\/index.php?rest_route=\/wp\/v2\/posts"}],"about":[{"href":"https:\/\/miradordeatarfe.es\/index.php?rest_route=\/wp\/v2\/types\/post"}],"author":[{"embeddable":true,"href":"https:\/\/miradordeatarfe.es\/index.php?rest_route=\/wp\/v2\/users\/1"}],"replies":[{"embeddable":true,"href":"https:\/\/miradordeatarfe.es\/index.php?rest_route=%2Fwp%2Fv2%2Fcomments&post=54514"}],"version-history":[{"count":4,"href":"https:\/\/miradordeatarfe.es\/index.php?rest_route=\/wp\/v2\/posts\/54514\/revisions"}],"predecessor-version":[{"id":54520,"href":"https:\/\/miradordeatarfe.es\/index.php?rest_route=\/wp\/v2\/posts\/54514\/revisions\/54520"}],"wp:featuredmedia":[{"embeddable":true,"href":"https:\/\/miradordeatarfe.es\/index.php?rest_route=\/wp\/v2\/media\/54516"}],"wp:attachment":[{"href":"https:\/\/miradordeatarfe.es\/index.php?rest_route=%2Fwp%2Fv2%2Fmedia&parent=54514"}],"wp:term":[{"taxonomy":"category","embeddable":true,"href":"https:\/\/miradordeatarfe.es\/index.php?rest_route=%2Fwp%2Fv2%2Fcategories&post=54514"},{"taxonomy":"post_tag","embeddable":true,"href":"https:\/\/miradordeatarfe.es\/index.php?rest_route=%2Fwp%2Fv2%2Ftags&post=54514"}],"curies":[{"name":"wp","href":"https:\/\/api.w.org\/{rel}","templated":true}]}}