{"id":54525,"date":"2022-05-29T09:45:37","date_gmt":"2022-05-29T07:45:37","guid":{"rendered":"https:\/\/miradordeatarfe.es\/?p=54525"},"modified":"2022-05-25T14:22:10","modified_gmt":"2022-05-25T12:22:10","slug":"el-cambio-climatico-nos-quita-cada-vez-mas-horas-de-sueno","status":"publish","type":"post","link":"https:\/\/miradordeatarfe.es\/?p=54525","title":{"rendered":"El cambio clim\u00e1tico nos quita cada vez m\u00e1s horas de sue\u00f1o"},"content":{"rendered":"<h3 class=\"a_st\" style=\"text-align: justify;\">El aumento de las noches calurosas est\u00e1 ampliando la duraci\u00f3n de la vigilia en especial de mayores, mujeres y en pa\u00edses m\u00e1s empobrecidos<\/h3>\n<p class=\"\" style=\"text-align: justify;\">El estudio de millones de horas de sue\u00f1o de miles de personas de casi todo el mundo confirma lo que dice la experiencia: cuanto m\u00e1s calor hace por la noche, peor se duerme. Pero los detalles de este trabajo reci\u00e9n publicado no eran tan evidentes: las personas de los pa\u00edses m\u00e1s empobrecidos son las que peor lo tienen, junto a los mayores y las mujeres. Adem\u00e1s, los autores del an\u00e1lisis, realizado durante tres a\u00f1os, han cruzado sus datos con las proyecciones clim\u00e1ticas y calculan que, para finales de siglo, dormiremos m\u00e1s de 50 horas menos al a\u00f1o por culpa del aumento de las noches calurosas.<\/p>\n<p class=\"\" style=\"text-align: justify;\">Investigaciones hechas bajo condiciones controladas han demostrado que la temperatura \u00f3ptima para dormir ronda los 17\u00ba-18\u00ba. A partir de ah\u00ed, la calidad y cantidad de sue\u00f1o empieza a resentirse. El exceso de calor ambiental compromete la termorregulaci\u00f3n de la temperatura central del cuerpo (tronco y cerebro) por medio de la perif\u00e9rica, que usa la circulaci\u00f3n sangu\u00ednea hacia las extremidades como mecanismo de refresco. Esto tiene <a href=\"https:\/\/elpais.com\/elpais\/2018\/01\/23\/ciencia\/1516721535_987946.html\" target=\"_blank\" rel=\"noopener\" data-link-track-dtm=\"\">una amplia serie de consecuencias que van m\u00e1s all\u00e1 de la somnolencia<\/a> al d\u00eda siguiente. Pero no es f\u00e1cil estudiar el impacto real de los factores clim\u00e1ticos en el sue\u00f1o.<\/p>\n<p class=\"\" style=\"text-align: justify;\">Un grupo de investigadores de universidades danesas y alemanas ha logrado que casi 50.000 personas de 68 pa\u00edses que utilizan pulseras que registran la actividad (dos modelos de un fabricante japon\u00e9s) participaran en un proyecto que quer\u00eda cruzar los datos registrados por el dispositivo con el tiempo que hac\u00eda en su lugar. La pulsera lleva un aceler\u00f3metro con el que se puede inferir cu\u00e1ndo uno se duerme y cu\u00e1ndo despierta. Esa informaci\u00f3n la relacionaron con un amplio abanico de datos del tiempo: temperatura de cada noche, m\u00e1ximas y m\u00ednimas de cada d\u00eda, amplitud t\u00e9rmica entre ambas, si aquella jornada estaba nublado, hac\u00eda viento o la humedad relativa del aire. Los resultados de tanto cruce de datos los acaban de publicar en la revista cient\u00edfica <a href=\"https:\/\/www.cell.com\/one-earth\/fulltext\/S2590-3322(22)00209-3\" target=\"_blank\" rel=\"noopener\" data-link-track-dtm=\"\"><i>One Earth<\/i><\/a>.<\/p>\n<blockquote class=\"a_q\">\n<div>\u201cEl calor retrasa el momento en el que las personas se duermen y adelanta cuando se despiertan\u201d<\/div>\n<p><cite class=\"_db\">Kelton Minor, Universidad de Copenhague<\/cite><\/p><\/blockquote>\n<p class=\"\" style=\"text-align: justify;\">El investigador de la Universidad de Copenhague (Dinamarca) y principal autor del estudio Kelton Minor destaca que su trabajo supone \u201cla primera evidencia a escala planetaria de que las temperaturas por encima de la media erosionan el sue\u00f1o de los humanos\u201d. Esta erosi\u00f3n se produce sobre todo porque \u201cel calor retrasa el momento en el que las personas se duermen y adelanta cuando se despiertan\u201d, a\u00f1ade. As\u00ed que se acorta la duraci\u00f3n total. Los humanos de la muestra duermen en torno a 7,1 horas. La mitad de los mayores no llegan ni a eso y los de mediana edad tienen vigilias m\u00e1s largas entre semana que los fines de semana. Globalmente, los asi\u00e1ticos duermen menos que los europeos. Los japoneses, por ejemplo, dedican una media hora menos de media que Italianos o espa\u00f1oles.<\/p>\n<p class=\"\" style=\"text-align: justify;\">Cuando se introduce el factor temperatura, el estudio desvela datos m\u00e1s all\u00e1 del obvio impacto del calor en la calidad del sue\u00f1o. As\u00ed, en las noches m\u00e1s c\u00e1lidas respecto a la media, su duraci\u00f3n se reduce en algo m\u00e1s de 14 minutos de promedio. \u201cEn comparaci\u00f3n con la media nocturna a en el \u00e1mbito mundial (noches dentro del rango de temperatura entre 5\u00ba y 10\u00ba), vemos que las t\u00f3rridas por encima de los 25\u00ba aumentan la probabilidad de que las personas duerman poco en 3,5 puntos porcentuales\u201d, escribe Minor en un correo. \u201cEstimamos que, aproximadamente, una sola noche calurosa en una ciudad de una poblaci\u00f3n equivalente a 100.000 adultos provocar\u00eda que alrededor de 3.500 adultos adicionales tuvieran una noche de peor en comparaci\u00f3n con las noches en que la temperatura se acercaba a la media nocturna global\u201d, detalla.<\/p>\n<p class=\"\" style=\"text-align: justify;\">El trabajo confirma algo ya estudiado: los mayores duermen peor cuando hace calor, m\u00e1s bien mucho peor. El efecto de un aumento de un grado es m\u00e1s del doble en los que tienen m\u00e1s de 65 a\u00f1os. Tambi\u00e9n observa que las mujeres tienden a verse m\u00e1s afectadas por la temperatura excesiva que los hombres. Aunque apenas tienen datos de \u00c1frica (\u00fanicamente de Marruecos y Sud\u00e1frica) y unos pocos m\u00e1s de Am\u00e9rica Latina, los autores del estudio observan que el impacto negativo es m\u00e1s acusado en los pa\u00edses de niveles medios y bajos de desarrollo que en los m\u00e1s avanzados. Es probable que el aire acondicionado tenga su impacto aqu\u00ed, pero no ten\u00edan manera de confirmarlo.<\/p>\n<p class=\"\" style=\"text-align: justify;\">En la \u00faltima parte del trabajo, los cient\u00edficos proyectan sus datos en dos escenarios clim\u00e1ticos: uno en el que se logran controlar las emisiones y otro en el que siguen aumentando. Ambas situaciones ser\u00e1n testigo de un mayor n\u00famero de noches con m\u00ednimas elevadas. \u201cBajo un escenario de calentamiento clim\u00e1tico moderado (donde los humanos logran estabilizar la concentraci\u00f3n de gases de efecto invernadero) y sin m\u00e1s adaptaci\u00f3n, estimamos que para 2099 cada persona puede perder un promedio de 50 horas de sue\u00f1o por a\u00f1o debido a temperaturas nocturnas sub\u00f3ptimas\u201d, dice Minor. Y si no se hace nada, la cifra podr\u00eda acercarse a las 60 horas.<\/p>\n<blockquote class=\"a_q\">\n<div>\u201cEl problema con el cambio clim\u00e1tico y las olas de calor como la actual es que el cuerpo no puede enfriarse y cuanta m\u00e1s temperatura tenga el cerebro, peor ser\u00e1 el sue\u00f1o\u201d<\/div>\n<p><cite class=\"_db\">Juan Antonio Madrid, investigador del laboratorio de cronobiolog\u00eda de la Universidad de Murcia<\/cite><\/p><\/blockquote>\n<p class=\"\" style=\"text-align: justify;\">Para Juan Antonio Madrid, investigador del <a href=\"https:\/\/www.um.es\/cronobiologia\/\" target=\"_blank\" rel=\"noopener\" data-link-track-dtm=\"\">laboratorio de cronobiolog\u00eda de la Universidad de Murcia<\/a>, \u201ceste trabajo es brutal por la ingente cantidad de datos que maneja\u201d. Madrid lleva a\u00f1os estudiando los ritmos circadianos y, en particular, la fisiolog\u00eda del sue\u00f1o y los agentes externos que lo perturban. \u201cEl problema con el cambio clim\u00e1tico y las olas de calor como la actual es que el cuerpo no puede enfriarse y cuanta m\u00e1s temperatura tenga el cerebro, peor ser\u00e1 el sue\u00f1o\u201d, a\u00f1ade. Para dormir bien, el cerebro tiene que rebajar su temperatura interna. Para ello, el organismo calienta pies y manos, por las que el cuerpo elimina el exceso de calor. \u201cEs f\u00edsica b\u00e1sica. Si no hay diferencia t\u00e9rmica entre el cuerpo y el ambiente, no hay intercambio ni descenso de la temperatura interna\u201d, comenta Madrid.<\/p>\n<p class=\"\" style=\"text-align: justify;\">El principal problema que Madrid le ve a esta investigaci\u00f3n es que parte de un supuesto que no siempre se cumple. \u201cLas pulseras miden el sue\u00f1o por la ausencia de movimiento, pero estar quieto no implica estar durmiendo\u201d. En su laboratoiro desarrollaron el kronowise, un dispositivo con forma de reloj inteligente que registra 15 tipos de datos, desde la exposici\u00f3n a la luz, hasta cuanto y c\u00f3mo se mueve el cuerpo. Una de sus claves es que toma la temperatura en la mu\u00f1eca, por lo que registra el aumento de temperatura en las extremidades previo y necesario a la conciliaci\u00f3n del sue\u00f1o.<\/p>\n<p class=\"\" style=\"text-align: justify;\">El doctor Javier Puertas, neurofisi\u00f3logo y vicepresidente de la Sociedad Espa\u00f1ola del Sue\u00f1o (SES) recuerda los efectos de dormir poco: \u201cSensaci\u00f3n de fatiga f\u00edsica, falta de concentraci\u00f3n, irritabilidad&#8230;\u201d Puertas destaca un aspecto que resaltan los autores de la investigaci\u00f3n: la capacidad de adaptaci\u00f3n es reducida. \u201cLo hemos comprobado con el ruido. Las personas que se van a vivir a un barrio cerca de los aeropuertos, acaban por ignorar el ruido, pero no lo hace su actividad card\u00edaca, que no se ha adaptado\u201d. Con el calor parece suceder lo mismo. Las pulseras registraron que la gente dorm\u00eda igual de mal en las noches calurosas del final del verano que en las primeras. \u201cNunca nos adaptamos por completo de forma \u00f3ptima cuando hay disruptores del sue\u00f1o como el ruido o el calor\u201d, recuerda Puertas.<\/p>\n<p class=\"\" style=\"text-align: justify;\">En el apartado consejos, el vicepresidente de la SES no lo duda, mejor ventilador (preferiblemente de techo) que aire acondicionado: \u201cEs un regalo de los pa\u00edses tropicales. Los ventiladores no bajan la temperatura, pero provocan la circulaci\u00f3n del aire, lo que facilita el mecanismo interno para reducir la temperatura [corporal] central\u201d.<\/p>\n<p><a class=\"a_md_a_n\" title=\"Ver todas las noticias de Miguel \u00c1ngel Criado\" href=\"https:\/\/elpais.com\/autor\/miguel-angel-criado-asien\/#?rel=author_top\"><strong>Miguel \u00c1ngel Criado<\/strong><\/a><\/p>\n<p>FOTO: Un grupo de j\u00f3venes, el jueves, en Sevilla.<span class=\"a_m_m\">PACO PUENTES<\/span><\/p>\n<p>https:\/\/elpais.com\/ciencia\/2022-05-20\/el-cambio-climatico-nos-quita-cada-vez-mas-horas-de-sueno.html<\/p>\n","protected":false},"excerpt":{"rendered":"<p>El aumento de las noches calurosas est\u00e1 ampliando la duraci\u00f3n de la vigilia en especial&#8230;<\/p>\n","protected":false},"author":1,"featured_media":54527,"comment_status":"closed","ping_status":"closed","sticky":false,"template":"","format":"standard","meta":{"_coblocks_attr":"","_coblocks_dimensions":"","_coblocks_responsive_height":"","_coblocks_accordion_ie_support":"","jetpack_post_was_ever_published":false,"_jetpack_newsletter_access":"","_jetpack_dont_email_post_to_subs":false,"_jetpack_newsletter_tier_id":0,"_jetpack_memberships_contains_paywalled_content":false,"_jetpack_memberships_contains_paid_content":false,"footnotes":"","jetpack_publicize_message":"","jetpack_publicize_feature_enabled":true,"jetpack_social_post_already_shared":true,"jetpack_social_options":{"image_generator_settings":{"template":"highway","default_image_id":0,"enabled":false},"version":2}},"categories":[7725,1161,9,44,7671,15],"tags":[271,99],"class_list":["post-54525","post","type-post","status-publish","format-standard","has-post-thumbnail","hentry","category-atarfe-sostenible","category-ciudadania","category-medio-ambiente","category-noticias-de-hoy","category-politica","category-ultimas-noticias","tag-cambio-climatico","tag-medio-ambiente"],"jetpack_publicize_connections":[],"jetpack_featured_media_url":"https:\/\/i0.wp.com\/miradordeatarfe.es\/wp-content\/uploads\/2022\/05\/DR47J2XQKFD5LCQUQRYSULW3SY.jpg?fit=1960%2C1307&ssl=1","jetpack_likes_enabled":true,"jetpack_sharing_enabled":true,"_links":{"self":[{"href":"https:\/\/miradordeatarfe.es\/index.php?rest_route=\/wp\/v2\/posts\/54525","targetHints":{"allow":["GET"]}}],"collection":[{"href":"https:\/\/miradordeatarfe.es\/index.php?rest_route=\/wp\/v2\/posts"}],"about":[{"href":"https:\/\/miradordeatarfe.es\/index.php?rest_route=\/wp\/v2\/types\/post"}],"author":[{"embeddable":true,"href":"https:\/\/miradordeatarfe.es\/index.php?rest_route=\/wp\/v2\/users\/1"}],"replies":[{"embeddable":true,"href":"https:\/\/miradordeatarfe.es\/index.php?rest_route=%2Fwp%2Fv2%2Fcomments&post=54525"}],"version-history":[{"count":1,"href":"https:\/\/miradordeatarfe.es\/index.php?rest_route=\/wp\/v2\/posts\/54525\/revisions"}],"predecessor-version":[{"id":54526,"href":"https:\/\/miradordeatarfe.es\/index.php?rest_route=\/wp\/v2\/posts\/54525\/revisions\/54526"}],"wp:featuredmedia":[{"embeddable":true,"href":"https:\/\/miradordeatarfe.es\/index.php?rest_route=\/wp\/v2\/media\/54527"}],"wp:attachment":[{"href":"https:\/\/miradordeatarfe.es\/index.php?rest_route=%2Fwp%2Fv2%2Fmedia&parent=54525"}],"wp:term":[{"taxonomy":"category","embeddable":true,"href":"https:\/\/miradordeatarfe.es\/index.php?rest_route=%2Fwp%2Fv2%2Fcategories&post=54525"},{"taxonomy":"post_tag","embeddable":true,"href":"https:\/\/miradordeatarfe.es\/index.php?rest_route=%2Fwp%2Fv2%2Ftags&post=54525"}],"curies":[{"name":"wp","href":"https:\/\/api.w.org\/{rel}","templated":true}]}}