{"id":54558,"date":"2022-05-28T09:02:59","date_gmt":"2022-05-28T07:02:59","guid":{"rendered":"https:\/\/miradordeatarfe.es\/?p=54558"},"modified":"2022-05-25T14:06:04","modified_gmt":"2022-05-25T12:06:04","slug":"los-nuevos-ciclos-formativos-de-fp-que-se-impartiran-en-granada-el-proximo-curso-uno-a-uno","status":"publish","type":"post","link":"https:\/\/miradordeatarfe.es\/?p=54558","title":{"rendered":"Los nuevos ciclos formativos de FP que se impartir\u00e1n en Granada el pr\u00f3ximo curso, uno a uno"},"content":{"rendered":"<h3>Se completa el mapa formativo en la provincia en grado medio, superior, FP b\u00e1sica y cursos de especializaci\u00f3n<\/h3>\n<div class=\"mce-body \">\n<p class=\"mce\">Los institutos de Granada ofertar\u00e1n el pr\u00f3ximo curso 28 nuevos ciclos formativos. Se completa as\u00ed el mapa de ense\u00f1anzas en FP B\u00e1sica, grado medio y superior y cursos de especializaci\u00f3n.\u00a0\u00a0Seg\u00fan explic\u00f3 la Consejer\u00eda de Educaci\u00f3n y Deporte, el pr\u00f3ximo curso 2022\/2&#8217;23 habr\u00e1 en Andaluc\u00eda\u00a0236 nuevos ciclos formativos de Formaci\u00f3n Profesional y Cursos de Especializaci\u00f3n, hasta llegar a un total de\u00a0<strong class=\"mce\">3.419 ciclos<\/strong>. \u00abSe trata de una oferta adaptada a los sectores productivos emergentes y con una especial incidencia en la transformaci\u00f3n digital, el emprendimiento y las competencias ling\u00fc\u00edsticas en idioma extranjero. El presupuesto para desarrollar este oferta es alrededor de 20 millones de euros\u00bb, indic\u00f3 la Administraci\u00f3n.<\/p>\n<p class=\"mce\">En cuanto al desglose de los nuevos ciclos que se impartir\u00e1n a partir de septiembre de 2022 en la provincia son estos:<\/p>\n<h2 class=\"mce\">FP B\u00e1sica\u00a0<\/h2>\n<ul class=\"mce\">\n<li class=\"mce\">Agro-Jardiner\u00eda y Composiciones Florales &#8211; IES Pedro Antonio de Alarc\u00f3n<\/li>\n<li class=\"mce\">Industrias Alimentarias &#8211; IES Ribera del Fardes<\/li>\n<\/ul>\n<h2 class=\"mce\">Grado Medio<\/h2>\n<ul class=\"mce\">\n<li class=\"mce\">Peluquer\u00eda y Cosm\u00e9tica capilar &#8211; IES La Paz<\/li>\n<li class=\"mce\">Atenci\u00f3n a Personas en Situaci\u00f3n de Dependencia &#8211; IES La Laguna<\/li>\n<li class=\"mce\">Instalaciones El\u00e9ctricas y Autom\u00e1ticas &#8211; IES Alfaguara<\/li>\n<li class=\"mce\">Servicios en restauraci\u00f3n &#8211; IES Lanjar\u00f3n<\/li>\n<li class=\"mce\">Atenci\u00f3n a personas en situaci\u00f3n de dependencia &#8211; IES Soto de Rojas<\/li>\n<\/ul>\n<h2 class=\"mce\">Grado Superior<\/h2>\n<ul class=\"mce\">\n<li class=\"mce\">Programaci\u00f3n de la producci\u00f3n en Fabricaci\u00f3n Mec\u00e1nica &#8211; IES Virgen de las Nieves<\/li>\n<li class=\"mce\">Mantenimiento electromec\u00e1nico- IES Virgen de las Nieves<\/li>\n<li class=\"mce\">Desarrollo de aplicaciones multiplataforma &#8211; IES Padre Poveda<\/li>\n<li class=\"mce\">Desarrollo de aplicaciones web &#8211; IES Il\u00edberis<\/li>\n<li class=\"mce\">Desarrollo de aplicaciones web &#8211; IES Francisco Javier de Burgos<\/li>\n<li class=\"mce\">Desarrollo de Proyectos de Instalaciones T\u00e9rmicas y de Fluidos &#8211; IES Cerro de los Infantes<\/li>\n<li class=\"mce\">Integraci\u00f3n Social &#8211; IES Cerro de los Infantes<\/li>\n<li class=\"mce\">Gesti\u00f3n de Ventas y Espacios Comerciales &#8211; IES Luis Bueno Crespo<\/li>\n<li class=\"mce\">Higiene Bucodental &#8211; IES La Zafra<\/li>\n<li class=\"mce\">Integraci\u00f3n Social &#8211; IES Jim\u00e9nez de Quesada<\/li>\n<li class=\"mce\">Paisajismo y Medio Rural &#8211; IES Hiponova<\/li>\n<li class=\"mce\">Desarrollo de Aplicaciones Multiplataforma &#8211; IES P. H. Lanz<\/li>\n<li class=\"mce\">Documentaci\u00f3n y Administraci\u00f3n Sanitaria &#8211; CPIFP Aynadamar<\/li>\n<li class=\"mce\">Gesti\u00f3n Forestal y del Medio Natural &#8211; IES Emilio Mu\u00f1oz<\/li>\n<\/ul>\n<h2 class=\"mce\">Cursos de especializaci\u00f3n<\/h2>\n<ul class=\"mce\">\n<li class=\"mce\">Modelado de la Informaci\u00f3n de la Construcci\u00f3n (Bim) &#8211; IES Luis Bueno Crespo<\/li>\n<li class=\"mce\">Instalaci\u00f3n y Mantenimiento de Sistemas Conectados a Internet (Lot) &#8211; IES Luis Bueno Crespo\u00a0<\/li>\n<li class=\"mce\">Cultivos Celulares &#8211; CPIFP Aynadamar<\/li>\n<li class=\"mce\">Mantenimiento y Seguridad en Sistemas de veh\u00edculos H\u00edbridos y El\u00e9ctricos &#8211; IES La Zafra<\/li>\n<li class=\"mce\">Desarrollo de Videojuegos y Realidad Virtual &#8211; IES Francisco Ayala<\/li>\n<\/ul>\n<h2 class=\"mce\">Grados superiores a distancia<\/h2>\n<ul class=\"mce\">\n<li class=\"mce\">Direcci\u00f3n de Cocina &#8211; Hurtado de Mendoza<\/li>\n<li class=\"mce\">Direcci\u00f3n en Servicios de Restauraci\u00f3n &#8211; Hurtado de Mendoza<\/li>\n<\/ul>\n<\/div>\n<h3><small><\/small><small class=\"author\">A. A. <\/small><\/h3>\n<div class=\"pg-media\">\n<figure id=\"media-holder_1550649059\" class=\"image-holder\"><figcaption>\n<div class=\"footnote\">\n<p class=\"text\">FOTO: Clases de FP en el Luis Bueno Crespo de Armilla. <wbr \/> \/ <span class=\"source\">Antonio L. Ju\u00e1rez \/ Photographerssports<\/span><\/p>\n<\/div>\n<\/figcaption><\/figure>\n<\/div>\n<div class=\"pg-body\">\n<section class=\"nws-data\">\n<div class=\"md-lite-share\">\n<p>https:\/\/www.granadahoy.com\/granada\/nuevos-ciclos-formativos-FP-Granada-proximo-curso_0_1685831665.html?utm_source=facebook.com&#038;utm_medium=smm&#038;utm_campaign=noticias<\/p>\n<\/div>\n<\/section>\n<\/div>\n","protected":false},"excerpt":{"rendered":"<p>Se completa el mapa formativo en la provincia en grado medio, superior, FP b\u00e1sica y&#8230;<\/p>\n","protected":false},"author":1,"featured_media":54559,"comment_status":"closed","ping_status":"closed","sticky":false,"template":"","format":"standard","meta":{"_coblocks_attr":"","_coblocks_dimensions":"","_coblocks_responsive_height":"","_coblocks_accordion_ie_support":"","jetpack_post_was_ever_published":false,"_jetpack_newsletter_access":"","_jetpack_dont_email_post_to_subs":false,"_jetpack_newsletter_tier_id":0,"_jetpack_memberships_contains_paywalled_content":false,"_jetpack_memberships_contains_paid_content":false,"footnotes":"","jetpack_publicize_message":"","jetpack_publicize_feature_enabled":true,"jetpack_social_post_already_shared":true,"jetpack_social_options":{"image_generator_settings":{"template":"highway","default_image_id":0,"enabled":false},"version":2}},"categories":[187,1161,44,6937,15],"tags":[9281,9282,129],"class_list":["post-54558","post","type-post","status-publish","format-standard","has-post-thumbnail","hentry","category-centros-educativos","category-ciudadania","category-noticias-de-hoy","category-sociedad","category-ultimas-noticias","tag-ciclos-formativos","tag-f-p","tag-granada"],"jetpack_publicize_connections":[],"jetpack_featured_media_url":"https:\/\/i0.wp.com\/miradordeatarfe.es\/wp-content\/uploads\/2022\/05\/Clases-FP-Bueno-Crespo-Armilla_1685841765_158844292_667x375.jpg?fit=667%2C375&ssl=1","jetpack_likes_enabled":true,"jetpack_sharing_enabled":true,"_links":{"self":[{"href":"https:\/\/miradordeatarfe.es\/index.php?rest_route=\/wp\/v2\/posts\/54558","targetHints":{"allow":["GET"]}}],"collection":[{"href":"https:\/\/miradordeatarfe.es\/index.php?rest_route=\/wp\/v2\/posts"}],"about":[{"href":"https:\/\/miradordeatarfe.es\/index.php?rest_route=\/wp\/v2\/types\/post"}],"author":[{"embeddable":true,"href":"https:\/\/miradordeatarfe.es\/index.php?rest_route=\/wp\/v2\/users\/1"}],"replies":[{"embeddable":true,"href":"https:\/\/miradordeatarfe.es\/index.php?rest_route=%2Fwp%2Fv2%2Fcomments&post=54558"}],"version-history":[{"count":1,"href":"https:\/\/miradordeatarfe.es\/index.php?rest_route=\/wp\/v2\/posts\/54558\/revisions"}],"predecessor-version":[{"id":54560,"href":"https:\/\/miradordeatarfe.es\/index.php?rest_route=\/wp\/v2\/posts\/54558\/revisions\/54560"}],"wp:featuredmedia":[{"embeddable":true,"href":"https:\/\/miradordeatarfe.es\/index.php?rest_route=\/wp\/v2\/media\/54559"}],"wp:attachment":[{"href":"https:\/\/miradordeatarfe.es\/index.php?rest_route=%2Fwp%2Fv2%2Fmedia&parent=54558"}],"wp:term":[{"taxonomy":"category","embeddable":true,"href":"https:\/\/miradordeatarfe.es\/index.php?rest_route=%2Fwp%2Fv2%2Fcategories&post=54558"},{"taxonomy":"post_tag","embeddable":true,"href":"https:\/\/miradordeatarfe.es\/index.php?rest_route=%2Fwp%2Fv2%2Ftags&post=54558"}],"curies":[{"name":"wp","href":"https:\/\/api.w.org\/{rel}","templated":true}]}}