{"id":54568,"date":"2022-05-30T10:11:03","date_gmt":"2022-05-30T08:11:03","guid":{"rendered":"https:\/\/miradordeatarfe.es\/?p=54568"},"modified":"2022-05-26T10:14:19","modified_gmt":"2022-05-26T08:14:19","slug":"muere-a-los-64-anos-la-fotografa-ouka-leele-icono-de-la-movida-madrilena","status":"publish","type":"post","link":"https:\/\/miradordeatarfe.es\/?p=54568","title":{"rendered":"Muere a los 64 a\u00f1os la fot\u00f3grafa Ouka Leele, icono de la Movida madrile\u00f1a"},"content":{"rendered":"<div class=\"a_c clearfix\" data-dtm-region=\"articulo_cuerpo\">\n<h2 class=\"a_st\" style=\"text-align: justify;\">B\u00e1rbara Allende Gil de Biedma fue uno de los rostros visibles del cambio social y art\u00edstico de los a\u00f1os ochenta en Espa\u00f1a con sus instant\u00e1neas en blanco y negro coloreadas con acuarelas<\/h2>\n<p class=\"\" style=\"text-align: justify;\">La fot\u00f3grafa y pintora <a href=\"https:\/\/elpais.com\/noticias\/ouka-lele\/\" target=\"_blank\" rel=\"noopener\" data-link-track-dtm=\"\">Ouka Leele<\/a>, sobrenombre art\u00edstico de B\u00e1rbara Allende Gil de Biedma, ha fallecido este martes en el hospital Ruber de Madrid a los 64 a\u00f1os, seg\u00fan han informado a Efe fuentes de la familia de la artista. De su muerte, solo ha trascendido que ha sido a causa de una enfermedad. Ouka Leele present\u00f3 su \u00faltima <a href=\"https:\/\/elpais.com\/cultura\/2021-06-06\/ouka-leele-ahora-hablan-de-poliamor-pero-ya-lo-experimentamos-en-los-setenta.html\" target=\"_blank\" rel=\"noopener\" data-link-track-dtm=\"\">exposici\u00f3n hace apenas un a\u00f1o<\/a>, en junio de 2021, en el C\u00edrculo de Bellas Artes, dentro del festival PHotoEspa\u00f1a, una muestra con abundante material in\u00e9dito y que se centr\u00f3 en sus inicios, con material procedente del <a href=\"https:\/\/www.archivolafuente.com\/\" target=\"_blank\" rel=\"noopener\" data-link-track-dtm=\"\">Archivo Lafuente<\/a>, que atesora unas 1.200 piezas de la artista, entre documentaci\u00f3n y obras. Ouka Leele ten\u00eda previsto impartir un taller de fotograf\u00eda para ni\u00f1os en la pr\u00f3xima edici\u00f3n de los <a href=\"https:\/\/www.encuentrosfotograficosgijon.com\/\" target=\"_blank\" rel=\"noopener\" data-link-track-dtm=\"\">Encuentros Fotogr\u00e1ficos de Gij\u00f3n<\/a>, en noviembre, en la galer\u00eda Aurora Vigil-Escalera de la ciudad asturiana.<\/p>\n<p class=\"\" style=\"text-align: justify;\">Nacida en Madrid, en 1957, tom\u00f3 su nombre art\u00edstico de una estrella inventada, un seud\u00f3nimo prestado, a finales de los a\u00f1os setenta, del c\u00f3mic <i>Europa Requiem<\/i>, de El Hortelano, uno de sus compa\u00f1eros de fatigas de lo que se conoce como la Movida madrile\u00f1a. Dibujante precoz, Ouka Leele abandon\u00f3 la carrera de Bellas Artes para ingresar en 1975 en la escuela de fotograf\u00eda Photocentro, donde se publicaron sus primeras im\u00e1genes en un volumen inaugural que, bajo el t\u00edtulo <i>Principio: nueve j\u00f3venes fot\u00f3grafos espa\u00f1oles<\/i> (1976), pretend\u00eda promover la fotograf\u00eda \u201ccomo fen\u00f3meno cultural y art\u00edstico\u201d. Una renovaci\u00f3n surgida tras la muerte de Franco y cuya influencia ha llegado a nuestros d\u00edas.<\/p>\n<aside class=\"a_ei\">\n<header class=\"a_ei_h _db\">M\u00e1s informaci\u00f3n<\/header>\n<div class=\"a_ei_r _g _g-xs \"><a class=\"a_ei_t\" href=\"https:\/\/elpais.com\/elpais\/2021\/06\/04\/album\/1622816715_844048.html#?rel=mas_sumario\" data-link-track-dtm=\"\">Ouka Leele: 10 fotos que definen sus primeros a\u00f1os<\/a><\/div>\n<\/aside>\n<p class=\"\" style=\"text-align: justify;\">En Photocentro, aglutinadora de la vanguardia fotogr\u00e1fica de aquella \u00e9poca en Espa\u00f1a, coincidi\u00f3, entre otros, con Pablo P\u00e9rez-M\u00ednguez y Jorge Rueda. \u201cHac\u00edamos sesiones de fotos y llor\u00e1bamos de risa\u2026 fue una semilla de la Movida\u201d, cont\u00f3 <a href=\"https:\/\/elpais.com\/cultura\/2021-06-06\/ouka-leele-ahora-hablan-de-poliamor-pero-ya-lo-experimentamos-en-los-setenta.html\" target=\"_blank\" rel=\"noopener\" data-link-track-dtm=\"\">en una entrevista con este peri\u00f3dico en junio de 2021<\/a>.<\/p>\n<p class=\"\" style=\"text-align: justify;\">Ouka Leele hab\u00eda estudiado en un colegio de monjas y esa educaci\u00f3n religiosa, junto a los paseos con su madre por el Museo del Prado, fueron medulares en una obra arraigada en la iconograf\u00eda de los santos. Aunque lo que de verdad determin\u00f3 su futura carrera art\u00edstica fue el encuentro, en el entorno del Rastro madrile\u00f1o, \u00e1gora juvenil y contracultural que se fragu\u00f3 en el ocaso del r\u00e9gimen franquista, con el grupo de la denominada Cascorro Factory, es decir, Ceesepe, Alberto Garc\u00eda-Alix y El Hortelano. El peque\u00f1o cuarto de revelado que Allende instal\u00f3 en el piso de la calle Doctor Castelo, en Madrid, donde conviv\u00edan los integrantes de la Cascorro, fue el primer pelda\u00f1o de una carrera en la que la fotograf\u00eda y la pintura se fusionaron en un juguet\u00f3n y colorista estilo propio, que acab\u00f3 siendo uno de los estandartes m\u00e1s reconocibles de la Espa\u00f1a de los a\u00f1os ochenta y noventa.<\/p>\n<p class=\"\" style=\"text-align: justify;\">En esos a\u00f1os, Ouka Leele colabor\u00f3 con los fanzines y revistas que estuvieron en el principio de la Movida, como <i>Vicios Modernos<\/i>, de Ceesepe y Garc\u00eda-Alix, o la barcelonesa <i>Star<\/i>. Adem\u00e1s, confeccionaba sus propios fotolibros con <i>fotocollages<\/i> que titulaba con nombres tan extravagantes como <i>Caperucita Roja con mocos y sin una pierna<\/i>. La eclosi\u00f3n del punk y la influencia dad\u00e1 se convirtieron en se\u00f1as de identidad de una obra que tambi\u00e9n beb\u00eda del teatro experimental, que empez\u00f3 a aterrizar en Espa\u00f1a en esos a\u00f1os, concretamente, con la compa\u00f1\u00eda de Lindsay Kemp, la del polaco Tadeusz Kantor o el m\u00edtico Circo Aligre franc\u00e9s.<\/p>\n<figure class=\"a_m a_m-v\" style=\"text-align: justify;\"><span class=\"_db a_m_w\"><img data-recalc-dims=\"1\" loading=\"lazy\" decoding=\"async\" class=\"_re lazyload a_m-v\" src=\"https:\/\/i0.wp.com\/imagenes.elpais.com\/resizer\/qKzXex_x4OFGGaOQnNnpLgqvlBs%3D\/414x0\/cloudfront-eu-central-1.images.arcpublishing.com\/prisa\/ICWQ4RSIAVGMXHIGS2LMUHIK7Q.jpg?resize=414%2C627&#038;ssl=1\" srcset=\"https:\/\/imagenes.elpais.com\/resizer\/qKzXex_x4OFGGaOQnNnpLgqvlBs=\/414x0\/cloudfront-eu-central-1.images.arcpublishing.com\/prisa\/ICWQ4RSIAVGMXHIGS2LMUHIK7Q.jpg 414w,https:\/\/imagenes.elpais.com\/resizer\/vpaWoL7NqNEgk0X6dIyUACXVAI4=\/828x0\/cloudfront-eu-central-1.images.arcpublishing.com\/prisa\/ICWQ4RSIAVGMXHIGS2LMUHIK7Q.jpg 640w,https:\/\/imagenes.elpais.com\/resizer\/8RZmv1Oy-AuCr5opIwLFTxdZpms=\/980x0\/cloudfront-eu-central-1.images.arcpublishing.com\/prisa\/ICWQ4RSIAVGMXHIGS2LMUHIK7Q.jpg 1000w,https:\/\/imagenes.elpais.com\/resizer\/-5oy_koXEBzToqj0dRJLg8vowHI=\/1960x0\/cloudfront-eu-central-1.images.arcpublishing.com\/prisa\/ICWQ4RSIAVGMXHIGS2LMUHIK7Q.jpg 1960w\" alt=\"Retrato para la serie 'Peluquer\u00eda', de 1979. \" width=\"414\" height=\"627\" \/><\/span><figcaption class=\"a_m_p\">Retrato para la serie &#8216;Peluquer\u00eda&#8217;, de 1979. <span class=\"a_m_m\">Ouka Leele (VEGAP)<\/span><\/figcaption><\/figure>\n<p class=\"\" style=\"text-align: justify;\">Pese a que en su primera exposici\u00f3n en PhotoCentro ya asomaba su particular mundo propio, fue su viaje junto a El Hortelano a Barcelona, donde conoci\u00f3 a <a href=\"https:\/\/elpais.com\/noticias\/javier-mariscal\/\" target=\"_blank\" rel=\"noopener\" data-link-track-dtm=\"\">Mariscal<\/a> y a Nazario, el que defini\u00f3 de forma definitiva su reconocible sello. Esa fusi\u00f3n entre la fotograf\u00eda, la pintura y la escenograf\u00eda la convertir\u00edan en un referente internacional de la Movida y del arte contempor\u00e1neo espa\u00f1ol.<\/p>\n<p class=\"\" style=\"text-align: justify;\">En 1979, en la galer\u00eda de Albert Guspi de la capital catalana, expuso sus primeras fotograf\u00edas coloreadas, bajo el t\u00edtulo de <i>Peluquer\u00eda<\/i>. Se trataba de una serie de retratos de amigos que, a modo de estampitas de santos, la artista adorn\u00f3 con tocados surreales que ella misma constru\u00eda con todo tipo de objetos o animales muertos: pulpos, jeringuillas, limones, botellas, discos, secadores o tortugas. Son lo que la conocida periodista Paloma Chamorro calific\u00f3 entonces como \u201csantos modernos\u201d.<\/p>\n<p class=\"\" style=\"text-align: justify;\">Unos meses despu\u00e9s, present\u00f3 en Madrid este proyecto y lo hizo present\u00e1ndose en la inauguraci\u00f3n con un vestido de fuelle confeccionado por ella misma y con un cochinillo muerto en la cabeza que, con un sistema de bombillas y pilas, aparec\u00eda con los ojos iluminados. Ante las c\u00e1maras del programa de televisi\u00f3n <i>La Edad de Oro<\/i>, el artista Dis Berl\u00edn la bautiz\u00f3 como Madrina Dad\u00e1 80, mientras ella se presentaba as\u00ed ante las c\u00e1maras: \u201cYo soy Ouka Lele, la creadora de la m\u00edstica dom\u00e9stica. Digo esto porque creo que la gente se toma mis im\u00e1genes como una cr\u00edtica social cuando es todo lo contrario, es la sublimaci\u00f3n de lo cotidiano y dom\u00e9stico\u201d.<\/p>\n<p class=\"\" style=\"text-align: justify;\">Amante de la poes\u00eda y de los juegos de palabras, Ouka Leele fue Premio Nacional de Fotograf\u00eda en 2005 \u201cpor cuestionar los l\u00edmites del lenguaje de la fotograf\u00eda\u201d, seg\u00fan el jurado. Su primera retrospectiva, en el Museo Espa\u00f1ol de Arte Contempor\u00e1neo de Madrid, se remonta a 1987, cuando ten\u00eda solo 29 a\u00f1os. A partir de ah\u00ed sigui\u00f3 una fruct\u00edfera carrera en la que sus retratos a color recorrieron todo el mundo. De esta artista hay obra en el Museo Reina Sof\u00eda, la Fundaci\u00f3n La Caixa, la Colecci\u00f3n Arco o el Centro Andaluz de Fotograf\u00eda, entre otros espacios. En 2009 se estren\u00f3 un documental sobre su obra, <i>La mirada de Ouka Leele<\/i>, del cineasta Rafael Gordon.<\/p>\n<p class=\"\" style=\"text-align: justify;\">En la entrevista del a\u00f1o pasado, tambi\u00e9n record\u00f3 a los ca\u00eddos a causa de las drogas: \u201cEsa parte fue horrible. Una amiga maravillosa al d\u00eda siguiente ten\u00eda los ojos que no te miraba; chicas que de un d\u00eda para otro les cambiaba la cara y a los meses estaban muertas\u201d. Y, evocando sus primeros a\u00f1os, contaba: \u201c\u00c9ramos ni\u00f1os perdidos en el pa\u00eds de Nunca Jam\u00e1s, los raros de nuestras familias, y nos entend\u00edamos. Uno tocaba, otro pintaba, te pinchaban para hacer fotos\u2026 Muy creativos, nos cre\u00edamos importantes, que hac\u00edamos algo hist\u00f3rico. No est\u00e1bamos en el arte por ganar dinero. Lo importante era la libertad para hacer lo que quer\u00edamos\u201d.<\/p>\n<header class=\"a_e _g _g-xs\">\n<div class=\"a_e_m\">\n<figure class=\"a_m a_m-h\"><figcaption class=\"a_m_p\"><a class=\"a_md_a_n\" title=\"Ver todas las noticias de Elsa Fern\u00e1ndez-Santos\" href=\"https:\/\/elpais.com\/autor\/elsa-fernandez-santos\/#?rel=author_top\"><strong>Elsa Fern\u00e1ndez-Santos<\/strong><\/a><\/p>\n<p>FOTO: Ouka Leele, en una imagen de junio de 2010.<span class=\"a_m_m\">Gorka Lejarcegi<\/span><\/figcaption><\/figure>\n<\/div>\n<\/header>\n<div class=\"a_md _g _g-xs ni\">\n<div class=\"a_md_txt\">\n<div class=\"a_md_a\" data-dtm-region=\"articulo_firma\">https:\/\/elpais.com\/cultura\/2022-05-24\/muere-a-los-64-anos-la-fotografa-ouka-leele.html#?rel=mas_sumario<\/div>\n<\/div>\n<\/div>\n<aside class=\"a_np\">\n<p style=\"text-align: justify;\"><strong>Con informaci\u00f3n de Manuel Morales.<\/strong><\/p>\n<\/aside>\n<\/div>\n","protected":false},"excerpt":{"rendered":"<p>B\u00e1rbara Allende Gil de Biedma fue uno de los rostros visibles del cambio social y&#8230;<\/p>\n","protected":false},"author":1,"featured_media":54569,"comment_status":"closed","ping_status":"closed","sticky":false,"template":"","format":"standard","meta":{"_coblocks_attr":"","_coblocks_dimensions":"","_coblocks_responsive_height":"","_coblocks_accordion_ie_support":"","jetpack_post_was_ever_published":false,"_jetpack_newsletter_access":"","_jetpack_dont_email_post_to_subs":false,"_jetpack_newsletter_tier_id":0,"_jetpack_memberships_contains_paywalled_content":false,"_jetpack_memberships_contains_paid_content":false,"footnotes":"","jetpack_publicize_message":"","jetpack_publicize_feature_enabled":true,"jetpack_social_post_already_shared":true,"jetpack_social_options":{"image_generator_settings":{"template":"highway","default_image_id":0,"enabled":false},"version":2}},"categories":[1161,44,6937,15],"tags":[236,9284,9283],"class_list":["post-54568","post","type-post","status-publish","format-standard","has-post-thumbnail","hentry","category-ciudadania","category-noticias-de-hoy","category-sociedad","category-ultimas-noticias","tag-fotografia","tag-movida-madrilena","tag-ouka-leele"],"jetpack_publicize_connections":[],"jetpack_featured_media_url":"https:\/\/i0.wp.com\/miradordeatarfe.es\/wp-content\/uploads\/2022\/05\/4A47WVAKG5GU5EYLDROMYN4NNQ.jpg?fit=1960%2C1386&ssl=1","jetpack_likes_enabled":true,"jetpack_sharing_enabled":true,"_links":{"self":[{"href":"https:\/\/miradordeatarfe.es\/index.php?rest_route=\/wp\/v2\/posts\/54568","targetHints":{"allow":["GET"]}}],"collection":[{"href":"https:\/\/miradordeatarfe.es\/index.php?rest_route=\/wp\/v2\/posts"}],"about":[{"href":"https:\/\/miradordeatarfe.es\/index.php?rest_route=\/wp\/v2\/types\/post"}],"author":[{"embeddable":true,"href":"https:\/\/miradordeatarfe.es\/index.php?rest_route=\/wp\/v2\/users\/1"}],"replies":[{"embeddable":true,"href":"https:\/\/miradordeatarfe.es\/index.php?rest_route=%2Fwp%2Fv2%2Fcomments&post=54568"}],"version-history":[{"count":1,"href":"https:\/\/miradordeatarfe.es\/index.php?rest_route=\/wp\/v2\/posts\/54568\/revisions"}],"predecessor-version":[{"id":54570,"href":"https:\/\/miradordeatarfe.es\/index.php?rest_route=\/wp\/v2\/posts\/54568\/revisions\/54570"}],"wp:featuredmedia":[{"embeddable":true,"href":"https:\/\/miradordeatarfe.es\/index.php?rest_route=\/wp\/v2\/media\/54569"}],"wp:attachment":[{"href":"https:\/\/miradordeatarfe.es\/index.php?rest_route=%2Fwp%2Fv2%2Fmedia&parent=54568"}],"wp:term":[{"taxonomy":"category","embeddable":true,"href":"https:\/\/miradordeatarfe.es\/index.php?rest_route=%2Fwp%2Fv2%2Fcategories&post=54568"},{"taxonomy":"post_tag","embeddable":true,"href":"https:\/\/miradordeatarfe.es\/index.php?rest_route=%2Fwp%2Fv2%2Ftags&post=54568"}],"curies":[{"name":"wp","href":"https:\/\/api.w.org\/{rel}","templated":true}]}}