{"id":54578,"date":"2022-05-30T11:37:01","date_gmt":"2022-05-30T09:37:01","guid":{"rendered":"https:\/\/miradordeatarfe.es\/?p=54578"},"modified":"2022-05-28T10:04:12","modified_gmt":"2022-05-28T08:04:12","slug":"ninos-sin-alma-por-remedios-sanchez","status":"publish","type":"post","link":"https:\/\/miradordeatarfe.es\/?p=54578","title":{"rendered":"\u00abNI\u00d1OS SIN ALMA\u00bb por  Remedios S\u00e1nchez"},"content":{"rendered":"<h3 align=\"JUSTIFY\"><span lang=\"es-ES\">Hay quien no se ha enterado a\u00fan y ha convertido a los ni\u00f1os en un capricho que, cuando son beb\u00e9s, inspiran mucha ternura, pero que luego les da pereza a la hora de educarlos<\/span><\/h3>\n<p align=\"JUSTIFY\"><span style=\"font-family: Times New Roman, serif;\"><span style=\"font-size: medium;\"><span lang=\"es-ES\">La palabra ni\u00f1o es un vuelo de palomas y una mano peque\u00f1a que trata de coger la luna llena; se abraza a las olas peque\u00f1as que visten la orilla cuando es verano y alborota las hojas amarillas del oto\u00f1o, salta en los charcos de las lluvias primeras y pregunta los nombres de las verdades exactas. Todo es un descubrimiento, una sorpresa, una mirada que tiene detr\u00e1s a una personita que hay que encender a la vida verdadera, igual que se encienden las luces de los faros para no chocar contra las rocas. Los ni\u00f1os vienen al mundo cargados de inocencia, buscando entender, y son los adultos que est\u00e1n a su alrededor quienes deben ser conscientes de la responsabilidad que tienen para guiarles, para ense\u00f1arlos a tiempo a discriminar el bien del mal. Tener un hijo no es elegir el lugar de vacaciones o comprarse un coche nuevo. Pero hay quien no se ha enterado a\u00fan y ha convertido a los ni\u00f1os en un capricho que, cuando son beb\u00e9s, inspiran mucha ternura, pero que luego les da pereza a la hora de educarlos, de ir ciment\u00e1ndoles una identidad firme donde los valores \u00e9ticos, el compromiso con la realidad, el respeto al otro, la igualdad o la capacidad para aceptar que ellos no tienen siempre raz\u00f3n y no se pueden salir con la suya por sistema, son claves irrenunciables. <\/span><\/span><\/span><\/p>\n<p align=\"JUSTIFY\"><span style=\"font-family: Times New Roman, serif;\"><span style=\"font-size: medium;\"><span lang=\"es-ES\">Mientras escribo esto tengo en la retira la cara del homicida, de este adolescente de dieciocho a\u00f1os que ha asesinado a veintiuna personas en una escuela tejana. Diecinueve ni\u00f1os, de entre nueve y once a\u00f1os, y sus dos maestras. Tambi\u00e9n trato de concebir c\u00f3mo se puede recibir con aplausos a una manada de violadores (los cinco menores de edad) que han agredido sexualmente a dos ni\u00f1as de doce a\u00f1os en Burjasot; o la perversidad con la que proceden sin m\u00e1s consecuencias los asesinos de Marta del Castillo, la sevillana a la que sus padres no pueden ni siquiera llorar porque no hay un lugar certero, una tumba a la que llevar rosas blancas para una ni\u00f1a de diecisiete a\u00f1os con mil sue\u00f1os por cumplir. Se niegan a decirlo. Tal es su maldad que, trece a\u00f1os despu\u00e9s, contin\u00faan burl\u00e1ndose de la familia de una chiquilla que \u00fanicamente cometi\u00f3 un error: creerse enamorada de un individuo repugnante. <\/span><\/span><\/span><\/p>\n<p align=\"JUSTIFY\"><span style=\"font-family: Times New Roman, serif;\"><span style=\"font-size: medium;\"><span lang=\"es-ES\">Son s\u00f3lo tres muestras del tipo de sociedad que est\u00e1 form\u00e1ndose; la culpa, evidentemente, es de quien viola o asesina, pero nadie podr\u00e1 negar el componente educacional que existe detr\u00e1s. Hemos dejado de hablar con los hijos, con las hijas, los hemos convertido en desconocidos que habitan nuestra casa; y ellos se han vengado refugi\u00e1ndose en lo m\u00e1s siniestro de las redes sociales, en la emulaci\u00f3n de los patrones m\u00e1s execrables. Y una se pregunta en qu\u00e9 momento algunos de ellos han pasado de tener los ojos colmados de ambici\u00f3n por comprender la vida a convertirse en monstruos, en seres sin alma a los que habr\u00eda que hacer responsables de sus comportamientos con mucho m\u00e1s rigor penal, que no debieran nunca esconderse entre aclamaciones y abrazos; porque las conductas de otros se refuerzan por la imitaci\u00f3n de estos viles ejemplos. Viendo esto, la duda es qu\u00e9 valores se est\u00e1n transmitiendo hoy con esta dejaci\u00f3n de funciones, con esta negligencia culpable, tan habitual ya, que es el legado que muchos padres y madres indolentes dejar\u00e1n el futuro.<\/span><\/span><\/span><\/p>\n","protected":false},"excerpt":{"rendered":"<p>Hay quien no se ha enterado a\u00fan y ha convertido a los ni\u00f1os en un&#8230;<\/p>\n","protected":false},"author":1,"featured_media":54579,"comment_status":"closed","ping_status":"closed","sticky":false,"template":"","format":"standard","meta":{"_coblocks_attr":"","_coblocks_dimensions":"","_coblocks_responsive_height":"","_coblocks_accordion_ie_support":"","jetpack_post_was_ever_published":false,"_jetpack_newsletter_access":"","_jetpack_dont_email_post_to_subs":false,"_jetpack_newsletter_tier_id":0,"_jetpack_memberships_contains_paywalled_content":false,"_jetpack_memberships_contains_paid_content":false,"footnotes":"","jetpack_publicize_message":"","jetpack_publicize_feature_enabled":true,"jetpack_social_post_already_shared":true,"jetpack_social_options":{"image_generator_settings":{"template":"highway","default_image_id":0,"enabled":false},"version":2}},"categories":[1161,44,7671,6914,6937,15],"tags":[27,389,956],"class_list":["post-54578","post","type-post","status-publish","format-standard","has-post-thumbnail","hentry","category-ciudadania","category-noticias-de-hoy","category-politica","category-opinion-de-reme-sanchez","category-sociedad","category-ultimas-noticias","tag-educacion","tag-infancia","tag-matanzas"],"jetpack_publicize_connections":[],"jetpack_featured_media_url":"https:\/\/i0.wp.com\/miradordeatarfe.es\/wp-content\/uploads\/2022\/05\/images.jpg?fit=271%2C186&ssl=1","jetpack_likes_enabled":true,"jetpack_sharing_enabled":true,"_links":{"self":[{"href":"https:\/\/miradordeatarfe.es\/index.php?rest_route=\/wp\/v2\/posts\/54578","targetHints":{"allow":["GET"]}}],"collection":[{"href":"https:\/\/miradordeatarfe.es\/index.php?rest_route=\/wp\/v2\/posts"}],"about":[{"href":"https:\/\/miradordeatarfe.es\/index.php?rest_route=\/wp\/v2\/types\/post"}],"author":[{"embeddable":true,"href":"https:\/\/miradordeatarfe.es\/index.php?rest_route=\/wp\/v2\/users\/1"}],"replies":[{"embeddable":true,"href":"https:\/\/miradordeatarfe.es\/index.php?rest_route=%2Fwp%2Fv2%2Fcomments&post=54578"}],"version-history":[{"count":1,"href":"https:\/\/miradordeatarfe.es\/index.php?rest_route=\/wp\/v2\/posts\/54578\/revisions"}],"predecessor-version":[{"id":54580,"href":"https:\/\/miradordeatarfe.es\/index.php?rest_route=\/wp\/v2\/posts\/54578\/revisions\/54580"}],"wp:featuredmedia":[{"embeddable":true,"href":"https:\/\/miradordeatarfe.es\/index.php?rest_route=\/wp\/v2\/media\/54579"}],"wp:attachment":[{"href":"https:\/\/miradordeatarfe.es\/index.php?rest_route=%2Fwp%2Fv2%2Fmedia&parent=54578"}],"wp:term":[{"taxonomy":"category","embeddable":true,"href":"https:\/\/miradordeatarfe.es\/index.php?rest_route=%2Fwp%2Fv2%2Fcategories&post=54578"},{"taxonomy":"post_tag","embeddable":true,"href":"https:\/\/miradordeatarfe.es\/index.php?rest_route=%2Fwp%2Fv2%2Ftags&post=54578"}],"curies":[{"name":"wp","href":"https:\/\/api.w.org\/{rel}","templated":true}]}}