{"id":54588,"date":"2022-05-31T10:34:32","date_gmt":"2022-05-31T08:34:32","guid":{"rendered":"https:\/\/miradordeatarfe.es\/?p=54588"},"modified":"2022-05-29T20:46:08","modified_gmt":"2022-05-29T18:46:08","slug":"45-000-empleos-publicos","status":"publish","type":"post","link":"https:\/\/miradordeatarfe.es\/?p=54588","title":{"rendered":"45.000 empleos p\u00fablicos"},"content":{"rendered":"<h3 style=\"text-align: justify;\">El acuerdo alcanzado culmina con una oferta r\u00e9cord el refuerzo de la Administraci\u00f3n iniciado en los \u00faltimos a\u00f1os<\/h3>\n<p style=\"text-align: justify;\"><a title=\"https:\/\/elpais.com\/economia\/2022-05-23\/el-gobierno-acuerda-con-los-sindicatos-una-oferta-de-empleo-publico-de-29578-plazas-para-2022.html\" href=\"http:\/\/t.newsletter.elpais.com\/r\/?id=h3ec58cdb,88f25e4,4903766\" target=\"_blank\" rel=\"noopener noreferrer\" data-saferedirecturl=\"https:\/\/www.google.com\/url?q=http:\/\/t.newsletter.elpais.com\/r\/?id%3Dh3ec58cdb,88f25e4,4903766&amp;source=gmail&amp;ust=1653935070392000&amp;usg=AOvVaw3S_fRSZ7TX-WnzJRK7uYR6\">El Gobierno y los sindicatos han alcanzado un acuerdo sobre empleo p\u00fablico<\/a> que significa la reversi\u00f3n del enflaquecimiento que vivi\u00f3 la Administraci\u00f3n durante la Gran Recesi\u00f3n. Desde la llegada del Gobierno de coalici\u00f3n en 2018 el aumento de la oferta ha sido notorio, pero el acuerdo alcanzado ayer <a title=\"https:\/\/elpais.com\/economia\/2022-05-24\/el-gobierno-lanza-la-mayor-oferta-de-empleo-publico-44788-plazas-para-2022.html\" href=\"http:\/\/t.newsletter.elpais.com\/r\/?id=h3ec58cdb,88f25e4,4903767\" target=\"_blank\" rel=\"noopener noreferrer\" data-saferedirecturl=\"https:\/\/www.google.com\/url?q=http:\/\/t.newsletter.elpais.com\/r\/?id%3Dh3ec58cdb,88f25e4,4903767&amp;source=gmail&amp;ust=1653935070392000&amp;usg=AOvVaw3GbjwXjRtw6RjIMHwvrWYB\"> significa la aprobaci\u00f3n de una convocatoria hist\u00f3rica e in\u00e9dita de 44.788 plazas de empleos p\u00fablicos.<\/a> En torno a 22.000 de esas plazas ampl\u00edan plantillas, otras 12.000 son de promoci\u00f3n interna y el resto de consolidaci\u00f3n de empleo temporal. Las plazas se destinar\u00e1n mayoritariamente a la Administraci\u00f3n General del Estado, que recibir\u00e1 m\u00e1s de 25.000, e ir\u00e1n complementadas con plazas para Justicia, fuerzas y cuerpos de la Seguridad del Estado, Ej\u00e9rcito y Seguridad Social. No hay precedentes para semejante cifra de empleo p\u00fablico y supone, en palabras de los sindicatos que han alcanzado el acuerdo, revertir los recortes que supusieron las tasas de reposici\u00f3n cero que se aprobaron durante el ajuste de los a\u00f1os 2011 a 2014, en los que las jubilaciones de funcionarios se quedaron sin cubrir. El resultado de aquella medida, pensada para ahorrar costes permanentes de personal, dej\u00f3 una Administraci\u00f3n escu\u00e1lida y debilitada, con serios problemas para ejecutar adecuadamente muchos de sus servicios, con una plantilla del sector p\u00fablico por debajo de la media de la OCDE y con un excesivo recurso a la subcontrataci\u00f3n a trav\u00e9s de empresas p\u00fablicas y privadas, con menores restricciones para contratar personal.<\/p>\n<p style=\"text-align: justify;\">La decisi\u00f3n no pod\u00eda ser m\u00e1s oportuna. Tras a\u00f1os sin una adecuada renovaci\u00f3n del personal de las administraciones p\u00fablicas, <a title=\"https:\/\/elpais.com\/economia\/2021-07-27\/la-ocde-avisa-a-espana-por-el-envejecimiento-de-sus-empleados-publicos.html\" href=\"http:\/\/t.newsletter.elpais.com\/r\/?id=h3ec58cdb,88f25e4,4903768\" target=\"_blank\" rel=\"noopener noreferrer\" data-saferedirecturl=\"https:\/\/www.google.com\/url?q=http:\/\/t.newsletter.elpais.com\/r\/?id%3Dh3ec58cdb,88f25e4,4903768&amp;source=gmail&amp;ust=1653935070392000&amp;usg=AOvVaw3vTQkQ5NwhiM08N9CZHXy0\"> Espa\u00f1a es, seg\u00fan la OCDE, uno de los pa\u00edses con la plantilla de funcionarios m\u00e1s envejecida<\/a> en m\u00faltiples sectores, y s\u00f3lo superada por Grecia y por Italia: el 65,54% de los trabajadores de administraciones del Estado tiene m\u00e1s de 50 a\u00f1os. En la OCDE los trabajadores p\u00fablicos menores de 35 a\u00f1os suponen el 19%, mientras que en Espa\u00f1a esta cifra se reduce hasta un exiguo 5% del total. Tambi\u00e9n Espa\u00f1a ha sido en varias ocasiones reprendida por la tasa de temporalidad de sus trabajadores p\u00fablicos, una de las m\u00e1s altas de la Uni\u00f3n Europea. A falta de la posibilidad de consolidar plazas \u2014y por lo tanto gastos de personal\u2014 se opt\u00f3 por cubrir numerosos servicios p\u00fablicos con plazas interinas o de personal laboral con contratos temporales. El resultado ha sido una creciente masa de trabajadores p\u00fablicos sometidos a la inestabilidad laboral y una ausencia de personal con carreras funcionariales estables, que necesariamente ha terminado afectando a la eficacia y eficiencia de servicios como la administraci\u00f3n de justicia, pero tambi\u00e9n en la sanidad y la ense\u00f1anza. Pero hay m\u00e1s: los retrasos en la puesta en marcha del ingreso m\u00ednimo vital han tenido mucho que ver con la ausencia de funcionarios en las oficinas de la Seguridad Social, y las dudas sobre la capacidad de gesti\u00f3n del Fondo de Recuperaci\u00f3n tienen una de sus razones en la escasez de personal cualificado.<\/p>\n<p style=\"text-align: justify;\">La decisi\u00f3n de reforzar los servicios p\u00fablicos dependientes del Estado avanza en la buena direcci\u00f3n, pero debe ser completada con un ejercicio igualmente ambicioso por parte de las administraciones p\u00fablicas auton\u00f3micas y locales porque todas est\u00e1n sujetas a los mismos condicionantes de envejecimiento, escasez y temporalidad. Si queremos servicios p\u00fablicos de calidad, es imprescindible contar con los recursos humanos necesarios, tanto en t\u00e9rminos de cantidad como de calidad.<\/p>\n<p>EL PAIS<\/p>\n<p>FOTO:\u00a0<small class=\"image__caption\">En 2021 hay 622.295 funcionarios en situaci\u00f3n de interinidad<\/small><\/p>\n<p>&nbsp;<\/p>\n","protected":false},"excerpt":{"rendered":"<p>El acuerdo alcanzado culmina con una oferta r\u00e9cord el refuerzo de la Administraci\u00f3n iniciado en&#8230;<\/p>\n","protected":false},"author":1,"featured_media":54589,"comment_status":"closed","ping_status":"closed","sticky":false,"template":"","format":"standard","meta":{"_coblocks_attr":"","_coblocks_dimensions":"","_coblocks_responsive_height":"","_coblocks_accordion_ie_support":"","jetpack_post_was_ever_published":false,"_jetpack_newsletter_access":"","_jetpack_dont_email_post_to_subs":false,"_jetpack_newsletter_tier_id":0,"_jetpack_memberships_contains_paywalled_content":false,"_jetpack_memberships_contains_paid_content":false,"footnotes":"","jetpack_publicize_message":"","jetpack_publicize_feature_enabled":true,"jetpack_social_post_already_shared":true,"jetpack_social_options":{"image_generator_settings":{"template":"highway","default_image_id":0,"enabled":false},"version":2}},"categories":[1161,44,7671,6937,15],"tags":[5688,6550],"class_list":["post-54588","post","type-post","status-publish","format-standard","has-post-thumbnail","hentry","category-ciudadania","category-noticias-de-hoy","category-politica","category-sociedad","category-ultimas-noticias","tag-empleo-publico","tag-gobierno-de-espana"],"jetpack_publicize_connections":[],"jetpack_featured_media_url":"https:\/\/i0.wp.com\/miradordeatarfe.es\/wp-content\/uploads\/2022\/05\/OPO.jpg?fit=1300%2C731&ssl=1","jetpack_likes_enabled":true,"jetpack_sharing_enabled":true,"_links":{"self":[{"href":"https:\/\/miradordeatarfe.es\/index.php?rest_route=\/wp\/v2\/posts\/54588","targetHints":{"allow":["GET"]}}],"collection":[{"href":"https:\/\/miradordeatarfe.es\/index.php?rest_route=\/wp\/v2\/posts"}],"about":[{"href":"https:\/\/miradordeatarfe.es\/index.php?rest_route=\/wp\/v2\/types\/post"}],"author":[{"embeddable":true,"href":"https:\/\/miradordeatarfe.es\/index.php?rest_route=\/wp\/v2\/users\/1"}],"replies":[{"embeddable":true,"href":"https:\/\/miradordeatarfe.es\/index.php?rest_route=%2Fwp%2Fv2%2Fcomments&post=54588"}],"version-history":[{"count":1,"href":"https:\/\/miradordeatarfe.es\/index.php?rest_route=\/wp\/v2\/posts\/54588\/revisions"}],"predecessor-version":[{"id":54590,"href":"https:\/\/miradordeatarfe.es\/index.php?rest_route=\/wp\/v2\/posts\/54588\/revisions\/54590"}],"wp:featuredmedia":[{"embeddable":true,"href":"https:\/\/miradordeatarfe.es\/index.php?rest_route=\/wp\/v2\/media\/54589"}],"wp:attachment":[{"href":"https:\/\/miradordeatarfe.es\/index.php?rest_route=%2Fwp%2Fv2%2Fmedia&parent=54588"}],"wp:term":[{"taxonomy":"category","embeddable":true,"href":"https:\/\/miradordeatarfe.es\/index.php?rest_route=%2Fwp%2Fv2%2Fcategories&post=54588"},{"taxonomy":"post_tag","embeddable":true,"href":"https:\/\/miradordeatarfe.es\/index.php?rest_route=%2Fwp%2Fv2%2Ftags&post=54588"}],"curies":[{"name":"wp","href":"https:\/\/api.w.org\/{rel}","templated":true}]}}