{"id":54623,"date":"2022-05-31T11:41:10","date_gmt":"2022-05-31T09:41:10","guid":{"rendered":"https:\/\/miradordeatarfe.es\/?p=54623"},"modified":"2022-05-30T19:00:09","modified_gmt":"2022-05-30T17:00:09","slug":"atarfe-dia-mundial-del-medio-ambiente-5-de-junio","status":"publish","type":"post","link":"https:\/\/miradordeatarfe.es\/?p=54623","title":{"rendered":"ATARFE: D\u00cdA MUNDIAL DEL MEDIO AMBIENTE. 5 DE JUNIO."},"content":{"rendered":"<div class=\"\" dir=\"auto\">\n<div id=\"jsc_c_m9\" class=\"ecm0bbzt hv4rvrfc ihqw7lf3 dati1w0a\" data-ad-comet-preview=\"message\" data-ad-preview=\"message\">\n<div class=\"j83agx80 cbu4d94t ew0dbk1b irj2b8pg\">\n<div class=\"qzhwtbm6 knvmm38d\">\n<div class=\"kvgmc6g5 cxmmr5t8 oygrvhab hcukyx3x c1et5uql ii04i59q\">\n<h3 dir=\"auto\" style=\"text-align: justify;\">Como todos los a\u00f1os, el Ayuntamiento de Atarfe quiere sumarse a la celebraci\u00f3n del D\u00eda Mundial del Medio Ambiente que se celebra el 5 de junio, para lo que ha organizado a lo largo de toda la semana pr\u00f3xima una serie de actividades dirigidas a todos los vecinos y vecinas del municipio.<\/h3>\n<div dir=\"auto\" style=\"text-align: justify;\"><span class=\"ILfuVd\"><span class=\"hgKElc\">El <b>D\u00eda<\/b> Mundial del <b>Medio Ambiente<\/b> se celebra desde 1974. Se eligi\u00f3 el <b>5 de junio porque<\/b> esa misma fecha, en 1972, se desarroll\u00f3 en Estocolmo (Suecia) la primera gran conferencia sobre temas relativos al <b>medio ambiente<\/b>, conocida como la Cumbre de Estocolmo.<\/span><\/span><\/div>\n<\/div>\n<\/div>\n<div dir=\"auto\" style=\"text-align: justify;\">\u00a0<\/div>\n<div dir=\"auto\" style=\"text-align: justify;\"><span class=\"ILfuVd\"><span class=\"hgKElc\">Dirigido por el Programa de las Naciones Unidas para el Medio Ambiente (PNUMA) y celebrado cada <b>5 de junio<\/b> desde 1974, el D\u00eda Mundial del Medio Ambiente <b>es<\/b> la plataforma mundial m\u00e1s grande para la divulgaci\u00f3n ambiental y lo <b>celebran<\/b> millones de personas en todo el mundo.<\/span><\/span><\/div>\n<div dir=\"auto\" style=\"text-align: justify;\">\n<h3 class=\"page-title\">\u201cUna sola Tierra\u201d, lema del D\u00eda Mundial del Medio Ambiente 2022<\/h3>\n<div class=\"region region-content\">\n<div id=\"block-system-main\" class=\"block block-system clearfix\">\n<div class=\"content\">\n<article id=\"node-14930\" class=\"node node-story node-promoted  clearfix\">\n<div class=\"content\">\n<div class=\"field field-name-body field-type-text-with-summary field-label-hidden\">\n<div class=\"field-items\">\n<div class=\"field-item even\">\n<ul>\n<li>Se invita a la poblaci\u00f3n \u00a0a vivir de manera sostenible y en armon\u00eda con la naturaleza.<\/li>\n<li>En 2022 se cumplen 50 a\u00f1os de la designaci\u00f3n del 5 de junio como D\u00eda Mundial del Medio Ambiente en la Conferencia de las Naciones Unidas sobre el Medio Humano en Estocolmo<\/li>\n<\/ul>\n<\/div>\n<\/div>\n<\/div>\n<\/div>\n<\/article>\n<\/div>\n<\/div>\n<\/div>\n<\/div>\n<div class=\"qzhwtbm6 knvmm38d\">\n<div class=\"kvgmc6g5 cxmmr5t8 oygrvhab hcukyx3x c1et5uql ii04i59q\">\n<div dir=\"auto\" style=\"text-align: justify;\">ATARFE tiene por objetivo de este a\u00f1o\u00a0 tratar diversos temas ambientales, entre otros: <strong>residuos, aguas, energ\u00eda o cambio clim\u00e1tico<\/strong>. Se realizar\u00e1n talleres, una feria de energ\u00edas renovables y mesa redonda, jornadas informativas, entre otros, terminando la semana con la celebraci\u00f3n de un concierto en la Plaza del Ayuntamiento.<\/div>\n<div dir=\"auto\" style=\"text-align: justify;\">\u00a0<\/div>\n<div dir=\"auto\" style=\"text-align: justify;\"><a href=\"https:\/\/i0.wp.com\/miradordeatarfe.es\/wp-content\/uploads\/2022\/05\/285122825_5297981576932336_2606004920681511374_n.jpg?ssl=1\"><img data-recalc-dims=\"1\" loading=\"lazy\" decoding=\"async\" class=\"alignnone  wp-image-54626\" src=\"https:\/\/i0.wp.com\/miradordeatarfe.es\/wp-content\/uploads\/2022\/05\/285122825_5297981576932336_2606004920681511374_n.jpg?resize=591%2C836&#038;ssl=1\" alt=\"\" width=\"591\" height=\"836\" srcset=\"https:\/\/i0.wp.com\/miradordeatarfe.es\/wp-content\/uploads\/2022\/05\/285122825_5297981576932336_2606004920681511374_n.jpg?w=509&amp;ssl=1 509w, https:\/\/i0.wp.com\/miradordeatarfe.es\/wp-content\/uploads\/2022\/05\/285122825_5297981576932336_2606004920681511374_n.jpg?resize=212%2C300&amp;ssl=1 212w\" sizes=\"auto, (max-width: 591px) 100vw, 591px\" \/><\/a><\/div>\n<div dir=\"auto\">\u00a0<\/div>\n<div dir=\"auto\">\u00a0<\/div>\n<\/div>\n<\/div>\n<\/div>\n<\/div>\n<\/div>\n","protected":false},"excerpt":{"rendered":"<p>Como todos los a\u00f1os, el Ayuntamiento de Atarfe quiere sumarse a la celebraci\u00f3n del D\u00eda&#8230;<\/p>\n","protected":false},"author":1,"featured_media":54627,"comment_status":"closed","ping_status":"closed","sticky":false,"template":"","format":"standard","meta":{"_coblocks_attr":"","_coblocks_dimensions":"","_coblocks_responsive_height":"","_coblocks_accordion_ie_support":"","jetpack_post_was_ever_published":false,"_jetpack_newsletter_access":"","_jetpack_dont_email_post_to_subs":false,"_jetpack_newsletter_tier_id":0,"_jetpack_memberships_contains_paywalled_content":false,"_jetpack_memberships_contains_paid_content":false,"footnotes":"","jetpack_publicize_message":"","jetpack_publicize_feature_enabled":true,"jetpack_social_post_already_shared":true,"jetpack_social_options":{"image_generator_settings":{"template":"highway","default_image_id":0,"enabled":false},"version":2}},"categories":[2,7725,6916,9,44,15],"tags":[99,9291],"class_list":["post-54623","post","type-post","status-publish","format-standard","has-post-thumbnail","hentry","category-atarfe","category-atarfe-sostenible","category-ayuntamiento-de-atarfe","category-medio-ambiente","category-noticias-de-hoy","category-ultimas-noticias","tag-medio-ambiente","tag-una-sola-tierra"],"jetpack_publicize_connections":[],"jetpack_featured_media_url":"https:\/\/i0.wp.com\/miradordeatarfe.es\/wp-content\/uploads\/2022\/05\/indice-6.jpg?fit=280%2C180&ssl=1","jetpack_likes_enabled":true,"jetpack_sharing_enabled":true,"_links":{"self":[{"href":"https:\/\/miradordeatarfe.es\/index.php?rest_route=\/wp\/v2\/posts\/54623","targetHints":{"allow":["GET"]}}],"collection":[{"href":"https:\/\/miradordeatarfe.es\/index.php?rest_route=\/wp\/v2\/posts"}],"about":[{"href":"https:\/\/miradordeatarfe.es\/index.php?rest_route=\/wp\/v2\/types\/post"}],"author":[{"embeddable":true,"href":"https:\/\/miradordeatarfe.es\/index.php?rest_route=\/wp\/v2\/users\/1"}],"replies":[{"embeddable":true,"href":"https:\/\/miradordeatarfe.es\/index.php?rest_route=%2Fwp%2Fv2%2Fcomments&post=54623"}],"version-history":[{"count":1,"href":"https:\/\/miradordeatarfe.es\/index.php?rest_route=\/wp\/v2\/posts\/54623\/revisions"}],"predecessor-version":[{"id":54628,"href":"https:\/\/miradordeatarfe.es\/index.php?rest_route=\/wp\/v2\/posts\/54623\/revisions\/54628"}],"wp:featuredmedia":[{"embeddable":true,"href":"https:\/\/miradordeatarfe.es\/index.php?rest_route=\/wp\/v2\/media\/54627"}],"wp:attachment":[{"href":"https:\/\/miradordeatarfe.es\/index.php?rest_route=%2Fwp%2Fv2%2Fmedia&parent=54623"}],"wp:term":[{"taxonomy":"category","embeddable":true,"href":"https:\/\/miradordeatarfe.es\/index.php?rest_route=%2Fwp%2Fv2%2Fcategories&post=54623"},{"taxonomy":"post_tag","embeddable":true,"href":"https:\/\/miradordeatarfe.es\/index.php?rest_route=%2Fwp%2Fv2%2Ftags&post=54623"}],"curies":[{"name":"wp","href":"https:\/\/api.w.org\/{rel}","templated":true}]}}