{"id":5473,"date":"2015-12-20T08:32:10","date_gmt":"2015-12-20T08:32:10","guid":{"rendered":"http:\/\/miradordeatarfe.es\/?p=5473"},"modified":"2015-12-23T08:26:15","modified_gmt":"2015-12-23T08:26:15","slug":"evolucion-de-la-participacion-en-las-elecciones-generales-1977-2011","status":"publish","type":"post","link":"https:\/\/miradordeatarfe.es\/?p=5473","title":{"rendered":"Evoluci\u00f3n de la participaci\u00f3n en las elecciones generales (1977-2011)"},"content":{"rendered":"<p>En las \u00faltimas elecciones, en 2011, la participaci\u00f3n baj\u00f3 cinco puntos respecto a los comicios de 2008 | El r\u00e9cord est\u00e1 en el 79,97% registrado en 1982, cuando el PSOE de Felipe Gonz\u00e1lez logr\u00f3 mayor\u00eda absoluta y UCD se hundi\u00f3<!--more--><\/p>\n<p>Desde que se instaur\u00f3 la democracia en 1977 se han celebrado en Espa\u00f1a once <b>elecciones generales<\/b>. Los comicios al Congreso son tradicionalmente <a href=\"http:\/\/elecciones.lavanguardia.com\/generales\/2015\/resultados\/\" shape=\"rect\">los que registran mayor participaci\u00f3n<\/a>, por encima de las elecciones municipales, europeas y los refer\u00e9ndums. El r\u00e9cord absoluto (79,97% de participaci\u00f3n) se registr\u00f3 en <b>octubre de 1982<\/b>, las elecciones que auparon al Gobierno de Espa\u00f1a al PSOE de Felipe Gonz\u00e1lez , que logr\u00f3 la mayor\u00eda absoluta por primera vez, y supusieron el hundimiento de UCD, que gobernaba en la anterior legislatura con Adolfo Su\u00e1rez.<\/p>\n<p>En las \u00faltimas elecciones generales, celebradas en noviembre de 2011 y que acabaron con la victoria de Mariano Rajoy (PP), se registr\u00f3 menos del 69% de participaci\u00f3n, algo que s\u00f3lo ha ocurrido en dos ocasiones m\u00e1s. Adem\u00e1s, esta cifra supuso un descenso en la participaci\u00f3n de casi cinco puntos respecto a las elecciones de marzo de 2008, en las que el Jos\u00e9 Luis Rodr\u00edguez Zapatero (PSOE) super\u00f3 por segunda vez a Rajoy.<\/p>\n<div class=\"text-center\">\n<hr \/>\n<\/div>\n<div class=\"text-center\">\n<div id=\"footer\">\n<div class=\"footer-right\">\n<p><a class=\"logo\" href=\"http:\/\/www.lavanguardia.com\/vangdata\/index.html\" target=\"_blank\">\u00a0<\/a><\/p>\n<div id=\"header\" class=\"dw-chart-header\">\n<h1><span class=\"chart-title\">Participaci\u00f3n en elecciones generales en Espa\u00f1a (1977-2011)<\/span><\/h1>\n<p class=\"chart-intro\">Este gr\u00e1fico muestra el porcentaje de participaci\u00f3n, abstenci\u00f3n, votos blancos y votos nulos de las elecciones generales celebradas en Espa\u00f1a desde que se instaur\u00f3 la democracia:<\/p>\n<\/div>\n<div id=\"chart\">\n<div id=\"datatable_wrapper\" class=\"dataTables_wrapper\">\n<table id=\"datatable\" class=\"datatable-default dataTable\">\n<thead>\n<tr>\n<th class=\"sorting_asc\" tabindex=\"0\" colspan=\"1\" rowspan=\"1\">Elecciones<\/th>\n<th class=\"sorting\" tabindex=\"0\" colspan=\"1\" rowspan=\"1\">Participaci\u00f3n<\/th>\n<th class=\"sorting\" tabindex=\"0\" colspan=\"1\" rowspan=\"1\">Abstenci\u00f3n<\/th>\n<th class=\"sorting\" tabindex=\"0\" colspan=\"1\" rowspan=\"1\">Votos en blanco<\/th>\n<th class=\"sorting\" tabindex=\"0\" colspan=\"1\" rowspan=\"1\">Votos nulos<\/th>\n<\/tr>\n<\/thead>\n<tbody>\n<tr class=\"odd\">\n<td class=\"date sorting_1\" title=\"Elecciones\">jun-77<\/td>\n<td class=\"number \" title=\"Participaci\u00f3n\">78,83<\/td>\n<td class=\"number \" title=\"Abstenci\u00f3n\">21,17<\/td>\n<td class=\"number \" title=\"Votos en blanco\">0,25<\/td>\n<td class=\"number \" title=\"Votos nulos\">1,43<\/td>\n<\/tr>\n<tr class=\"even\">\n<td class=\"date sorting_1\" title=\"Elecciones\">mar-79<\/td>\n<td class=\"number \" title=\"Participaci\u00f3n\">68,04<\/td>\n<td class=\"number \" title=\"Abstenci\u00f3n\">31,96<\/td>\n<td class=\"number \" title=\"Votos en blanco\">0,32<\/td>\n<td class=\"number \" title=\"Votos nulos\">1,47<\/td>\n<\/tr>\n<tr class=\"odd\">\n<td class=\"date sorting_1\" title=\"Elecciones\">oct-82<\/td>\n<td class=\"number \" title=\"Participaci\u00f3n\">79,97<\/td>\n<td class=\"number \" title=\"Abstenci\u00f3n\">20,03<\/td>\n<td class=\"number \" title=\"Votos en blanco\">0,47<\/td>\n<td class=\"number \" title=\"Votos nulos\">1,95<\/td>\n<\/tr>\n<tr class=\"even\">\n<td class=\"date sorting_1\" title=\"Elecciones\">jun-86<\/td>\n<td class=\"number \" title=\"Participaci\u00f3n\">70,49<\/td>\n<td class=\"number \" title=\"Abstenci\u00f3n\">29,51<\/td>\n<td class=\"number \" title=\"Votos en blanco\">0,60<\/td>\n<td class=\"number \" title=\"Votos nulos\">1,57<\/td>\n<\/tr>\n<tr class=\"odd\">\n<td class=\"date sorting_1\" title=\"Elecciones\">oct-89<\/td>\n<td class=\"number \" title=\"Participaci\u00f3n\">69,74<\/td>\n<td class=\"number \" title=\"Abstenci\u00f3n\">30,26<\/td>\n<td class=\"number \" title=\"Votos en blanco\">0,69<\/td>\n<td class=\"number \" title=\"Votos nulos\">0,74<\/td>\n<\/tr>\n<tr class=\"even\">\n<td class=\"date sorting_1\" title=\"Elecciones\">jun-93<\/td>\n<td class=\"number \" title=\"Participaci\u00f3n\">76,44<\/td>\n<td class=\"number \" title=\"Abstenci\u00f3n\">23,56<\/td>\n<td class=\"number \" title=\"Votos en blanco\">0,80<\/td>\n<td class=\"number \" title=\"Votos nulos\">0,54<\/td>\n<\/tr>\n<tr class=\"odd\">\n<td class=\"date sorting_1\" title=\"Elecciones\">mar-96<\/td>\n<td class=\"number \" title=\"Participaci\u00f3n\">77,38<\/td>\n<td class=\"number \" title=\"Abstenci\u00f3n\">22,62<\/td>\n<td class=\"number \" title=\"Votos en blanco\">0,97<\/td>\n<td class=\"number \" title=\"Votos nulos\">0,50<\/td>\n<\/tr>\n<tr class=\"even\">\n<td class=\"date sorting_1\" title=\"Elecciones\">mar-00<\/td>\n<td class=\"number \" title=\"Participaci\u00f3n\">68,71<\/td>\n<td class=\"number \" title=\"Abstenci\u00f3n\">31,29<\/td>\n<td class=\"number \" title=\"Votos en blanco\">1,58<\/td>\n<td class=\"number \" title=\"Votos nulos\">0,68<\/td>\n<\/tr>\n<tr class=\"odd\">\n<td class=\"date sorting_1\" title=\"Elecciones\">mar-04<\/td>\n<td class=\"number \" title=\"Participaci\u00f3n\">75,66<\/td>\n<td class=\"number \" title=\"Abstenci\u00f3n\">24,34<\/td>\n<td class=\"number \" title=\"Votos en blanco\">1,58<\/td>\n<td class=\"number \" title=\"Votos nulos\">1,01<\/td>\n<\/tr>\n<tr class=\"even\">\n<td class=\"date sorting_1\" title=\"Elecciones\">mar-08<\/td>\n<td class=\"number \" title=\"Participaci\u00f3n\">73,85<\/td>\n<td class=\"number \" title=\"Abstenci\u00f3n\">26,15<\/td>\n<td class=\"number \" title=\"Votos en blanco\">1,11<\/td>\n<td class=\"number \" title=\"Votos nulos\">0,64<\/td>\n<\/tr>\n<tr class=\"odd\">\n<td class=\"date sorting_1\" title=\"Elecciones\">nov-11<\/td>\n<td class=\"number \" title=\"Participaci\u00f3n\">68,94<\/td>\n<td class=\"number \" title=\"Abstenci\u00f3n\">31,06<\/td>\n<td class=\"number \" title=\"Votos en blanco\">1,37<\/td>\n<td class=\"number \" title=\"Votos nulos\">1,29<\/td>\n<\/tr>\n<\/tbody>\n<\/table>\n<\/div>\n<\/div>\n<\/div>\n<\/div>\n<\/div>\n<div class=\"text-center\">\n<hr \/>\n<p>Se espera que en las elecciones del pr\u00f3ximo <b>20D<\/b> vuelva a aumentar la movilizaci\u00f3n, y algunos analistas especulan con la posibilidad de que la participaci\u00f3n se acerque o incluso supere el r\u00e9cord, algo que ya ocurri\u00f3 -y con un amplio margen- en <a href=\"http:\/\/elecciones.lavanguardia.com\/catalanas\/2015\/resultados-cataluna-ccaa\/\" shape=\"rect\">las elecciones catalanas del 27S<\/a>, en las que se super\u00f3 por diez puntos la cifra registrada en 2012.<\/p>\n<\/div>\n<div class=\"text-center\">\n<hr \/>\n<\/div>\n<div class=\"text-center\"><\/div>\n","protected":false},"excerpt":{"rendered":"<p>En las \u00faltimas elecciones, en 2011, la participaci\u00f3n baj\u00f3 cinco puntos respecto a los comicios&#8230;<\/p>\n","protected":false},"author":1,"featured_media":5475,"comment_status":"closed","ping_status":"closed","sticky":false,"template":"","format":"standard","meta":{"_coblocks_attr":"","_coblocks_dimensions":"","_coblocks_responsive_height":"","_coblocks_accordion_ie_support":"","jetpack_post_was_ever_published":false,"_jetpack_newsletter_access":"","_jetpack_dont_email_post_to_subs":false,"_jetpack_newsletter_tier_id":0,"_jetpack_memberships_contains_paywalled_content":false,"_jetpack_memberships_contains_paid_content":false,"footnotes":"","jetpack_publicize_message":"","jetpack_publicize_feature_enabled":true,"jetpack_social_post_already_shared":false,"jetpack_social_options":{"image_generator_settings":{"template":"highway","default_image_id":0,"enabled":false},"version":2}},"categories":[1161,15],"tags":[171,1540,42],"class_list":["post-5473","post","type-post","status-publish","format-standard","has-post-thumbnail","hentry","category-ciudadania","category-ultimas-noticias","tag-elecciones","tag-participacion","tag-politica"],"jetpack_publicize_connections":[],"jetpack_featured_media_url":"https:\/\/i0.wp.com\/miradordeatarfe.es\/wp-content\/uploads\/2015\/12\/img_dibernon_20150927-144831_imagenes_lv_propias_dibernon_vot12-k3tD-U30871113286X5C-992x558%40LaVanguardia-Web.jpg?fit=991%2C558&ssl=1","jetpack_likes_enabled":true,"jetpack_sharing_enabled":true,"_links":{"self":[{"href":"https:\/\/miradordeatarfe.es\/index.php?rest_route=\/wp\/v2\/posts\/5473","targetHints":{"allow":["GET"]}}],"collection":[{"href":"https:\/\/miradordeatarfe.es\/index.php?rest_route=\/wp\/v2\/posts"}],"about":[{"href":"https:\/\/miradordeatarfe.es\/index.php?rest_route=\/wp\/v2\/types\/post"}],"author":[{"embeddable":true,"href":"https:\/\/miradordeatarfe.es\/index.php?rest_route=\/wp\/v2\/users\/1"}],"replies":[{"embeddable":true,"href":"https:\/\/miradordeatarfe.es\/index.php?rest_route=%2Fwp%2Fv2%2Fcomments&post=5473"}],"version-history":[{"count":2,"href":"https:\/\/miradordeatarfe.es\/index.php?rest_route=\/wp\/v2\/posts\/5473\/revisions"}],"predecessor-version":[{"id":5480,"href":"https:\/\/miradordeatarfe.es\/index.php?rest_route=\/wp\/v2\/posts\/5473\/revisions\/5480"}],"wp:featuredmedia":[{"embeddable":true,"href":"https:\/\/miradordeatarfe.es\/index.php?rest_route=\/wp\/v2\/media\/5475"}],"wp:attachment":[{"href":"https:\/\/miradordeatarfe.es\/index.php?rest_route=%2Fwp%2Fv2%2Fmedia&parent=5473"}],"wp:term":[{"taxonomy":"category","embeddable":true,"href":"https:\/\/miradordeatarfe.es\/index.php?rest_route=%2Fwp%2Fv2%2Fcategories&post=5473"},{"taxonomy":"post_tag","embeddable":true,"href":"https:\/\/miradordeatarfe.es\/index.php?rest_route=%2Fwp%2Fv2%2Ftags&post=5473"}],"curies":[{"name":"wp","href":"https:\/\/api.w.org\/{rel}","templated":true}]}}