{"id":54839,"date":"2022-06-07T11:33:10","date_gmt":"2022-06-07T09:33:10","guid":{"rendered":"https:\/\/miradordeatarfe.es\/?p=54839"},"modified":"2024-09-11T11:51:46","modified_gmt":"2024-09-11T09:51:46","slug":"las-campanas-electorales-por-fuencisla-moreno","status":"publish","type":"post","link":"https:\/\/miradordeatarfe.es\/?p=54839","title":{"rendered":"\u00abLAS CAMPA\u00d1AS ELECTORALES\u00bb por Fuencisla Moreno"},"content":{"rendered":"<div dir=\"auto\">\n<h3 dir=\"auto\">El dia 2 empez\u00f3 la campa\u00f1a electoral en Andalucia y el recuerdo me traslada a los primeros a\u00f1os de democracia y a algunas de aquellas primeras pegadas de carteles los d\u00edas que comenzaban\u00a0 las campa\u00f1as electorales.<\/h3>\n<div dir=\"auto\" style=\"text-align: justify;\">\u00a0\u00a0Cada partido sol\u00eda acudir a su sede a recoger la carteler\u00eda, los cubos con cola de pegar y las brochas y cepillos necesarios para embadurnar las paredes y dejar fijadas las caras de los candidatos (no recuerdo ver carteles con ninguna candidata) y los sloganes y las siglas de los diferentes partidos pol\u00edticos, al menos los 15 d\u00edas que duraba la campa\u00f1a.\u00a0\u00a0<\/div>\n<div dir=\"auto\">\u00a0<\/div>\n<div dir=\"auto\" style=\"text-align: justify;\">Me dec\u00eda m\u00ed padre, que acudi\u00f3 a muchas pegadas,\u00a0 que las cuadrillas encargadas de tal menester, se concentraban media hora antes de las 12 de la noche en diferentes puntos de la calle Real y otras calles importantes del pueblo. Todos quer\u00edan los mejores sitios, pero para que ning\u00fan partido se viera perjudicado, terminaban por acuerdo, reparti\u00e9ndose los espacios y por supuesto, respet\u00e1ndolos.<\/div>\n<div dir=\"auto\">\u00a0<\/div>\n<div dir=\"auto\" style=\"text-align: justify;\">Los candidatos en los carteles sol\u00edan mostrar su mejor y m\u00e1s sonriente imagen ( igual que hoy), no hab\u00eda redes sociales para publicitar sus candidaturas, ni grupos de whatsapp, solo aquellos carteles y las cu\u00f1as publicitarias que\u00a0 la televisi\u00f3n p\u00fablica les ofrec\u00eda y las que en la radio y los peri\u00f3dicos pod\u00edan pagar.\u00a0\u00a0<\/div>\n<div dir=\"auto\">\u00a0<\/div>\n<div dir=\"auto\" style=\"text-align: justify;\">Unos d\u00edas antes de las elecciones, los militantes m\u00e1s conocidos en el pueblo visitaban puerta a puerta a los vecinos repartiendo las papeletas de la candidatura y entreg\u00e1ndoles\u00a0 el programa electoral.<\/div>\n<div dir=\"auto\">\u00a0<\/div>\n<div dir=\"auto\" style=\"text-align: justify;\">Era todo m\u00e1s cercano, m\u00e1s ilusionante, m\u00e1s de verdad&#8230;<\/div>\n<div dir=\"auto\">\u00a0<\/div>\n<div dir=\"auto\" style=\"text-align: justify;\">Y aquellos hombres y mujeres que sal\u00edan con ilusi\u00f3n, esperanza y convicci\u00f3n a pegar carteles el d\u00eda que empezaba la campa\u00f1a, mucho m\u00e1s tolerantes, m\u00e1s respetuosos y mucho m\u00e1s dem\u00f3cratas.<\/div>\n<div dir=\"auto\">\u00a0<\/div>\n<div dir=\"auto\">FOTO: https:\/\/biblioteca.ucm.es\/historica\/pc-vitrinas-13-y-14<\/div>\n<\/div>\n","protected":false},"excerpt":{"rendered":"<p>El dia 2 empez\u00f3 la campa\u00f1a electoral en Andalucia y el recuerdo me traslada a&#8230;<\/p>\n","protected":false},"author":1,"featured_media":54840,"comment_status":"closed","ping_status":"closed","sticky":false,"template":"","format":"standard","meta":{"_coblocks_attr":"","_coblocks_dimensions":"","_coblocks_responsive_height":"","_coblocks_accordion_ie_support":"","jetpack_post_was_ever_published":false,"_jetpack_newsletter_access":"","_jetpack_dont_email_post_to_subs":false,"_jetpack_newsletter_tier_id":0,"_jetpack_memberships_contains_paywalled_content":false,"_jetpack_memberships_contains_paid_content":false,"footnotes":"","jetpack_publicize_message":"","jetpack_publicize_feature_enabled":true,"jetpack_social_post_already_shared":true,"jetpack_social_options":{"image_generator_settings":{"template":"highway","default_image_id":0,"enabled":false},"version":2}},"categories":[2,1161,2949,44,7671,15],"tags":[9317,9318],"class_list":["post-54839","post","type-post","status-publish","format-standard","has-post-thumbnail","hentry","category-atarfe","category-ciudadania","category-opinion-de-fuencisla-moreno","category-noticias-de-hoy","category-politica","category-ultimas-noticias","tag-campanas-electorales","tag-pegada-de-carteles"],"jetpack_publicize_connections":[],"jetpack_featured_media_url":"https:\/\/i0.wp.com\/miradordeatarfe.es\/wp-content\/uploads\/2022\/06\/407-2013-09-02-13-Madrid-Junio-1977_850x563.jpg?fit=800%2C530&ssl=1","jetpack_likes_enabled":true,"jetpack_sharing_enabled":true,"_links":{"self":[{"href":"https:\/\/miradordeatarfe.es\/index.php?rest_route=\/wp\/v2\/posts\/54839","targetHints":{"allow":["GET"]}}],"collection":[{"href":"https:\/\/miradordeatarfe.es\/index.php?rest_route=\/wp\/v2\/posts"}],"about":[{"href":"https:\/\/miradordeatarfe.es\/index.php?rest_route=\/wp\/v2\/types\/post"}],"author":[{"embeddable":true,"href":"https:\/\/miradordeatarfe.es\/index.php?rest_route=\/wp\/v2\/users\/1"}],"replies":[{"embeddable":true,"href":"https:\/\/miradordeatarfe.es\/index.php?rest_route=%2Fwp%2Fv2%2Fcomments&post=54839"}],"version-history":[{"count":1,"href":"https:\/\/miradordeatarfe.es\/index.php?rest_route=\/wp\/v2\/posts\/54839\/revisions"}],"predecessor-version":[{"id":54841,"href":"https:\/\/miradordeatarfe.es\/index.php?rest_route=\/wp\/v2\/posts\/54839\/revisions\/54841"}],"wp:featuredmedia":[{"embeddable":true,"href":"https:\/\/miradordeatarfe.es\/index.php?rest_route=\/wp\/v2\/media\/54840"}],"wp:attachment":[{"href":"https:\/\/miradordeatarfe.es\/index.php?rest_route=%2Fwp%2Fv2%2Fmedia&parent=54839"}],"wp:term":[{"taxonomy":"category","embeddable":true,"href":"https:\/\/miradordeatarfe.es\/index.php?rest_route=%2Fwp%2Fv2%2Fcategories&post=54839"},{"taxonomy":"post_tag","embeddable":true,"href":"https:\/\/miradordeatarfe.es\/index.php?rest_route=%2Fwp%2Fv2%2Ftags&post=54839"}],"curies":[{"name":"wp","href":"https:\/\/api.w.org\/{rel}","templated":true}]}}