{"id":5486,"date":"2015-12-20T10:18:31","date_gmt":"2015-12-20T10:18:31","guid":{"rendered":"http:\/\/miradordeatarfe.es\/?p=5486"},"modified":"2015-12-23T08:26:07","modified_gmt":"2015-12-23T08:26:07","slug":"ahora-o-nunca-y-hasta-aqui-he-llegado-por-juan-alfredo-bellon","status":"publish","type":"post","link":"https:\/\/miradordeatarfe.es\/?p=5486","title":{"rendered":"AHORA O NUNCA Y HASTA AQU\u00cd HE LLEGADO.  Por Juan Alfredo Bell\u00f3n"},"content":{"rendered":"<p><i><b>AHORA O NUNCA Y HASTA AQU\u00cd HE LLEGADO.\u00a0 <\/b><\/i><b>Por Juan Alfredo Bell\u00f3n. El Mirador de Atarfe, DESDE EL MIRADOR N\u00ba91,<\/b><!--more--><\/p>\n<p align=\"JUSTIFY\">Tengo que decirlo alto y claro y repetir que el que avisa no es traidor: si de esta no sale el PP<b> <\/b>descalabrado; si, tras tanta rapi\u00f1a y tropel\u00eda, el electorado espa\u00f1ol no reconoce en nuestros <i>conservadores <\/i>lo que son en su mayor\u00eda (cuasi o para fascistas), es porque nos merecemos todo lo que nos pase y esto ser\u00e1 el definitivo desmantelamiento del estado del bienestar y la aniquilaci\u00f3n de las libertades avanzadas y para todos que se dise\u00f1aron en la Constituci\u00f3n de 1978. Ya est\u00e1 bien de tanto cloroformo y de tanta tergiversaci\u00f3n de la realidad real y de la verdad verdadera; ya est\u00e1 bien de ese buenismo t\u00e1ctico que pudo tener sentido, como el consenso, en tiempos pret\u00e9ritos: Ahora, cuando este siglo veintiuno ya est\u00e1 saliendo del culero, hay que llamar a las cosas por su nombre, al pan, pan, y al vino, vino y a la derechona facistoide y meapilas, eso, lo que acaso nunca dej\u00f3 de ser a pesar del signo de los tiempos y del <i>agiornamiento<\/i> evidente de otros sectores de la moderaci\u00f3n.<\/p>\n<p align=\"JUSTIFY\">Los nuestros no, estos son ultramontanos en el sentido literal del t\u00e9rmino: los que se tiran al monte y m\u00e1s all\u00e1 antes de que cante el gallo, d\u00e1ndose golpes de pecho por nuestros pecados, como el padre Rom\u00e1n, que dice sentir por el joven presuntamente sodomizado que lo delat\u00f3 \u201cun amor inmenso\u201d aunque no especifica de qu\u00e9 clase porque al amor no es tan \u00fanico como nuestra madre, que lo hay de muy diferentes maneras y algunas son mucho menos generosas y m\u00e1s depredadoras que otras.<\/p>\n<p align=\"JUSTIFY\">A nuestra derecha se le viene viendo el plumero cuando ense\u00f1a constantemente la patita por debajo de la puerta, qu\u00e9 digo la patita, la pezu\u00f1a, porque no pasa jam\u00e1s la prueba del algod\u00f3n, como el padre Rom\u00e1n, que fue se\u00f1alado por su <i>inmensamente<\/i> <i>amada <\/i>v\u00edctima (\u00e9l seguir\u00e1 pensando que es su delator) dando santo y se\u00f1a del color de su <i>capullo;<\/i> <i>por sus prepucios los conocer\u00e9is<\/i> y, cuando alguien los se\u00f1ala por sus hechos y los llama por su nombre com\u00fan, embusteros, maltratadores, injustos, cobardes, etc., ellos hacen much\u00edsimos aspavientos, como Cristiano Ronaldo cuando no le pitan un <i>penaldo <\/i>o le se\u00f1alan una falta en ataque, y entonces despliegan las peores artes de los fariseos y de los maniqueos: \u201c\u00a1Hasta esto hemos llegado! \u00a1Ni Jesucristo pas\u00f3 de la cruz ni yo paso se aqu\u00ed1 \u00a1Ustedes son ruines, mezquinos deleznables y miserables!\u201d. Y se dejan algunos piropos como \u201cfelones y malnacidos\u201d en el tintero para no quedarse sin munici\u00f3n propia y caracter\u00edstica de esa que era frecuente durante el Franquismo, cuando a una simple reuni\u00f3n en M\u00fcnich para reivindicar la recuperaci\u00f3n de la democracia la llamaron \u201cel contubernio de la traici\u00f3n\u201d impulsando as\u00ed a quienes entonces ten\u00edamos una competencia l\u00e9xica limitada a consultar el diccionario para ampliar nuestros conocimientos.<\/p>\n<p align=\"JUSTIFY\">Y en esto me viene a la memoria la <i>astracanada<\/i> de Pedro Mu\u00f1oz Seca en <i>La venganza de don Mendo, <\/i>en versi\u00f3n cinematogr\u00e1fica de Fernando Fern\u00e1n<i> <\/i>G\u00f3mez, cuando al protagonista se le erizan los pelos y se le abren las carnes por las ofensas recibidas en su honor y tilda a sus enemigos de <i>villanos, ruines, felones, malandrines<\/i>, o de cuando Don Quijote se emplea a fondo verbalmente con los molinos o los reba\u00f1os de enemigos fingidos por su escabrosa imaginaci\u00f3n. Hay una sobreactuaci\u00f3n semejante en estas ristras de imprecaciones tan <i>caballerescas <\/i>puestas en boca por Cervantes de los ya trasnochados y rid\u00edculos caballeros andantes cuyo estilo, en una de defensa imposible, es remitirse al antiguo y marchito c\u00f3digo de Caballer\u00eda. Solo que en los siglos XVI y XVII la cr\u00edtica de aquellas ridiculeces era un ejercicio moderno y erasmista y hoy acogerse a aquella ret\u00f3rica tan desmedida como anticuada es un ejercicio \u00e9tico, est\u00e9tico y pol\u00edtico de atraso y descomposici\u00f3n. Es como posar crey\u00e9ndose uno el Caballero de la Mano en el Pecho para un film porno de la factor\u00eda Play Boy.<\/p>\n<p align=\"JUSTIFY\">Y luego viene la descojonaci\u00f3n, cuando la naturaleza imita al arte y un <i>perro-flauta<\/i> gallego se toma la justicia por su pu\u00f1o izquierdo e intenta y casi logra partirle la jeta a don Mariano, como en la cu\u00f1a publicitaria de la casa Ford, donde un supuesto circo llega a la ciudad y trae tres principales atracciones: un tigre con dos cabezas, un hombre que mide dos metros&#8230; de ancho y una cig\u00fce\u00f1a que habla gallego (toc-toc-toc)\u2026 Hasta ese punto les han perdido el respeto a la Galicia profunda y a sus hijos predilectos. No es que Pedro S\u00e1nchez haya abierto la veda y desatado la violencia primero verbal y ahora f\u00edsica en la campa\u00f1a electoral; es que los gobernantes del PP han perdido la credibilidad y el respeto por sus pol\u00edticas antipopulares y por la sa\u00f1a y la indiferencia con las que las aplican y <i>de aquellos lodos vinieron estos bastos<\/i> que nadie desea ni aplaude, nadie <i>bien nacido<\/i>, dicen los \u201cpopulares\u201d, con esa tendencia a culpar a los padres y, sobre todo, las madres de cualquier supuesta culpa de sus hijos que son eso, bordes, ruines, mal nacidos y malcriados; felones, villanos y malandrines; escoria y desecho social que nunca podr\u00e1n ser presidentes de gobierno, por los siglos de los siglos. Anatema y am\u00e9n.<\/p>\n<p align=\"JUSTIFY\">Cono no lo arreglemos en las urnas&#8230;<\/p>\n","protected":false},"excerpt":{"rendered":"<p>AHORA O NUNCA Y HASTA AQU\u00cd HE LLEGADO.\u00a0 Por Juan Alfredo Bell\u00f3n. El Mirador de&#8230;<\/p>\n","protected":false},"author":1,"featured_media":5487,"comment_status":"closed","ping_status":"closed","sticky":false,"template":"","format":"standard","meta":{"_coblocks_attr":"","_coblocks_dimensions":"","_coblocks_responsive_height":"","_coblocks_accordion_ie_support":"","jetpack_post_was_ever_published":false,"_jetpack_newsletter_access":"","_jetpack_dont_email_post_to_subs":false,"_jetpack_newsletter_tier_id":0,"_jetpack_memberships_contains_paywalled_content":false,"_jetpack_memberships_contains_paid_content":false,"footnotes":"","jetpack_publicize_message":"","jetpack_publicize_feature_enabled":true,"jetpack_social_post_already_shared":false,"jetpack_social_options":{"image_generator_settings":{"template":"highway","default_image_id":0,"enabled":false},"version":2}},"categories":[1161,186,36,15],"tags":[171,1855,715],"class_list":["post-5486","post","type-post","status-publish","format-standard","has-post-thumbnail","hentry","category-ciudadania","category-instituciones","category-opinion-de-juan-alfredo-bellon","category-ultimas-noticias","tag-elecciones","tag-urnas","tag-votar"],"jetpack_publicize_connections":[],"jetpack_featured_media_url":"https:\/\/i0.wp.com\/miradordeatarfe.es\/wp-content\/uploads\/2015\/12\/voto_correo_20d.jpg?fit=610%2C413&ssl=1","jetpack_likes_enabled":true,"jetpack_sharing_enabled":true,"_links":{"self":[{"href":"https:\/\/miradordeatarfe.es\/index.php?rest_route=\/wp\/v2\/posts\/5486","targetHints":{"allow":["GET"]}}],"collection":[{"href":"https:\/\/miradordeatarfe.es\/index.php?rest_route=\/wp\/v2\/posts"}],"about":[{"href":"https:\/\/miradordeatarfe.es\/index.php?rest_route=\/wp\/v2\/types\/post"}],"author":[{"embeddable":true,"href":"https:\/\/miradordeatarfe.es\/index.php?rest_route=\/wp\/v2\/users\/1"}],"replies":[{"embeddable":true,"href":"https:\/\/miradordeatarfe.es\/index.php?rest_route=%2Fwp%2Fv2%2Fcomments&post=5486"}],"version-history":[{"count":1,"href":"https:\/\/miradordeatarfe.es\/index.php?rest_route=\/wp\/v2\/posts\/5486\/revisions"}],"predecessor-version":[{"id":5488,"href":"https:\/\/miradordeatarfe.es\/index.php?rest_route=\/wp\/v2\/posts\/5486\/revisions\/5488"}],"wp:featuredmedia":[{"embeddable":true,"href":"https:\/\/miradordeatarfe.es\/index.php?rest_route=\/wp\/v2\/media\/5487"}],"wp:attachment":[{"href":"https:\/\/miradordeatarfe.es\/index.php?rest_route=%2Fwp%2Fv2%2Fmedia&parent=5486"}],"wp:term":[{"taxonomy":"category","embeddable":true,"href":"https:\/\/miradordeatarfe.es\/index.php?rest_route=%2Fwp%2Fv2%2Fcategories&post=5486"},{"taxonomy":"post_tag","embeddable":true,"href":"https:\/\/miradordeatarfe.es\/index.php?rest_route=%2Fwp%2Fv2%2Ftags&post=5486"}],"curies":[{"name":"wp","href":"https:\/\/api.w.org\/{rel}","templated":true}]}}