{"id":54884,"date":"2022-06-12T11:19:31","date_gmt":"2022-06-12T09:19:31","guid":{"rendered":"https:\/\/miradordeatarfe.es\/?p=54884"},"modified":"2022-06-13T13:36:05","modified_gmt":"2022-06-13T11:36:05","slug":"jose-jimenez-jimena-arquitecto-atarfeno-por-jose-enrique-granados","status":"publish","type":"post","link":"https:\/\/miradordeatarfe.es\/?p=54884","title":{"rendered":"\u00abJOS\u00c9 JIM\u00c9NEZ JIMENA arquitecto atarfe\u00f1o\u00bb por Jos\u00e9 Enrique Granados"},"content":{"rendered":"<div class=\"\" dir=\"auto\">\n<div id=\"jsc_c_15k\" class=\"ecm0bbzt hv4rvrfc ihqw7lf3 dati1w0a\" data-ad-comet-preview=\"message\" data-ad-preview=\"message\">\n<div class=\"j83agx80 cbu4d94t ew0dbk1b irj2b8pg\">\n<div class=\"qzhwtbm6 knvmm38d\">\n<div class=\"kvgmc6g5 cxmmr5t8 oygrvhab hcukyx3x c1et5uql ii04i59q\">\n<h3 dir=\"auto\" style=\"text-align: justify;\">El pasado domingo 8 de mayo, IDEAL se hac\u00eda eco en sus p\u00e1ginas de los edificios de los diferentes arquitectos que \u201cmodelaron\u201d la Granada del siglo XX y que explican como es la Granada de este siglo. Entre los profesionales rese\u00f1ados cabe destacar a nuestro paisano Jos\u00e9 Jim\u00e9nez Jimena, del que nos hicimos eco ya en nuestra gacetilla, as\u00ed como en el especial de las fiestas del a\u00f1o 2008.<\/h3>\n<div dir=\"auto\" style=\"text-align: justify;\">\u00a0<\/div>\n<\/div>\n<div class=\"cxmmr5t8 oygrvhab hcukyx3x c1et5uql o9v6fnle ii04i59q\" style=\"text-align: justify;\">\n<div dir=\"auto\">Para ello contamos con el art\u00edculo del Dr. Garc\u00eda Bueno que realiz\u00f3 su tesis sobre la obra de este profesional de la arquitectura, hasta ahora olvidado, reflexionar sobre \u00e9l mismo y su obra, y demostrar c\u00f3mo en un momento de profunda metamorfosis en el panorama granadino, tanto desde el punto de vista sociol\u00f3gico como arquitect\u00f3nico, surge de forma espont\u00e1nea esta singular figura casi en solitario rompiendo con las formas arquitect\u00f3nicas, lenguajes, vol\u00famenes, etc., que se resist\u00edan a formar parte de una historia de cambios.<\/div>\n<div dir=\"auto\">\u00a0<\/div>\n<\/div>\n<div class=\"cxmmr5t8 oygrvhab hcukyx3x c1et5uql o9v6fnle ii04i59q\" style=\"text-align: justify;\">\n<div dir=\"auto\">Jos\u00e9 Jim\u00e9nez Jimena,<em> naci\u00f3 en Atarfe, el 23 de septiembre de 1921<\/em>, en el seno de una culta familia de intelectuales granadinos. Su abuelo fue miembro de la Real Academia Espa\u00f1ola de la Lengua y su padre catedr\u00e1tico de Matem\u00e1ticas en el Instituto \u00c1ngel Ganivet de Granada.<\/div>\n<div dir=\"auto\">\u00a0<\/div>\n<\/div>\n<div class=\"cxmmr5t8 oygrvhab hcukyx3x c1et5uql o9v6fnle ii04i59q\" style=\"text-align: justify;\">\n<div dir=\"auto\">Desde su infancia Jos\u00e9 Jim\u00e9nez Jimena demostr\u00f3 grandes habilidades art\u00edsticas, sobre todo siendo amante de la arquitectura y experimentando con inquietud el mundo de las artes pl\u00e1sticas. Su vida acad\u00e9mica comienza a fines de 1940 y comienzos de 1950, aproximadamente, cuando marcha a Madrid, para ver cumplidos sus sue\u00f1os proyectistas, al comenzar sus estudios en la Escuela Superior de Arquitectura de Madrid. Obtuvo el t\u00edtulo de arquitecto el 30 de junio de 1953, pasando a colegiarse el 29 de julio de ese mismo a\u00f1o, con el n\u00famero 63 en el Colegio de Arquitectos de Andaluc\u00eda Oriental, que englobaba las provincias de Granada, Ja\u00e9n, Almer\u00eda, M\u00e1laga, Ceuta y Melilla. Es, por tanto, Jos\u00e9 Jim\u00e9nez Jimena, perteneciente a la generaci\u00f3n de los a\u00f1os cincuenta, tambi\u00e9n llamada: <strong>Generaci\u00f3n de Posguerra.<\/strong><\/div>\n<div dir=\"auto\">\u00a0<\/div>\n<\/div>\n<div class=\"cxmmr5t8 oygrvhab hcukyx3x c1et5uql o9v6fnle ii04i59q\" style=\"text-align: justify;\">\n<div dir=\"auto\">Tras finalizar su etapa madrile\u00f1a, comienzan a trabajar para la administraci\u00f3n, como muchos de los arquitectos reci\u00e9n titulados. En 1956 gan\u00f3 por oposici\u00f3n el cargo de Arquitecto de la Diputaci\u00f3n de Ja\u00e9n en la Escuela Superior de Arquitectura de Madrid.<\/div>\n<div dir=\"auto\">\u00a0<\/div>\n<\/div>\n<div class=\"cxmmr5t8 oygrvhab hcukyx3x c1et5uql o9v6fnle ii04i59q\" style=\"text-align: justify;\">\n<div dir=\"auto\">En Ja\u00e9n gan\u00f3 algunos concursos y premios, destacando el Concurso Nacional de Urbanismo, que le vali\u00f3 el segundo premio alcanzado en el Concurso de Ideas para la Reforma interior de Ja\u00e9n, en colaboraci\u00f3n con Ram\u00f3n Pajares Pardo. Ambos fueron felicitados por el Pleno de la Diputaci\u00f3n, en el Bolet\u00edn Oficial de la Provincia. Otro de los premios fue el obtenido tras la ejecuci\u00f3n del Edificio de los Sindicatos, que realiz\u00f3 en colaboraci\u00f3n con el aparejador Antonio Escobedo y con el ingeniero Ram\u00f3n de la Torre, de la Confederaci\u00f3n Hidrogr\u00e1fica del Guadalquivir. Este emblem\u00e1tico edificio, le har\u00eda sentirse satisfecho profesionalmente, porque adem\u00e1s supuso la afirmaci\u00f3n de una trayectoria muy personal, ya que desde este edificio partir\u00e1n muchas de las premisas de las que consta su obra. Asimismo, serv\u00eda de contenedor de diferentes formas estil\u00edsticas de la arquitectura moderna del momento. En 1959 pedir\u00eda excedencia de su cargo en la Diputaci\u00f3n jiennense, para trasladarse a Granada donde se instalar\u00eda definitivamente, para dedicarse plenamente al ejercicio libre de su profesi\u00f3n.<\/div>\n<div dir=\"auto\">\u00a0<\/div>\n<\/div>\n<div class=\"cxmmr5t8 oygrvhab hcukyx3x c1et5uql o9v6fnle ii04i59q\" style=\"text-align: justify;\">\n<div dir=\"auto\">Jos\u00e9 Jim\u00e9nez Jimena realiz\u00f3 m\u00faltiples proyectos para otras provincias, algunos de los numerosos encargos se encuentran en Almer\u00eda, donde hizo un bloque de viviendas y bajos comerciales en la Puerta Purchena. En M\u00e1laga, la obra m\u00e1s importante y que \u00e9l mismo valor\u00f3 as\u00ed, fue el Edificio Flavia, frente al Hotel Miramar, en el Paseo de Reding. En Sevilla, construye varios bloques de viviendas en la calle Asunci\u00f3n y Virgen de Luj\u00e1n, obteniendo uno de ellos el Primer Premio de las Viviendas de Acogida en el Instituto Nacional de Vivienda. Estas fueron expuestas con motivo de la Feria del Campo de Madrid.<\/div>\n<div dir=\"auto\">\u00a0<\/div>\n<\/div>\n<div class=\"cxmmr5t8 oygrvhab hcukyx3x c1et5uql o9v6fnle ii04i59q\" style=\"text-align: justify;\">\n<div dir=\"auto\"><a href=\"https:\/\/i0.wp.com\/miradordeatarfe.es\/wp-content\/uploads\/2022\/06\/280261513_399300032203485_7447196601754610850_n.jpg?ssl=1\"><img data-recalc-dims=\"1\" loading=\"lazy\" decoding=\"async\" class=\"size-full wp-image-54885 alignleft\" src=\"https:\/\/i0.wp.com\/miradordeatarfe.es\/wp-content\/uploads\/2022\/06\/280261513_399300032203485_7447196601754610850_n.jpg?resize=526%2C720&#038;ssl=1\" alt=\"\" width=\"526\" height=\"720\" srcset=\"https:\/\/i0.wp.com\/miradordeatarfe.es\/wp-content\/uploads\/2022\/06\/280261513_399300032203485_7447196601754610850_n.jpg?w=526&amp;ssl=1 526w, https:\/\/i0.wp.com\/miradordeatarfe.es\/wp-content\/uploads\/2022\/06\/280261513_399300032203485_7447196601754610850_n.jpg?resize=219%2C300&amp;ssl=1 219w\" sizes=\"auto, (max-width: 526px) 100vw, 526px\" \/><\/a>Pero el volumen de su labor se desarrolla fundamentalmente en Granada, aqu\u00ed es donde se va a ver la forma en la que entendi\u00f3 la arquitectura de otras ciudades, despu\u00e9s de varios a\u00f1os de trayectoria profesional. Jos\u00e9 Jim\u00e9nez Jimena experimenta una fuerte influencia de las tendencias de la propia arquitectura moderna y en especial del Neoplasticismo. Piet Mondrian fue posiblemente uno de los que m\u00e1s le impact\u00f3 desde el punto de vista pict\u00f3rico y filos\u00f3fico. Adem\u00e1s, fue gran admirador de Le Corbusier y de Wright y en Espa\u00f1a admir\u00f3 el trabajo de Gaud\u00ed.<\/div>\n<div dir=\"auto\">\n<div class=\"\" dir=\"auto\">\n<div id=\"jsc_c_15k\" class=\"ecm0bbzt hv4rvrfc ihqw7lf3 dati1w0a\" data-ad-comet-preview=\"message\" data-ad-preview=\"message\">\n<div class=\"j83agx80 cbu4d94t ew0dbk1b irj2b8pg\">\n<div class=\"qzhwtbm6 knvmm38d\">\n<div class=\"kvgmc6g5 cxmmr5t8 oygrvhab hcukyx3x c1et5uql ii04i59q\">\n<div dir=\"auto\">El pasado domingo 8 de mayo, IDEAL se hac\u00eda eco en sus p\u00e1ginas de los edificios de los diferentes arquitectos que \u201cmodelaron\u201d la Granada del siglo XX y que explican como es la Granada de este siglo. Entre los profesionales rese\u00f1ados cabe destacar a nuestro paisano Jos\u00e9 Jim\u00e9nez Jimena, del que nos hicimos eco ya en nuestra gacetilla, as\u00ed como en el especial de las fiestas del a\u00f1o 2008.<\/div>\n<\/div>\n<div class=\"cxmmr5t8 oygrvhab hcukyx3x c1et5uql o9v6fnle ii04i59q\">\n<div dir=\"auto\">Para ello contamos con el art\u00edculo del Dr. Garc\u00eda Bueno que realiz\u00f3 su tesis sobre la obra de este profesional de la arquitectura, hasta ahora olvidado, reflexionar sobre \u00e9l mismo y su obra, y demostrar c\u00f3mo en un momento de profunda metamorfosis en el panorama granadino, tanto desde el punto de vista sociol\u00f3gico como arquitect\u00f3nico, surge de forma espont\u00e1nea esta singular figura casi en solitario rompiendo con las formas arquitect\u00f3nicas, lenguajes, vol\u00famenes, etc., que se resist\u00edan a formar parte de una historia de cambios.<\/div>\n<\/div>\n<div class=\"cxmmr5t8 oygrvhab hcukyx3x c1et5uql o9v6fnle ii04i59q\">\n<div dir=\"auto\">Jos\u00e9 Jim\u00e9nez Jimena, naci\u00f3 en Atarfe, el 23 de septiembre de 1921, en el seno de una culta familia de intelectuales granadinos. Su abuelo fue miembro de la Real Academia Espa\u00f1ola de la Lengua y su padre catedr\u00e1tico de Matem\u00e1ticas en el Instituto \u00c1ngel Ganivet de Granada.<\/div>\n<\/div>\n<div class=\"cxmmr5t8 oygrvhab hcukyx3x c1et5uql o9v6fnle ii04i59q\">\n<div dir=\"auto\">Desde su infancia Jos\u00e9 Jim\u00e9nez Jimena demostr\u00f3 grandes habilidades art\u00edsticas, sobre todo siendo amante de la arquitectura y experimentando con inquietud el mundo de las artes pl\u00e1sticas. Su vida acad\u00e9mica comienza a fines de 1940 y comienzos de 1950, aproximadamente, cuando marcha a Madrid, para ver cumplidos sus sue\u00f1os proyectistas, al comenzar sus estudios en la Escuela Superior de Arquitectura de Madrid. Obtuvo el t\u00edtulo de arquitecto el 30 de junio de 1953, pasando a colegiarse el 29 de julio de ese mismo a\u00f1o, con el n\u00famero 63 en el Colegio de Arquitectos de Andaluc\u00eda Oriental, que englobaba las provincias de Granada, Ja\u00e9n, Almer\u00eda, M\u00e1laga, Ceuta y Melilla. Es, por tanto, Jos\u00e9 Jim\u00e9nez Jimena, perteneciente a la generaci\u00f3n de los a\u00f1os cincuenta, tambi\u00e9n llamada: Generaci\u00f3n de Posguerra.<\/div>\n<\/div>\n<div class=\"cxmmr5t8 oygrvhab hcukyx3x c1et5uql o9v6fnle ii04i59q\">\n<div dir=\"auto\">Tras finalizar su etapa madrile\u00f1a, comienzan a trabajar para la administraci\u00f3n, como muchos de los arquitectos reci\u00e9n titulados. En 1956 gan\u00f3 por oposici\u00f3n el cargo de Arquitecto de la Diputaci\u00f3n de Ja\u00e9n en la Escuela Superior de Arquitectura de Madrid.<\/div>\n<\/div>\n<div class=\"cxmmr5t8 oygrvhab hcukyx3x c1et5uql o9v6fnle ii04i59q\">\n<div dir=\"auto\">En Ja\u00e9n gan\u00f3 algunos concursos y premios, destacando el Concurso Nacional de Urbanismo, que le vali\u00f3 el segundo premio alcanzado en el Concurso de Ideas para la Reforma interior de Ja\u00e9n, en colaboraci\u00f3n con Ram\u00f3n Pajares Pardo. Ambos fueron felicitados por el Pleno de la Diputaci\u00f3n, en el Bolet\u00edn Oficial de la Provincia. Otro de los premios fue el obtenido tras la ejecuci\u00f3n del Edificio de los Sindicatos, que realiz\u00f3 en colaboraci\u00f3n con el aparejador Antonio Escobedo y con el ingeniero Ram\u00f3n de la Torre, de la Confederaci\u00f3n Hidrogr\u00e1fica del Guadalquivir. Este emblem\u00e1tico edificio, le har\u00eda sentirse satisfecho profesionalmente, porque adem\u00e1s supuso la afirmaci\u00f3n de una trayectoria muy personal, ya que desde este edificio partir\u00e1n muchas de las premisas de las que consta su obra. Asimismo, serv\u00eda de contenedor de diferentes formas estil\u00edsticas de la arquitectura moderna del momento. En 1959 pedir\u00eda excedencia de su cargo en la Diputaci\u00f3n jiennense, para trasladarse a Granada donde se instalar\u00eda definitivamente, para dedicarse plenamente al ejercicio libre de su profesi\u00f3n.<\/div>\n<\/div>\n<div class=\"cxmmr5t8 oygrvhab hcukyx3x c1et5uql o9v6fnle ii04i59q\">\n<div dir=\"auto\">Jos\u00e9 Jim\u00e9nez Jimena realiz\u00f3 m\u00faltiples proyectos para otras provincias, algunos de los numerosos encargos se encuentran en Almer\u00eda, donde hizo un bloque de viviendas y bajos comerciales en la Puerta Purchena. En M\u00e1laga, la obra m\u00e1s importante y que \u00e9l mismo valor\u00f3 as\u00ed, fue el Edificio Flavia, frente al Hotel Miramar, en el Paseo de Reding. En Sevilla, construye varios bloques de viviendas en la calle Asunci\u00f3n y Virgen de Luj\u00e1n, obteniendo uno de ellos el Primer Premio de las Viviendas de Acogida en el Instituto Nacional de Vivienda. Estas fueron expuestas con motivo de la Feria del Campo de Madrid.<\/div>\n<\/div>\n<div class=\"cxmmr5t8 oygrvhab hcukyx3x c1et5uql o9v6fnle ii04i59q\">\n<div dir=\"auto\">Pero el volumen de su labor se desarrolla fundamentalmente en Granada, aqu\u00ed es donde se va a ver la forma en la que entendi\u00f3 la arquitectura de otras ciudades, despu\u00e9s de varios a\u00f1os de trayectoria profesional. Jos\u00e9 Jim\u00e9nez Jimena experimenta una fuerte influencia de las tendencias de la propia arquitectura moderna y en especial del Neoplasticismo. Piet Mondrian fue posiblemente uno de los que m\u00e1s le impact\u00f3 desde el punto de vista pict\u00f3rico y filos\u00f3fico. Adem\u00e1s, fue gran admirador de Le Corbusier y de Wright y en Espa\u00f1a admir\u00f3 el trabajo de Gaud\u00ed.<\/div>\n<\/div>\n<div class=\"cxmmr5t8 oygrvhab hcukyx3x c1et5uql o9v6fnle ii04i59q\">\n<div dir=\"auto\">En Atarfe realiz\u00f3 varios edificios. \u00bfConoc\u00e9is alguno?<\/div>\n<\/div>\n<\/div>\n<\/div>\n<\/div>\n<\/div>\n<\/div>\n<div dir=\"auto\">\u00a0<\/div>\n<\/div>\n<div class=\"cxmmr5t8 oygrvhab hcukyx3x c1et5uql o9v6fnle ii04i59q\" style=\"text-align: justify;\">\n<div dir=\"auto\"><strong>Gacetilla y curiosidades elvirenses.<\/strong><\/div>\n<div dir=\"auto\">\u00a0<\/div>\n<\/div>\n<div dir=\"auto\" style=\"text-align: justify;\">FOTO: <span style=\"font-family: Arial;\"> obtuvo el t\u00edtulo de arquitecto el 30 de junio de 1953, pasando a colegiarse el 29 de julio de ese mismo a\u00f1o, con el n\u00famero 63 en el Colegio de Arquitectos de Andaluc\u00eda Oriental<\/span><\/div>\n<div dir=\"auto\" style=\"text-align: justify;\">\u00a0<\/div>\n<div class=\"cxmmr5t8 oygrvhab hcukyx3x c1et5uql o9v6fnle ii04i59q\">\n<div dir=\"auto\" style=\"text-align: justify;\">https:\/\/www.facebook.com\/profile.php?id=100063704734064<\/div>\n<\/div>\n<\/div>\n<\/div>\n<\/div>\n<\/div>\n","protected":false},"excerpt":{"rendered":"<p>El pasado domingo 8 de mayo, IDEAL se hac\u00eda eco en sus p\u00e1ginas de los&#8230;<\/p>\n","protected":false},"author":1,"featured_media":54886,"comment_status":"closed","ping_status":"closed","sticky":false,"template":"","format":"standard","meta":{"_coblocks_attr":"","_coblocks_dimensions":"","_coblocks_responsive_height":"","_coblocks_accordion_ie_support":"","jetpack_post_was_ever_published":false,"_jetpack_newsletter_access":"","_jetpack_dont_email_post_to_subs":false,"_jetpack_newsletter_tier_id":0,"_jetpack_memberships_contains_paywalled_content":false,"_jetpack_memberships_contains_paid_content":false,"footnotes":"","jetpack_publicize_message":"","jetpack_publicize_feature_enabled":true,"jetpack_social_post_already_shared":true,"jetpack_social_options":{"image_generator_settings":{"template":"highway","default_image_id":0,"enabled":false},"version":2}},"categories":[2,12,1225,38,44,6539,15],"tags":[4596,81,9324],"class_list":["post-54884","post","type-post","status-publish","format-standard","has-post-thumbnail","hentry","category-atarfe","category-cultura","category-ha-de-atarfe","category-opinion-de-jose-enrique-granados","category-noticias-de-hoy","category-personajes-de-ataref","category-ultimas-noticias","tag-arquitecto","tag-atarfe","tag-jose-jimenez-jimena"],"jetpack_publicize_connections":[],"jetpack_featured_media_url":"https:\/\/i0.wp.com\/miradordeatarfe.es\/wp-content\/uploads\/2022\/06\/clip_image0234-2.jpg?fit=206%2C143&ssl=1","jetpack_likes_enabled":true,"jetpack_sharing_enabled":true,"_links":{"self":[{"href":"https:\/\/miradordeatarfe.es\/index.php?rest_route=\/wp\/v2\/posts\/54884","targetHints":{"allow":["GET"]}}],"collection":[{"href":"https:\/\/miradordeatarfe.es\/index.php?rest_route=\/wp\/v2\/posts"}],"about":[{"href":"https:\/\/miradordeatarfe.es\/index.php?rest_route=\/wp\/v2\/types\/post"}],"author":[{"embeddable":true,"href":"https:\/\/miradordeatarfe.es\/index.php?rest_route=\/wp\/v2\/users\/1"}],"replies":[{"embeddable":true,"href":"https:\/\/miradordeatarfe.es\/index.php?rest_route=%2Fwp%2Fv2%2Fcomments&post=54884"}],"version-history":[{"count":2,"href":"https:\/\/miradordeatarfe.es\/index.php?rest_route=\/wp\/v2\/posts\/54884\/revisions"}],"predecessor-version":[{"id":54888,"href":"https:\/\/miradordeatarfe.es\/index.php?rest_route=\/wp\/v2\/posts\/54884\/revisions\/54888"}],"wp:featuredmedia":[{"embeddable":true,"href":"https:\/\/miradordeatarfe.es\/index.php?rest_route=\/wp\/v2\/media\/54886"}],"wp:attachment":[{"href":"https:\/\/miradordeatarfe.es\/index.php?rest_route=%2Fwp%2Fv2%2Fmedia&parent=54884"}],"wp:term":[{"taxonomy":"category","embeddable":true,"href":"https:\/\/miradordeatarfe.es\/index.php?rest_route=%2Fwp%2Fv2%2Fcategories&post=54884"},{"taxonomy":"post_tag","embeddable":true,"href":"https:\/\/miradordeatarfe.es\/index.php?rest_route=%2Fwp%2Fv2%2Ftags&post=54884"}],"curies":[{"name":"wp","href":"https:\/\/api.w.org\/{rel}","templated":true}]}}