{"id":54894,"date":"2022-06-18T11:54:15","date_gmt":"2022-06-18T09:54:15","guid":{"rendered":"https:\/\/miradordeatarfe.es\/?p=54894"},"modified":"2023-02-17T20:11:48","modified_gmt":"2023-02-17T19:11:48","slug":"fabrica-de-cementos-de-atarfe-por-jose-enrique-granados","status":"publish","type":"post","link":"https:\/\/miradordeatarfe.es\/?p=54894","title":{"rendered":"\u00bb FABRICA DE CEMENTOS DE ATARFE\u00bb por Jos\u00e9 Enrique Granados"},"content":{"rendered":"<div class=\"\" dir=\"auto\">\n<div id=\"jsc_c_17p\" class=\"ecm0bbzt hv4rvrfc ihqw7lf3 dati1w0a\" data-ad-comet-preview=\"message\" data-ad-preview=\"message\">\n<div class=\"j83agx80 cbu4d94t ew0dbk1b irj2b8pg\">\n<div class=\"qzhwtbm6 knvmm38d\">\n<div class=\"kvgmc6g5 cxmmr5t8 oygrvhab hcukyx3x c1et5uql ii04i59q\">\n<h3 dir=\"auto\" style=\"text-align: justify;\">Al pie de Sierra Elvira, en el municipio granadino de Atarfe, junto a la l\u00ednea de ferrocarril Granada-Bobadilla, se encuentran las ruinas de un antiguo edificio industrial, se trata de la f\u00e1brica \u201cNuestra Se\u00f1ora de los Dolores\u201d, en la que se produc\u00eda Cemento Porland artificial y cal hidr\u00e1ulica.<\/h3>\n<div dir=\"auto\" style=\"text-align: justify;\">La empresa fue fundada en 1903 por D\u00aa. Dolores Romero Pozo, con un capital social de 1.500.000 pesetas y con domicilio social en la Carrera del Genil, n\u00ba 63 y 65 (Granada). M\u00e1s adelante, se har\u00edan cargo de la empresa sus sobrinos Indalecio e Inocencio Romero de la Cruz; Inocencio tras el fallecimiento de su hermano har\u00eda cargo de la direcci\u00f3n de la f\u00e1brica hasta su clausura.<\/div>\n<div dir=\"auto\" style=\"text-align: justify;\">\u00a0<\/div>\n<div dir=\"auto\" style=\"text-align: justify;\">Aunque hoy s\u00f3lo podemos contemplar unas evocadoras ruinas industriales en un paraje singular y con unas magn\u00edficas panor\u00e1micas de la Vega de Granada; en esta ocasi\u00f3n, queremos recuperar para la memoria hist\u00f3rica algunos de los datos m\u00e1s importantes sobre esta f\u00e1brica de cementos, por haber sido la m\u00e1s antigua de Andaluc\u00eda y una de las primeras instaladas en Espa\u00f1a.<\/div>\n<div dir=\"auto\" style=\"text-align: justify;\">\u00a0<\/div>\n<div dir=\"auto\" style=\"text-align: justify;\">El estado actual de las edificaciones es de ruina progresiva; la mayor parte de las cubiertas se han desplomado, aunque las estructuras de muros de hormig\u00f3n y los silos permanecen en pie, los elementos met\u00e1licos han sido desmontados y vendidos por chatarreros; ahora s\u00f3lo subsiste un imponente armaz\u00f3n de hormig\u00f3n, cuyos alrededores se han convertido en un vertedero de basura con numerosos restos de neum\u00e1ticos que frecuentemente son incendiados.<\/div>\n<div dir=\"auto\" style=\"text-align: justify;\">\u00a0<\/div>\n<div dir=\"auto\" style=\"text-align: justify;\">Extra\u00eddo del art\u00edculo titulado \u201cLa f\u00e1brica de cementos \u201cNuestra Se\u00f1ora de los Dolores\u201d, Atarfe (Granada)\u201d de Miguel Gim\u00e9nez Yanguas y Jos\u00e9 Miguel Reyes Mesa (Grupo de Investigaci\u00f3n de Patrimonio Industrial, Universidad de Granada), publicado en el especial de las fiestas de IDEAL en al a\u00f1o 2007.<\/div>\n<div dir=\"auto\" style=\"text-align: justify;\">\u00a0<\/div>\n<div dir=\"auto\" style=\"text-align: justify;\"><strong>Gacetilla y curiosidades elvirenses<\/strong><\/div>\n<div dir=\"auto\">https:\/\/www.facebook.com\/permalink.php?story_fbid=pfbid0P6RxBAAgrhDtUofQzaDHw4fGcKJ1FA5GDshtiktt2z2G1TGPLYuw3A13eEBY7bonl&amp;id=100063704734064<\/div>\n<div dir=\"auto\">\u00a0<\/div>\n<\/div>\n<\/div>\n<\/div>\n<\/div>\n<\/div>\n","protected":false},"excerpt":{"rendered":"<p>Al pie de Sierra Elvira, en el municipio granadino de Atarfe, junto a la l\u00ednea&#8230;<\/p>\n","protected":false},"author":1,"featured_media":54895,"comment_status":"closed","ping_status":"closed","sticky":false,"template":"","format":"standard","meta":{"_coblocks_attr":"","_coblocks_dimensions":"","_coblocks_responsive_height":"","_coblocks_accordion_ie_support":"","jetpack_post_was_ever_published":false,"_jetpack_newsletter_access":"","_jetpack_dont_email_post_to_subs":false,"_jetpack_newsletter_tier_id":0,"_jetpack_memberships_contains_paywalled_content":false,"_jetpack_memberships_contains_paid_content":false,"footnotes":"","jetpack_publicize_message":"","jetpack_publicize_feature_enabled":true,"jetpack_social_post_already_shared":true,"jetpack_social_options":{"image_generator_settings":{"template":"highway","default_image_id":0,"enabled":false},"version":2}},"categories":[2,1161,1225,186,38,44,15],"tags":[81,9325],"class_list":["post-54894","post","type-post","status-publish","format-standard","has-post-thumbnail","hentry","category-atarfe","category-ciudadania","category-ha-de-atarfe","category-instituciones","category-opinion-de-jose-enrique-granados","category-noticias-de-hoy","category-ultimas-noticias","tag-atarfe","tag-cementos-porland"],"jetpack_publicize_connections":[],"jetpack_featured_media_url":"https:\/\/i0.wp.com\/miradordeatarfe.es\/wp-content\/uploads\/2022\/06\/cementos.jpg?fit=1554%2C908&ssl=1","jetpack_likes_enabled":true,"jetpack_sharing_enabled":true,"_links":{"self":[{"href":"https:\/\/miradordeatarfe.es\/index.php?rest_route=\/wp\/v2\/posts\/54894","targetHints":{"allow":["GET"]}}],"collection":[{"href":"https:\/\/miradordeatarfe.es\/index.php?rest_route=\/wp\/v2\/posts"}],"about":[{"href":"https:\/\/miradordeatarfe.es\/index.php?rest_route=\/wp\/v2\/types\/post"}],"author":[{"embeddable":true,"href":"https:\/\/miradordeatarfe.es\/index.php?rest_route=\/wp\/v2\/users\/1"}],"replies":[{"embeddable":true,"href":"https:\/\/miradordeatarfe.es\/index.php?rest_route=%2Fwp%2Fv2%2Fcomments&post=54894"}],"version-history":[{"count":1,"href":"https:\/\/miradordeatarfe.es\/index.php?rest_route=\/wp\/v2\/posts\/54894\/revisions"}],"predecessor-version":[{"id":54896,"href":"https:\/\/miradordeatarfe.es\/index.php?rest_route=\/wp\/v2\/posts\/54894\/revisions\/54896"}],"wp:featuredmedia":[{"embeddable":true,"href":"https:\/\/miradordeatarfe.es\/index.php?rest_route=\/wp\/v2\/media\/54895"}],"wp:attachment":[{"href":"https:\/\/miradordeatarfe.es\/index.php?rest_route=%2Fwp%2Fv2%2Fmedia&parent=54894"}],"wp:term":[{"taxonomy":"category","embeddable":true,"href":"https:\/\/miradordeatarfe.es\/index.php?rest_route=%2Fwp%2Fv2%2Fcategories&post=54894"},{"taxonomy":"post_tag","embeddable":true,"href":"https:\/\/miradordeatarfe.es\/index.php?rest_route=%2Fwp%2Fv2%2Ftags&post=54894"}],"curies":[{"name":"wp","href":"https:\/\/api.w.org\/{rel}","templated":true}]}}