{"id":5492,"date":"2015-12-20T10:47:07","date_gmt":"2015-12-20T10:47:07","guid":{"rendered":"http:\/\/miradordeatarfe.es\/?p=5492"},"modified":"2015-12-23T08:25:56","modified_gmt":"2015-12-23T08:25:56","slug":"sufragistas-mujeres-sublevadas-por-la-igualdad","status":"publish","type":"post","link":"https:\/\/miradordeatarfe.es\/?p=5492","title":{"rendered":"\u2018Sufragistas\u2019: Mujeres sublevadas por la igualdad"},"content":{"rendered":"<p style=\"text-align: justify;\">La palabra espa\u00f1ola sufragistas no recoge el matiz sem\u00e1ntico que en ingl\u00e9s diferencia <i>suffragists<\/i>, aquellas mujeres (y hombres) que lucharon por el sufragio universal de manera pac\u00edfica, y las <i>suffragette, <\/i>las militantes que sobre todo en Gran Breta\u00f1a decidieron emprender acciones m\u00e1s radicales para conseguir sus objetivos.<!--more--><\/p>\n<p style=\"text-align: justify;\">Frente al activismo no molesto de las <i>suffragists<\/i>, las <i>suffragette<\/i> adoptaron m\u00e9todos propios de los grupos clandestinos de lucha armada: llamaban la atenci\u00f3n con peque\u00f1os actos de violencia urbana como el apedreamiento de escaparates o el sabotaje de buzones. En la c\u00e1rcel, iniciaban huelgas de hmbre como medida de presi\u00f3n a las autoridades. El movimiento de las <i>suffragette<\/i> era interclasista: su principal l\u00edder Emmeline Pankhurst, era la esposa de un abogado acomodado, mientras que multitud de mujeres de clase obrera formaban sus bases.<\/p>\n<p style=\"text-align: justify;\">A la segunda acepci\u00f3n de sufragistas est\u00e1 dedicada esta cinta brit\u00e1nica que pretende reivindicar un movimiento injustamente olvidado en el cine comercial. Aunque Pankhurst aparece puntualmente en la pel\u00edcula encarnada por Meryl Streep, <strong>Sarah Gavron junto a la guionista Abi Morgan han preferido otorgar el protagonismo del film no a la l\u00edder hist\u00f3rica sino a una de tantas sufragistas\u00a0 an\u00f3nimas que lucharon y se sacrificaron para que las mujeres pudi\u00e9ramos votar.<\/strong><\/p>\n<p style=\"text-align: justify;\">Inglaterra, principios del siglo XX. A\u00f1os antes de que estalle la Primera Guerra Mundial, las mujeres exigen sus derechos pol\u00edticos, m\u00e1s concretamente el derecho a votar. Las sufragistas inglesas est\u00e1n divididas entre las que defienden las protestas pac\u00edficas, y las que luchan contra el gobierno sin piedad.<\/p>\n<p>En esta historia sobre los primeros movimientos feministas, encontramos a Maud Watts (Carey Mulligan), una joven luchadora de la clase obrera, explotada en una lavander\u00eda desde ni\u00f1a. Al ver que su protesta de manera pac\u00edfica no tiene resultados, Maud decide radicalizarse hasta el punto de utilizar la violencia para forzar el cambio y conseguir el derecho al voto. En su lucha por la dignidad y la de sus compa\u00f1eras, la joven no pondr\u00e1 solamente en riesgo su trabajo, su familia y su hogar, sino tambi\u00e9n su propia vida.<\/p>\n<p>Dirigida por Sarah Gavron (<i>Brick Lane<\/i>), y escrita por Abi Morgan (<i>The Invisible Woman, La dama de hierro<\/i>), <i>Sufragistas<\/i> cuenta con un reparto formado por Carey Mulligan (<i>El gran Gatsby, A prop\u00f3sito de Llewyn Davis, Drive<\/i>), Helena Bonham Carter (<i>Los Miserables, El discurso del rey<\/i>), Meryl Streep (<i>Ricki, Deuda de honor<\/i>) y Anne-Marie Duff (<i>No conf\u00edes en nadie, Parade&#8217;s End<\/i>).<\/p>\n<p style=\"text-align: justify;\">Al equipo de la pel\u00edcula le llev\u00f3 varios a\u00f1os desarrollar la historia y pensar en todos los personajes. La versi\u00f3n final del gui\u00f3n fue terminada en 2014, cuando se lleg\u00f3 a un acuerdo para la financiaci\u00f3n de la pel\u00edcula. Antes de pasarse a llamar Suffragette, la pel\u00edcula ten\u00eda por nombre \u00abThe Fury\u00bb (La furia).<\/p>\n<p>Si te apetece una propuesta diferente a <i>Star Wars: El despertar de la Fuerza<\/i>, quiz\u00e1 te guste ver la pel\u00edcula <i>Sufragistas<\/i>, que tambi\u00e9n se estrena este 18 de diciembre en los cines espa\u00f1oles. Se trata de uno de los t\u00edtulos que m\u00e1s ha sonado para los <strong>Oscars 2016<\/strong>. No obstante, cuenta en su reparto con tres pesos pesados: Meryl Streep, Carey Mulligan y Helena Bonham Carter. \u00a1Mira lo que dice la cr\u00edtica!<\/p>\n<p>\u00ab<strong>Es la mejor pel\u00edcula del 2015<\/strong>\u00ab, se\u00f1ala <i>Movie Nation<\/i>. \u00abLa sorpresa de<i> Sufragistas<\/i> es la cantidad de ira y urgencia que contiene, y todo el material nuevo que desentierra\u00bb, puede leerse en <i>THR<\/i>. \u00abEs dura, cruda y desoladora, y logra que el dilema de las sufragistas parezca inmediato y real\u00bb, recuerda <i>Time Out London<\/i>. Dirige\u00a0Sarah Gavron (<i>Brick Lane<\/i>) y el guion lo firma <strong>Abi Morgan<\/strong> (<i>Shame<\/i>, <i>La dama de hierro<\/i>).<\/p>\n<p><a title=\"Meryl Streep (EE.UU.) (Actor,Productor ejecutivo)\" href=\"http:\/\/www.sensacine.com\/actores\/actor-9\/\">Meryl Streep<\/a>\u00a0da vida a la legendaria figura del <strong>movimiento sufragista<\/strong> de finales del siglo XIX y principios del siglo XX <strong>Emmeline Pankhurst<\/strong>, mientras que\u00a0<a title=\"Carey Mulligan (Gran Breta\u00f1a) (Actor)\" href=\"http:\/\/www.sensacine.com\/actores\/actor-136628\/\">Carey Mulligan<\/a> hace lo propio como su compa\u00f1era de campa\u00f1a Maud. El reparto, adem\u00e1s de con <a title=\"Helena Bonham Carter (Gran Breta\u00f1a) (Actor)\" href=\"http:\/\/www.sensacine.com\/actores\/actor-5894\/\">Helena Bonham Carter<\/a>, tambi\u00e9n cuenta con Romola Garai, Ben Whishaw y Brendan Gleeson, entre otros.<\/p>\n","protected":false},"excerpt":{"rendered":"<p>La palabra espa\u00f1ola sufragistas no recoge el matiz sem\u00e1ntico que en ingl\u00e9s diferencia suffragists, aquellas&#8230;<\/p>\n","protected":false},"author":1,"featured_media":5494,"comment_status":"closed","ping_status":"closed","sticky":false,"template":"","format":"standard","meta":{"_coblocks_attr":"","_coblocks_dimensions":"","_coblocks_responsive_height":"","_coblocks_accordion_ie_support":"","jetpack_post_was_ever_published":false,"_jetpack_newsletter_access":"","_jetpack_dont_email_post_to_subs":false,"_jetpack_newsletter_tier_id":0,"_jetpack_memberships_contains_paywalled_content":false,"_jetpack_memberships_contains_paid_content":false,"footnotes":"","jetpack_publicize_message":"","jetpack_publicize_feature_enabled":true,"jetpack_social_post_already_shared":false,"jetpack_social_options":{"image_generator_settings":{"template":"highway","default_image_id":0,"enabled":false},"version":2}},"categories":[12,1161,15],"tags":[],"class_list":["post-5492","post","type-post","status-publish","format-standard","has-post-thumbnail","hentry","category-cultura","category-ciudadania","category-ultimas-noticias"],"jetpack_publicize_connections":[],"jetpack_featured_media_url":"https:\/\/i0.wp.com\/miradordeatarfe.es\/wp-content\/uploads\/2015\/12\/500693.jpg-rx_640_256-b_1_D6D6D6-f_jpg-q_x-xxyxx.jpg?fit=640%2C256&ssl=1","jetpack_likes_enabled":true,"jetpack_sharing_enabled":true,"_links":{"self":[{"href":"https:\/\/miradordeatarfe.es\/index.php?rest_route=\/wp\/v2\/posts\/5492","targetHints":{"allow":["GET"]}}],"collection":[{"href":"https:\/\/miradordeatarfe.es\/index.php?rest_route=\/wp\/v2\/posts"}],"about":[{"href":"https:\/\/miradordeatarfe.es\/index.php?rest_route=\/wp\/v2\/types\/post"}],"author":[{"embeddable":true,"href":"https:\/\/miradordeatarfe.es\/index.php?rest_route=\/wp\/v2\/users\/1"}],"replies":[{"embeddable":true,"href":"https:\/\/miradordeatarfe.es\/index.php?rest_route=%2Fwp%2Fv2%2Fcomments&post=5492"}],"version-history":[{"count":2,"href":"https:\/\/miradordeatarfe.es\/index.php?rest_route=\/wp\/v2\/posts\/5492\/revisions"}],"predecessor-version":[{"id":5495,"href":"https:\/\/miradordeatarfe.es\/index.php?rest_route=\/wp\/v2\/posts\/5492\/revisions\/5495"}],"wp:featuredmedia":[{"embeddable":true,"href":"https:\/\/miradordeatarfe.es\/index.php?rest_route=\/wp\/v2\/media\/5494"}],"wp:attachment":[{"href":"https:\/\/miradordeatarfe.es\/index.php?rest_route=%2Fwp%2Fv2%2Fmedia&parent=5492"}],"wp:term":[{"taxonomy":"category","embeddable":true,"href":"https:\/\/miradordeatarfe.es\/index.php?rest_route=%2Fwp%2Fv2%2Fcategories&post=5492"},{"taxonomy":"post_tag","embeddable":true,"href":"https:\/\/miradordeatarfe.es\/index.php?rest_route=%2Fwp%2Fv2%2Ftags&post=5492"}],"curies":[{"name":"wp","href":"https:\/\/api.w.org\/{rel}","templated":true}]}}