{"id":55058,"date":"2022-06-16T11:52:21","date_gmt":"2022-06-16T09:52:21","guid":{"rendered":"https:\/\/miradordeatarfe.es\/?p=55058"},"modified":"2022-06-16T19:09:32","modified_gmt":"2022-06-16T17:09:32","slug":"primeras-elecciones-democraticas-tras-el-franquismopor-fuencisla-moreno","status":"publish","type":"post","link":"https:\/\/miradordeatarfe.es\/?p=55058","title":{"rendered":"\u00abPRIMERAS ELECCIONES DEMOCRATICAS\u00bb por Fuencisla Moreno"},"content":{"rendered":"<div dir=\"auto\">\n<h3 dir=\"auto\">Ayer 15 de junio hicieron 45 a\u00f1os que se celebraron las primeras elecciones democr\u00e1ticas en Espa\u00f1a despu\u00e9s de la muerte de Franco.\u00a0<\/h3>\n<div dir=\"auto\" style=\"text-align: justify;\">Yo ni sab\u00eda bien el mecanismo electoral , ni ten\u00eda edad de votar. Ese d\u00eda, mi\u00e9rcoles 15 de junio de 1977, solo fui\u00a0 espectadora de un hecho hist\u00f3rico, de un hecho esperado durante 41 a\u00f1os.\u00a0<\/div>\n<div dir=\"auto\" style=\"text-align: justify;\">\u00a0<\/div>\n<div dir=\"auto\" style=\"text-align: justify;\">Para mis padres fue la primera cita electoral. Mi madre ten\u00eda 56 a\u00f1os y mi padre 55. Desde ese momento jam\u00e1s dejaron de cumplir con el derecho que tanto trabajo les hab\u00eda costado conseguir.Recuerdo mucha gente por la calle, casi todas las personas con las que me cruzaba estaban nerviosas, mirando y remirando mil veces las papeletas que iban a depositar en las urnas temiendo poder equivocarse. Hablaban entre ellas, a\u00fan con bastante recelo, con medias sonrisas y con l\u00e1grimas de emoci\u00f3n, de pena o de esperanza. \u00a1Cualquier sentimiento ten\u00eda cabida!<\/div>\n<div dir=\"auto\" style=\"text-align: justify;\">\u00a0<\/div>\n<div dir=\"auto\" style=\"text-align: justify;\">En lo que hoy es el Centro de Educaci\u00f3n de Adultos, que en aquellas fechas eran las escuelas de Don Jes\u00fas, votaba gran parte de mi familia, incluida mi abuela paterna que viv\u00eda en la Plaza de Santa Adela. Hasta all\u00ed la llev\u00f3 mi t\u00edo Miguel en su seiscientos y, en una silla de enea y buscando la sombra de la pared, aguard\u00f3 con otras vecinas m\u00e1s ( tambi\u00e9n sentadas en sus sillas) que les llegara el turno para votar.<\/div>\n<div dir=\"auto\" style=\"text-align: justify;\">\u00a0<\/div>\n<div dir=\"auto\" style=\"text-align: justify;\">Dec\u00eda mi abuela que ese d\u00eda hab\u00eda madrugado mucho porque era un d\u00eda muy importante y que \u00absu Miguel\u00bb que no sol\u00eda pasearla mucho en su coche, aquel d\u00eda lo hab\u00eda puesto a su disposici\u00f3n y a disposici\u00f3n de otros familiares y amigos que, por su avanzada edad, no pod\u00edan desplazarse hasta el colegio electoral.<\/div>\n<div dir=\"auto\" style=\"text-align: justify;\">Y es que mi abuela, aunque en 1977 ten\u00eda 88 a\u00f1os, recordaba lo que hab\u00eda perdido y ten\u00eda claro que no quer\u00eda perder nada m\u00e1s y para ello, costase lo que costase, ten\u00eda que ir a votar. Aquellas elecciones eran para ella una puerta abierta a la esperanza y a la justicia.<\/div>\n<div dir=\"auto\" style=\"text-align: justify;\">\u00a0<\/div>\n<div dir=\"auto\" style=\"text-align: justify;\">Muri\u00f3 en 1986 record\u00e1ndonos a todos que hab\u00eda cosas en la vida por las que merec\u00eda la pena luchar&#8230;hasta el final!<\/div>\n<div dir=\"auto\" style=\"text-align: justify;\">\u00a0<\/div>\n<div dir=\"auto\" style=\"text-align: justify;\">Y en ello estamos&#8230;<\/div>\n<div dir=\"auto\">\u00a0<\/div>\n<div dir=\"auto\">FOTO: https:\/\/secretolivo.com\/index.php\/2017\/06\/15\/40-anos-primeras-elecciones-1977-tras-franco\/<\/div>\n<\/div>\n","protected":false},"excerpt":{"rendered":"<p>Ayer 15 de junio hicieron 45 a\u00f1os que se celebraron las primeras elecciones democr\u00e1ticas en&#8230;<\/p>\n","protected":false},"author":1,"featured_media":55072,"comment_status":"closed","ping_status":"closed","sticky":false,"template":"","format":"standard","meta":{"_coblocks_attr":"","_coblocks_dimensions":"","_coblocks_responsive_height":"","_coblocks_accordion_ie_support":"","jetpack_post_was_ever_published":false,"_jetpack_newsletter_access":"","_jetpack_dont_email_post_to_subs":false,"_jetpack_newsletter_tier_id":0,"_jetpack_memberships_contains_paywalled_content":false,"_jetpack_memberships_contains_paid_content":false,"footnotes":"","jetpack_publicize_message":"","jetpack_publicize_feature_enabled":true,"jetpack_social_post_already_shared":false,"jetpack_social_options":{"image_generator_settings":{"template":"highway","default_image_id":0,"enabled":false},"version":2}},"categories":[2,12,1161,2949,44,7671,6937,15],"tags":[9349],"class_list":["post-55058","post","type-post","status-publish","format-standard","has-post-thumbnail","hentry","category-atarfe","category-cultura","category-ciudadania","category-opinion-de-fuencisla-moreno","category-noticias-de-hoy","category-politica","category-sociedad","category-ultimas-noticias","tag-elecciones-democraticas"],"jetpack_publicize_connections":[],"jetpack_featured_media_url":"https:\/\/i0.wp.com\/miradordeatarfe.es\/wp-content\/uploads\/2022\/06\/40-anos-primeras-elecciones-democraticas.jpg?fit=441%2C300&ssl=1","jetpack_likes_enabled":true,"jetpack_sharing_enabled":true,"_links":{"self":[{"href":"https:\/\/miradordeatarfe.es\/index.php?rest_route=\/wp\/v2\/posts\/55058","targetHints":{"allow":["GET"]}}],"collection":[{"href":"https:\/\/miradordeatarfe.es\/index.php?rest_route=\/wp\/v2\/posts"}],"about":[{"href":"https:\/\/miradordeatarfe.es\/index.php?rest_route=\/wp\/v2\/types\/post"}],"author":[{"embeddable":true,"href":"https:\/\/miradordeatarfe.es\/index.php?rest_route=\/wp\/v2\/users\/1"}],"replies":[{"embeddable":true,"href":"https:\/\/miradordeatarfe.es\/index.php?rest_route=%2Fwp%2Fv2%2Fcomments&post=55058"}],"version-history":[{"count":2,"href":"https:\/\/miradordeatarfe.es\/index.php?rest_route=\/wp\/v2\/posts\/55058\/revisions"}],"predecessor-version":[{"id":55062,"href":"https:\/\/miradordeatarfe.es\/index.php?rest_route=\/wp\/v2\/posts\/55058\/revisions\/55062"}],"wp:featuredmedia":[{"embeddable":true,"href":"https:\/\/miradordeatarfe.es\/index.php?rest_route=\/wp\/v2\/media\/55072"}],"wp:attachment":[{"href":"https:\/\/miradordeatarfe.es\/index.php?rest_route=%2Fwp%2Fv2%2Fmedia&parent=55058"}],"wp:term":[{"taxonomy":"category","embeddable":true,"href":"https:\/\/miradordeatarfe.es\/index.php?rest_route=%2Fwp%2Fv2%2Fcategories&post=55058"},{"taxonomy":"post_tag","embeddable":true,"href":"https:\/\/miradordeatarfe.es\/index.php?rest_route=%2Fwp%2Fv2%2Ftags&post=55058"}],"curies":[{"name":"wp","href":"https:\/\/api.w.org\/{rel}","templated":true}]}}