{"id":5514,"date":"2015-12-22T08:02:22","date_gmt":"2015-12-22T08:02:22","guid":{"rendered":"http:\/\/miradordeatarfe.es\/?p=5514"},"modified":"2015-12-23T08:24:19","modified_gmt":"2015-12-23T08:24:19","slug":"los-plazos-para-elegir-al-presidente","status":"publish","type":"post","link":"https:\/\/miradordeatarfe.es\/?p=5514","title":{"rendered":"Los plazos para elegir al presidente"},"content":{"rendered":"<p class=\"summary-lead\">Todas las investiduras se han producido a m\u00e1s tardar mes y medio despu\u00e9s de las elecciones.<!--more-->El d\u00eda 23 se cerrar\u00e1 el escrutinio general incluyendo ya todo el voto llegado del extranjero.<\/p>\n<p>A partir de este lunes, el Gobierno de Rajoy <strong>pasa a estar en funciones<\/strong> y s\u00f3lo puede adoptar decisiones de tr\u00e1mite. As\u00ed se mantendr\u00e1 hasta la investidura del nuevo presidente y el nombramiento de su Ejecutivo. Habr\u00e1 que aguardar al 13 de enero para proceder a la constituci\u00f3n de las nuevas Cortes, ese d\u00eda los 350 diputados toman posesi\u00f3n y tendr\u00e1n que elegir en una primera votaci\u00f3n al presidente del Congreso por mayor\u00eda absoluta. Si no se consigue, habr\u00e1 una segunda donde valdr\u00e1 la mayor\u00eda simple.<\/p>\n<p class=\"summary-lead\">Los contactos y movimientos de los distintos partidos con la vista puesta en la gobernabilidad ser\u00e1n ya imparables. No obstante, habr\u00e1 que aguardar al 13 de enero, la fecha fijada de acuerdo con la ley, en el decreto de convocatoria de elecciones, para proceder a la constituci\u00f3n de las nuevas Cortes.<\/p>\n<p class=\"summary-lead\">Ese d\u00eda, la sesi\u00f3n estar\u00e1 presidida por el diputado de mayor edad asistido por los dos m\u00e1s j\u00f3venes en calidad de secretarios.<\/p>\n<p class=\"summary-lead\">El primero de los objetivos ser\u00e1 nombrar a los miembros de la Mesa del Congreso. El primer cometido que tendr\u00e1 este \u00f3rgano <em>ser\u00e1 el de decidir si habilita el mes de enero -parlamentariamente inh\u00e1bil- para poder celebrar en el plazo de 15 d\u00edas, es decir, en la \u00faltima semana del mes, la solemne sesi\u00f3n de inicio de la XI Legislatura. Si enero finalmente no se habilita, el comienzo podr\u00eda aplazarse hasta el mi\u00e9rcoles 17 de febrero.<\/em><\/p>\n<section>\n<article>El calendario pol\u00edtico, la \u00fanica certidumbre despu\u00e9s de conocer c\u00f3mo ha quedado el Hemiciclo, es que la ley dice que pasados m\u00e1ximos 25 d\u00edas de las elecciones han de convocarse las Cortes. La fecha de la que se habla en el Congreso es el 13 de enero.<strong>Una vez elegido el presidente del Congreso<\/strong> hay que fijar <em>una fecha para el debate de investidura, para lo que la ley no marca fechas, plazos, ni l\u00edmites.<\/em> La historia dice que todos los presidentes son investidos m\u00e1s o menos un mes despu\u00e9s de haber sido votados, con una excepci\u00f3n, en el a\u00f1o 1996 Jos\u00e9 Mar\u00eda Aznar necesit\u00f3 dos meses en llegar a un pacto con los nacionalistas catalanes, vascos y canarios para lograr la investidura.Ese d\u00eda, los 350 diputados tienen que tomar posesi\u00f3n de su cargo y jurar o prometer su cargo, tras lo cual se ha de elegir a un presidente del Congreso, en principio por mayor\u00eda absoluta, algo que dif\u00edcilmente ocurra, por lo que se ir\u00eda a una segunda votaci\u00f3n en la que basta la mayor\u00eda simple.<\/p>\n<p><em>Cuando se celebre ese primer debate de investidura hay que elegir al presidente con mayor\u00eda absoluta, sino, dos d\u00edas despu\u00e9s se elegir\u00eda con mayor\u00eda simple.<\/em><\/p>\n<p>Si tampoco lograra el respaldo necesario , ES DECIR MAS VOTOS EN CONTRA QUE A FAVOR, ese candidato no podr\u00eda seguir optando a la presidencia del Gobierno, lo que obligar\u00eda al Rey a <strong>proponer a otro candidato<\/strong> despu\u00e9s de consultar a los partidos. El reglamento establece que, si transcurren dos meses despu\u00e9s de la primera votaci\u00f3n en el Congreso y ning\u00fan candidato dispone de los apoyos necesarios, las elecciones deber\u00edan repetirse.<\/p>\n<p><em>\u00a0<\/em><\/p>\n<\/article>\n<\/section>\n<p class=\"summary-lead\">\n","protected":false},"excerpt":{"rendered":"<p>Todas las investiduras se han producido a m\u00e1s tardar mes y medio despu\u00e9s de las&#8230;<\/p>\n","protected":false},"author":1,"featured_media":5516,"comment_status":"closed","ping_status":"closed","sticky":false,"template":"","format":"standard","meta":{"_coblocks_attr":"","_coblocks_dimensions":"","_coblocks_responsive_height":"","_coblocks_accordion_ie_support":"","jetpack_post_was_ever_published":false,"_jetpack_newsletter_access":"","_jetpack_dont_email_post_to_subs":false,"_jetpack_newsletter_tier_id":0,"_jetpack_memberships_contains_paywalled_content":false,"_jetpack_memberships_contains_paid_content":false,"footnotes":"","jetpack_publicize_message":"","jetpack_publicize_feature_enabled":true,"jetpack_social_post_already_shared":false,"jetpack_social_options":{"image_generator_settings":{"template":"highway","default_image_id":0,"enabled":false},"version":2}},"categories":[1161,15],"tags":[906,171,1860,688],"class_list":["post-5514","post","type-post","status-publish","format-standard","has-post-thumbnail","hentry","category-ciudadania","category-ultimas-noticias","tag-acuerdos","tag-elecciones","tag-fechas","tag-pactos"],"jetpack_publicize_connections":[],"jetpack_featured_media_url":"https:\/\/i0.wp.com\/miradordeatarfe.es\/wp-content\/uploads\/2015\/12\/1449426919_895735_1449427590_noticia_normal.jpg?fit=560%2C258&ssl=1","jetpack_likes_enabled":true,"jetpack_sharing_enabled":true,"_links":{"self":[{"href":"https:\/\/miradordeatarfe.es\/index.php?rest_route=\/wp\/v2\/posts\/5514","targetHints":{"allow":["GET"]}}],"collection":[{"href":"https:\/\/miradordeatarfe.es\/index.php?rest_route=\/wp\/v2\/posts"}],"about":[{"href":"https:\/\/miradordeatarfe.es\/index.php?rest_route=\/wp\/v2\/types\/post"}],"author":[{"embeddable":true,"href":"https:\/\/miradordeatarfe.es\/index.php?rest_route=\/wp\/v2\/users\/1"}],"replies":[{"embeddable":true,"href":"https:\/\/miradordeatarfe.es\/index.php?rest_route=%2Fwp%2Fv2%2Fcomments&post=5514"}],"version-history":[{"count":2,"href":"https:\/\/miradordeatarfe.es\/index.php?rest_route=\/wp\/v2\/posts\/5514\/revisions"}],"predecessor-version":[{"id":5517,"href":"https:\/\/miradordeatarfe.es\/index.php?rest_route=\/wp\/v2\/posts\/5514\/revisions\/5517"}],"wp:featuredmedia":[{"embeddable":true,"href":"https:\/\/miradordeatarfe.es\/index.php?rest_route=\/wp\/v2\/media\/5516"}],"wp:attachment":[{"href":"https:\/\/miradordeatarfe.es\/index.php?rest_route=%2Fwp%2Fv2%2Fmedia&parent=5514"}],"wp:term":[{"taxonomy":"category","embeddable":true,"href":"https:\/\/miradordeatarfe.es\/index.php?rest_route=%2Fwp%2Fv2%2Fcategories&post=5514"},{"taxonomy":"post_tag","embeddable":true,"href":"https:\/\/miradordeatarfe.es\/index.php?rest_route=%2Fwp%2Fv2%2Ftags&post=5514"}],"curies":[{"name":"wp","href":"https:\/\/api.w.org\/{rel}","templated":true}]}}