{"id":55190,"date":"2022-06-23T11:32:34","date_gmt":"2022-06-23T09:32:34","guid":{"rendered":"https:\/\/miradordeatarfe.es\/?p=55190"},"modified":"2022-06-22T13:44:40","modified_gmt":"2022-06-22T11:44:40","slug":"castellon-ordizia-albacete-madrid-paris-malaga-y-coria-del-rio","status":"publish","type":"post","link":"https:\/\/miradordeatarfe.es\/?p=55190","title":{"rendered":"\u00abCASTELL\u00d3N, ORDIZIA, ALBACETE, MADRID, PAR\u00cdS, M\u00c1LAGA Y CORIA DEL R\u00cdO.\u00bb por Manuel Jim\u00e9nez"},"content":{"rendered":"<h3 style=\"text-align: justify;\">Con la vista puesta en el Campeonato de Espa\u00f1a a disputar en Nerja todos los atletas se esmeran en afinar su puesta a punto en las diferentes paradas del circuito nacional y mundial.<\/h3>\n<p style=\"text-align: justify;\">Llama poderosamente la atenci\u00f3n el nivel del 1500 espa\u00f1ol con aluvi\u00f3n de marcas Sub 3.40 pues se contabilizan 20 atletas \u00a0por debajo de dicho registro frente a los 17 que terminaron en estas cifras en la temporada 2021 o los 11 y 9 de la 2020 y 2018\/19.<\/p>\n<p style=\"text-align: justify;\">Mucho clase media pero se echa en falta contabilizar registros sub 3.35, imagino que una vez superado el nacional y desvelada la selecci\u00f3n para el Mundial de Oregon y el Europeo de Munich los atletas se relajar\u00e1n y saldr\u00e1n las marcas en los buenos m\u00edtines post campeonatos.<\/p>\n<p style=\"text-align: justify;\">En este 2022 \u00fanicamente un atleta ha conseguido la m\u00ednima para el mundial, Mohamed Katir que marc\u00f3 3.34. en la Diamond de Rabat, siendo dos los que habiendo bajado de 3.36 cuentan con la m\u00ednima para Munich: el sorprendente sevillano Gonzalo Garc\u00eda y el consolidado Adel Mechaal.<\/p>\n<p style=\"text-align: justify;\">Adem\u00e1s de la clasificaci\u00f3n directa v\u00eda m\u00ednima tambi\u00e9n se puede alcanzar la internacionalidad este verano v\u00eda cuota: cada prueba cuenta con un m\u00e1ximo de participantes de modo que de no cubrirse con atletas con m\u00ednima se recurre a una puntuaci\u00f3n en funci\u00f3n de los logros obtenidos a lo largo de la temporada en un m\u00e1s que discutido sistema de puntuaci\u00f3n. No obstante esto, la RFEA ha decidido endurecer este criterio para el mundial de modo que, por ejemplo en 1500, s\u00f3lo ir\u00e1n a Eugene los espa\u00f1oles clasificados entre los 35 mejores cuando el cupo es de 45 (para el Europeo el cupo es de 30). La idea de la federaci\u00f3n es que \u00fanicamente acudan aquellos atletas con posibilidades de superar las primeras cribas de modo que los que est\u00e9n clasificados entre los \u00faltimos puestos por cuotas se deber\u00e1n centrar en el Europeo.<\/p>\n<p style=\"text-align: justify;\">Parad\u00f3jica es la situaci\u00f3n de todo un finalista ol\u00edmpico como el granadino Ignacio Fontes que a pesar de ser un fijo en las l\u00edneas de salida de la Diamond League de momento s\u00f3lo es el 10\u00ba espa\u00f1ol del a\u00f1o con 3.37.20 logrados precisamente en Oregon el pasado 27 de mayo.<\/p>\n<p style=\"text-align: justify;\">La lucha por coronarse campe\u00f3n de Espa\u00f1a va a estar interesante, va a estar caro pasar a la final y seguramente alzarse con el triunfo ser\u00e1 condici\u00f3n sine qua non para viajar al estado de Oregon.<\/p>\n<p style=\"text-align: justify;\">Entre las chicas la revoluci\u00f3n del 1500 se est\u00e1 haciendo esperar, de momento cuatro atletas han bajado de la barrera de 4.10 frente a las 5 que lo consiguieron en 2021 y de ellas una \u00fanica m\u00ednima de \u00e1mbito europeo que nos viene de las piernas de Esther Guerrero que en su reaparici\u00f3n tras recuperarse de una grave lesi\u00f3n consigue 4.05.03 de esta semana en Castell\u00f3n.<\/p>\n<p style=\"text-align: justify;\">Mi apuesta personal para Nerja es que campeonar\u00e1n Esther (independientemente del tipo de carrera que salga en la final) y Mechaal, si bien en este caso me surgen dudas pues en una carrera en la que el paso del 1000 sea superior a 2.25 le doy chance a Gonzalo Garrido y ojo, mi outsider es Jorge Torres, como la carrera vaya sobre 3.40 va a ser un rival dif\u00edcil de batir.<\/p>\n<p style=\"text-align: justify;\">Yendo a lo dom\u00e9stico son los m\u00e1s j\u00f3venes los que nos siguen aportando las mejores noticias. En M\u00e1laga, control federativo y Campeonato Andaluz Sub 14 con numerosa participaci\u00f3n de los atletas del Ciudad Atarfe.<\/p>\n<p><a href=\"https:\/\/i0.wp.com\/miradordeatarfe.es\/wp-content\/uploads\/2022\/06\/IMG_1333.jpg?ssl=1\"><img data-recalc-dims=\"1\" loading=\"lazy\" decoding=\"async\" class=\"alignnone size-full wp-image-55191\" src=\"https:\/\/i0.wp.com\/miradordeatarfe.es\/wp-content\/uploads\/2022\/06\/IMG_1333.jpg?resize=640%2C547&#038;ssl=1\" alt=\"\" width=\"640\" height=\"547\" srcset=\"https:\/\/i0.wp.com\/miradordeatarfe.es\/wp-content\/uploads\/2022\/06\/IMG_1333.jpg?w=1125&amp;ssl=1 1125w, https:\/\/i0.wp.com\/miradordeatarfe.es\/wp-content\/uploads\/2022\/06\/IMG_1333.jpg?resize=300%2C256&amp;ssl=1 300w, https:\/\/i0.wp.com\/miradordeatarfe.es\/wp-content\/uploads\/2022\/06\/IMG_1333.jpg?resize=1024%2C875&amp;ssl=1 1024w, https:\/\/i0.wp.com\/miradordeatarfe.es\/wp-content\/uploads\/2022\/06\/IMG_1333.jpg?resize=768%2C656&amp;ssl=1 768w\" sizes=\"auto, (max-width: 640px) 100vw, 640px\" \/><\/a><\/p>\n<p style=\"text-align: justify;\">En el sub 14 amplia representaci\u00f3n masculina y muy escasa femenina limitada a un gran relevo de 4&#215;80 que clasifican segundas en su serie. Entre los chicos destacar las 17 participaciones que reportaron 130 puntos en la clasificaci\u00f3n por clubes que llevan al CIUDAD ATARFE hasta el puesto 16\u00ba y menci\u00f3n especial para Hugo Rivera que se marca un espectacular 1000 en 3.10.86 (5\u00ba) y 1.52 en altura (4\u00ba).<\/p>\n<p style=\"text-align: justify;\">En el control federativo pleno de velocistas destacando los 12.86 de Celia Mart\u00edn Santiago que con mucho pico y pala consigue una gran PB (\u201cpersonal best) que la sit\u00faan en el puesto 41\u00ba de la lista absoluta anual andaluza y 13\u00aa sub 23.<\/p>\n<p style=\"text-align: justify;\">Y como viene siendo habitual rematamos cr\u00f3nica con una nueva exhibici\u00f3n de los j\u00f3venes de la Escuela de Triatlon que ten\u00edan escala del circuito andaluz en la ribere\u00f1a Coria del R\u00edo con dos triatletas que son asiduos a subirse al p\u00f3dium, Samu Montoro y Vera Ramos con sendos terceros puestos, con el resto de la expedici\u00f3n rayando a gran nivel. \u00a0\u00a0\u00a0\u00a0\u00a0\u00a0\u00a0\u00a0\u00a0<\/p>\n<p style=\"text-align: justify;\"><a href=\"https:\/\/i0.wp.com\/miradordeatarfe.es\/wp-content\/uploads\/2022\/06\/IMG_1332.jpg?ssl=1\"><img data-recalc-dims=\"1\" loading=\"lazy\" decoding=\"async\" class=\"alignnone size-full wp-image-55194\" src=\"https:\/\/i0.wp.com\/miradordeatarfe.es\/wp-content\/uploads\/2022\/06\/IMG_1332.jpg?resize=640%2C618&#038;ssl=1\" alt=\"\" width=\"640\" height=\"618\" srcset=\"https:\/\/i0.wp.com\/miradordeatarfe.es\/wp-content\/uploads\/2022\/06\/IMG_1332.jpg?w=1125&amp;ssl=1 1125w, https:\/\/i0.wp.com\/miradordeatarfe.es\/wp-content\/uploads\/2022\/06\/IMG_1332.jpg?resize=300%2C290&amp;ssl=1 300w, https:\/\/i0.wp.com\/miradordeatarfe.es\/wp-content\/uploads\/2022\/06\/IMG_1332.jpg?resize=1024%2C989&amp;ssl=1 1024w, https:\/\/i0.wp.com\/miradordeatarfe.es\/wp-content\/uploads\/2022\/06\/IMG_1332.jpg?resize=768%2C741&amp;ssl=1 768w\" sizes=\"auto, (max-width: 640px) 100vw, 640px\" \/><\/a> <a href=\"https:\/\/i0.wp.com\/miradordeatarfe.es\/wp-content\/uploads\/2022\/06\/IMG_1334.jpg?ssl=1\"><img data-recalc-dims=\"1\" loading=\"lazy\" decoding=\"async\" class=\"alignnone size-full wp-image-55195\" src=\"https:\/\/i0.wp.com\/miradordeatarfe.es\/wp-content\/uploads\/2022\/06\/IMG_1334.jpg?resize=640%2C612&#038;ssl=1\" alt=\"\" width=\"640\" height=\"612\" srcset=\"https:\/\/i0.wp.com\/miradordeatarfe.es\/wp-content\/uploads\/2022\/06\/IMG_1334.jpg?w=1125&amp;ssl=1 1125w, https:\/\/i0.wp.com\/miradordeatarfe.es\/wp-content\/uploads\/2022\/06\/IMG_1334.jpg?resize=300%2C287&amp;ssl=1 300w, https:\/\/i0.wp.com\/miradordeatarfe.es\/wp-content\/uploads\/2022\/06\/IMG_1334.jpg?resize=1024%2C979&amp;ssl=1 1024w, https:\/\/i0.wp.com\/miradordeatarfe.es\/wp-content\/uploads\/2022\/06\/IMG_1334.jpg?resize=768%2C735&amp;ssl=1 768w\" sizes=\"auto, (max-width: 640px) 100vw, 640px\" \/><\/a><\/p>\n<p>&nbsp;<\/p>\n","protected":false},"excerpt":{"rendered":"<p>Con la vista puesta en el Campeonato de Espa\u00f1a a disputar en Nerja todos los&#8230;<\/p>\n","protected":false},"author":1,"featured_media":55193,"comment_status":"closed","ping_status":"closed","sticky":false,"template":"","format":"standard","meta":{"_coblocks_attr":"","_coblocks_dimensions":"","_coblocks_responsive_height":"","_coblocks_accordion_ie_support":"","jetpack_post_was_ever_published":false,"_jetpack_newsletter_access":"","_jetpack_dont_email_post_to_subs":false,"_jetpack_newsletter_tier_id":0,"_jetpack_memberships_contains_paywalled_content":false,"_jetpack_memberships_contains_paid_content":false,"footnotes":"","jetpack_publicize_message":"","jetpack_publicize_feature_enabled":true,"jetpack_social_post_already_shared":true,"jetpack_social_options":{"image_generator_settings":{"template":"highway","default_image_id":0,"enabled":false},"version":2}},"categories":[2,1161,182,6915,44,15],"tags":[81,85,123],"class_list":["post-55190","post","type-post","status-publish","format-standard","has-post-thumbnail","hentry","category-atarfe","category-ciudadania","category-deportes","category-opinion-de-manuel-jimenez","category-noticias-de-hoy","category-ultimas-noticias","tag-atarfe","tag-atletismo","tag-deportes"],"jetpack_publicize_connections":[],"jetpack_featured_media_url":"https:\/\/i0.wp.com\/miradordeatarfe.es\/wp-content\/uploads\/2022\/06\/IMG_1331.jpg?fit=1125%2C980&ssl=1","jetpack_likes_enabled":true,"jetpack_sharing_enabled":true,"_links":{"self":[{"href":"https:\/\/miradordeatarfe.es\/index.php?rest_route=\/wp\/v2\/posts\/55190","targetHints":{"allow":["GET"]}}],"collection":[{"href":"https:\/\/miradordeatarfe.es\/index.php?rest_route=\/wp\/v2\/posts"}],"about":[{"href":"https:\/\/miradordeatarfe.es\/index.php?rest_route=\/wp\/v2\/types\/post"}],"author":[{"embeddable":true,"href":"https:\/\/miradordeatarfe.es\/index.php?rest_route=\/wp\/v2\/users\/1"}],"replies":[{"embeddable":true,"href":"https:\/\/miradordeatarfe.es\/index.php?rest_route=%2Fwp%2Fv2%2Fcomments&post=55190"}],"version-history":[{"count":4,"href":"https:\/\/miradordeatarfe.es\/index.php?rest_route=\/wp\/v2\/posts\/55190\/revisions"}],"predecessor-version":[{"id":55198,"href":"https:\/\/miradordeatarfe.es\/index.php?rest_route=\/wp\/v2\/posts\/55190\/revisions\/55198"}],"wp:featuredmedia":[{"embeddable":true,"href":"https:\/\/miradordeatarfe.es\/index.php?rest_route=\/wp\/v2\/media\/55193"}],"wp:attachment":[{"href":"https:\/\/miradordeatarfe.es\/index.php?rest_route=%2Fwp%2Fv2%2Fmedia&parent=55190"}],"wp:term":[{"taxonomy":"category","embeddable":true,"href":"https:\/\/miradordeatarfe.es\/index.php?rest_route=%2Fwp%2Fv2%2Fcategories&post=55190"},{"taxonomy":"post_tag","embeddable":true,"href":"https:\/\/miradordeatarfe.es\/index.php?rest_route=%2Fwp%2Fv2%2Ftags&post=55190"}],"curies":[{"name":"wp","href":"https:\/\/api.w.org\/{rel}","templated":true}]}}