{"id":5527,"date":"2015-12-22T09:13:04","date_gmt":"2015-12-22T09:13:04","guid":{"rendered":"http:\/\/miradordeatarfe.es\/?p=5527"},"modified":"2015-12-22T09:13:04","modified_gmt":"2015-12-22T09:13:04","slug":"recogida-de-juguetes-en-atarfe","status":"publish","type":"post","link":"https:\/\/miradordeatarfe.es\/?p=5527","title":{"rendered":"Recogida de Juguetes en Atarfe"},"content":{"rendered":"<p>Desde Proteccion Civil Atarfe han puesto en marcha un a\u00f1o m\u00e1s la campa\u00f1a de recogida de juguetes. En la imagen ten\u00e9is los detalles de los lugares donde pod\u00e9is depositar los juguetes antes del 2 de enero. Se entregar\u00e1n a la Asociaci\u00f3n Jiruma que los har\u00e1 llegar a los ni\u00f1os cuyas familias menos tienen. Es importante que el juguete est\u00e9 en perfecto estado. Gracias por vuestra generosidad.<!--more--><\/p>\n<p>&nbsp;<\/p>\n<p><a href=\"https:\/\/i0.wp.com\/miradordeatarfe.es\/wp-content\/uploads\/2015\/12\/12377730_998189893578214_2081545564367115874_o.jpg?ssl=1\" rel=\"attachment wp-att-5528\"><img data-recalc-dims=\"1\" loading=\"lazy\" decoding=\"async\" class=\"alignnone size-full wp-image-5528\" src=\"https:\/\/i0.wp.com\/miradordeatarfe.es\/wp-content\/uploads\/2015\/12\/12377730_998189893578214_2081545564367115874_o.jpg?resize=640%2C429&#038;ssl=1\" alt=\"12377730_998189893578214_2081545564367115874_o\" width=\"640\" height=\"429\" srcset=\"https:\/\/i0.wp.com\/miradordeatarfe.es\/wp-content\/uploads\/2015\/12\/12377730_998189893578214_2081545564367115874_o.jpg?w=1000&amp;ssl=1 1000w, https:\/\/i0.wp.com\/miradordeatarfe.es\/wp-content\/uploads\/2015\/12\/12377730_998189893578214_2081545564367115874_o.jpg?resize=300%2C201&amp;ssl=1 300w, https:\/\/i0.wp.com\/miradordeatarfe.es\/wp-content\/uploads\/2015\/12\/12377730_998189893578214_2081545564367115874_o.jpg?resize=768%2C515&amp;ssl=1 768w, https:\/\/i0.wp.com\/miradordeatarfe.es\/wp-content\/uploads\/2015\/12\/12377730_998189893578214_2081545564367115874_o.jpg?resize=600%2C403&amp;ssl=1 600w\" sizes=\"auto, (max-width: 640px) 100vw, 640px\" \/><\/a><\/p>\n","protected":false},"excerpt":{"rendered":"<p>Desde Proteccion Civil Atarfe han puesto en marcha un a\u00f1o m\u00e1s la campa\u00f1a de recogida&#8230;<\/p>\n","protected":false},"author":1,"featured_media":5529,"comment_status":"closed","ping_status":"closed","sticky":false,"template":"","format":"standard","meta":{"_coblocks_attr":"","_coblocks_dimensions":"","_coblocks_responsive_height":"","_coblocks_accordion_ie_support":"","jetpack_post_was_ever_published":false,"_jetpack_newsletter_access":"","_jetpack_dont_email_post_to_subs":false,"_jetpack_newsletter_tier_id":0,"_jetpack_memberships_contains_paywalled_content":false,"_jetpack_memberships_contains_paid_content":false,"footnotes":"","jetpack_publicize_message":"","jetpack_publicize_feature_enabled":true,"jetpack_social_post_already_shared":false,"jetpack_social_options":{"image_generator_settings":{"template":"highway","default_image_id":0,"enabled":false},"version":2}},"categories":[2],"tags":[1835,1865,1864],"class_list":["post-5527","post","type-post","status-publish","format-standard","has-post-thumbnail","hentry","category-atarfe","tag-juguetes","tag-ptoteccion-civil","tag-solidaridad"],"jetpack_publicize_connections":[],"jetpack_featured_media_url":"https:\/\/i0.wp.com\/miradordeatarfe.es\/wp-content\/uploads\/2015\/12\/jugue.jpg?fit=259%2C194&ssl=1","jetpack_likes_enabled":true,"jetpack_sharing_enabled":true,"_links":{"self":[{"href":"https:\/\/miradordeatarfe.es\/index.php?rest_route=\/wp\/v2\/posts\/5527","targetHints":{"allow":["GET"]}}],"collection":[{"href":"https:\/\/miradordeatarfe.es\/index.php?rest_route=\/wp\/v2\/posts"}],"about":[{"href":"https:\/\/miradordeatarfe.es\/index.php?rest_route=\/wp\/v2\/types\/post"}],"author":[{"embeddable":true,"href":"https:\/\/miradordeatarfe.es\/index.php?rest_route=\/wp\/v2\/users\/1"}],"replies":[{"embeddable":true,"href":"https:\/\/miradordeatarfe.es\/index.php?rest_route=%2Fwp%2Fv2%2Fcomments&post=5527"}],"version-history":[{"count":1,"href":"https:\/\/miradordeatarfe.es\/index.php?rest_route=\/wp\/v2\/posts\/5527\/revisions"}],"predecessor-version":[{"id":5530,"href":"https:\/\/miradordeatarfe.es\/index.php?rest_route=\/wp\/v2\/posts\/5527\/revisions\/5530"}],"wp:featuredmedia":[{"embeddable":true,"href":"https:\/\/miradordeatarfe.es\/index.php?rest_route=\/wp\/v2\/media\/5529"}],"wp:attachment":[{"href":"https:\/\/miradordeatarfe.es\/index.php?rest_route=%2Fwp%2Fv2%2Fmedia&parent=5527"}],"wp:term":[{"taxonomy":"category","embeddable":true,"href":"https:\/\/miradordeatarfe.es\/index.php?rest_route=%2Fwp%2Fv2%2Fcategories&post=5527"},{"taxonomy":"post_tag","embeddable":true,"href":"https:\/\/miradordeatarfe.es\/index.php?rest_route=%2Fwp%2Fv2%2Ftags&post=5527"}],"curies":[{"name":"wp","href":"https:\/\/api.w.org\/{rel}","templated":true}]}}