{"id":55320,"date":"2022-07-05T09:36:15","date_gmt":"2022-07-05T07:36:15","guid":{"rendered":"https:\/\/miradordeatarfe.es\/?p=55320"},"modified":"2022-06-30T19:43:35","modified_gmt":"2022-06-30T17:43:35","slug":"granada-es-la-capital-andaluza-con-mas-renta-por-habitante-y-tambien-la-de-mayor-tasa-de-paro","status":"publish","type":"post","link":"https:\/\/miradordeatarfe.es\/?p=55320","title":{"rendered":"Granada es la capital andaluza con m\u00e1s renta por habitante y tambi\u00e9n la de mayor tasa de paro"},"content":{"rendered":"<h3 style=\"text-align: justify;\">Loja y Almu\u00f1\u00e9car repiten entre los municipios con la renta por persona m\u00e1s baja de Espa\u00f1a, seg\u00fan los datos del Instituto Nacional de Estad\u00edstica, referidos a localidades de m\u00e1s de 20.000 habitantes.<\/h3>\n<div class=\"entrad\" style=\"text-align: justify;\">\n<p>Granada es la capital andaluza con mayor renta por habitante y, parad\u00f3jicamente, tambi\u00e9n la de mayor tasa de paro. As\u00ed lo dice la estad\u00edstica Indicadores Urbanos del Instituto Nacional de Estad\u00edstica (INE), publicada este lunes.\u00a0<\/p>\n<p>Los datos de renta por persona, referidos a 2019 -\u00faltimo a\u00f1o disponible- sit\u00faan a la ciudad granadina a la cabeza entre las ocho capitales andaluzas, con 13.215 euros por habitante al a\u00f1o. Pero tambi\u00e9n es la capital con mayor tasa de paro, un 25,8% de la poblaci\u00f3n activa, dato correspondiente a 2021.\u00a0<\/p>\n<table border=\"1\" cellspacing=\"1\" cellpadding=\"1\">\n<caption>RENTA POR PERSONA Y TASA DE PARO EN LAS CAPITALES ANDALUZAS<\/caption>\n<tbody>\n<tr>\n<td>&nbsp;<\/td>\n<td>Renta por habitante<\/td>\n<td>Tasa de paro<\/td>\n<\/tr>\n<tr>\n<td><strong>Granada<\/strong><\/td>\n<td><strong>13.215 \u20ac<\/strong><\/td>\n<td><strong>25,8%<\/strong><\/td>\n<\/tr>\n<tr>\n<td>Sevilla<\/td>\n<td>12.404 \u20ac<\/td>\n<td>17,5%<\/td>\n<\/tr>\n<tr>\n<td>C\u00e1diz<\/td>\n<td>12.884 \u20ac<\/td>\n<td>23,1%<\/td>\n<\/tr>\n<tr>\n<td>Ja\u00e9n<\/td>\n<td>12.180 \u20ac<\/td>\n<td>22,2%<\/td>\n<\/tr>\n<tr>\n<td>C\u00f3rdoba<\/td>\n<td>11.613 \u20ac<\/td>\n<td>25,0%<\/td>\n<\/tr>\n<tr>\n<td>M\u00e1laga<\/td>\n<td>11.253 \u20ac<\/td>\n<td>17,9%<\/td>\n<\/tr>\n<tr>\n<td>Huelva<\/td>\n<td>11.181 \u20ac<\/td>\n<td>23,2%<\/td>\n<\/tr>\n<tr>\n<td>Almer\u00eda<\/td>\n<td>10.937 \u20ac<\/td>\n<td>23.0%<\/td>\n<\/tr>\n<\/tbody>\n<\/table>\n<p class=\"pie\">Datos de renta referidos a 2019 y tasa de paro a 2021. Fuente: INE<\/p>\n<p>Como muestra la tabla, Granada es la \u00fanica capital andaluza que supera los 13.000 euros de renta por persona. Le sigue Sevilla, con 12.404 euros por habitante y una tasa de paro muy inferior, 17,5%, la menor de entre las ocho capitales andaluzas.\u00a0<\/p>\n<p>La capital de menor renta es Almer\u00eda, con menos de 11.000 euros por persona (10.937) y una tasa de paro del 23%, la cuarta m\u00e1s alta.\u00a0<\/p>\n<p>A nivel nacional, Granada se encuentra en una zona media-alta entre las capitales espa\u00f1olas. Hay 20 que tienen mayor renta por persona y 29 cuentan con una renta inferior a la granadina.\u00a0<\/p>\n<h4>Loja y Almu\u00f1\u00e9car, a la cola<\/h4>\n<p>La estad\u00edstica del INE ofrece datos de renta y paro (entre otros indicadores) de todos los municipios espa\u00f1oles de m\u00e1s de 20.000 habitantes. Loja y Almu\u00f1\u00e9car se mantienen entre los municipios con la renta media por habitante m\u00e1s baja de Espa\u00f1a. As\u00ed, la renta anual media en estas dos localidades granadinas no llega a los 9.000 euros, casi tres veces menos que la de Pozuelo de Alarc\u00f3n, en Madrid, que figura como el de mayor renta del pa\u00eds, con cerca de 26.500 euros. <\/p>\n<div class=\"divdest\">\n<div class=\"media media-element-container media-default\">\n<div id=\"file-79441\" class=\"file file-image file-image-jpeg\">\n<div class=\"content\"><img data-recalc-dims=\"1\" loading=\"lazy\" decoding=\"async\" class=\"media-element file-default\" src=\"https:\/\/i0.wp.com\/www.elindependientedegranada.es\/sites\/default\/files\/chiringuito_3.jpg?resize=640%2C426&#038;ssl=1\" alt=\"\" width=\"640\" height=\"426\" data-delta=\"7\" \/><\/div>\n<\/div>\n<\/div>\n<p>Imagen de archivo de la playa de La Herradura. Foto: Ayto. Almu\u00f1\u00e9car<\/p><\/div>\n<p>En la provincia de Granada hay ocho municipios, contando la capital, de m\u00e1s de 20.000 habitantes. El de mayor renta es Granada capital y le sigue Armilla, con 10.452 euros por persona.\u00a0<\/p>\n<table border=\"1\" cellspacing=\"1\" cellpadding=\"1\">\n<caption>RENTA POR PERSONA DE LOS MUNICIPIOS DE GRANADA CON M\u00c1S DE 20.000 HABITANTES<\/caption>\n<tbody>\n<tr>\n<td>Municipio<\/td>\n<td>Renta por habitante<\/td>\n<\/tr>\n<tr>\n<td>Granada<\/td>\n<td>13.215 \u20ac<\/td>\n<\/tr>\n<tr>\n<td>Armilla<\/td>\n<td>10.452 \u20ac<\/td>\n<\/tr>\n<tr>\n<td>Maracena<\/td>\n<td>9.751 \u20ac<\/td>\n<\/tr>\n<tr>\n<td>Baza<\/td>\n<td>9.713 \u20ac<\/td>\n<\/tr>\n<tr>\n<td>Motril<\/td>\n<td>9.531 \u20ac<\/td>\n<\/tr>\n<tr>\n<td>Las Gabias<\/td>\n<td>9.479 \u20ac<\/td>\n<\/tr>\n<tr>\n<td>Almu\u00f1\u00e9car<\/td>\n<td>8.937 \u20ac<\/td>\n<\/tr>\n<tr>\n<td>Loja<\/td>\n<td>8.772 \u20ac<\/td>\n<\/tr>\n<\/tbody>\n<\/table>\n<p class=\"pie\">Datos de 2019. Fuente: INE<\/p>\n<p>Tras la capital y Armilla se sit\u00faa Maracena, con 9.751 euros, por delante de Baza (9.713), Motril y Las Gabias, los dos en torno a los 9.500 euros\/habitante. Almu\u00f1\u00e9car y Loja son las \u00fanicas por debajo de 9.000 euros.\u00a0<\/p>\n<p class=\"sumari\">Andaluc\u00eda concentra a los cinco municipios &#8216;m\u00e1s pobres&#8217; de Espa\u00f1a y a diez con la mayor tasa de paro<\/p>\n<p>En total, Andaluc\u00eda concentra a cinco de los municipios &#8216;m\u00e1s pobres&#8217;, seg\u00fan este indicador analizado en el marco del proyecto europeo Indicadores Urbanos, que recoge informaci\u00f3n de las condiciones de vida de las principales ciudades de la Uni\u00f3n Europea.\u00a0<\/p>\n<p>La lista recoge los 416 municipios que superan los 20.000 habitantes. Como se ha se\u00f1alado, Pozuelo de Alarc\u00f3n es la de mayor renta, mientras que como la de menor renta figura N\u00edjar, en Almer\u00eda (7.097 euros).<\/p>\n<p>No es el \u00fanico indicador en el que no salen bien paradas localidades andaluzas. En lo que respecta a la tasa de paro, la comunidad andaluza concentra a diez con la mayor tasa de paro del pa\u00eds, calculado como el cociente de entre el n\u00famero medio estimado de parados y poblaci\u00f3n activa estimada a mitad de a\u00f1o.<\/p>\n<p>En este caso, Granada es una de esas localidades con mayor tasa de paro. En concreto, el 25,8 por ciento.<\/p>\n<p>Seg\u00fan estas estad\u00edsticas, en lo que respecta a la tasa de paro, en la cabeza de la tabla est\u00e1 Linares (30,9%), seguido de La L\u00ednea de la Concepci\u00f3n (30,3%), Alcal\u00e1 de Guada\u00edra (26,9%), Jerez de la Frontera (26,00%). Tras el canario Santa Luc\u00eda de Tirajana (26,01%), aparecen de nuevo localidades andaluzas: Granada (25,8%), Dos Hermanas (25,1%), C\u00f3rdoba (25%), Algeciras (24,9%), para cerrar la lista de diez municipios el tambi\u00e9n canario Arrecife (24,84%). Eso en lo que respecta a los diez primeros.\u00a0<\/p>\n<p>En los diez puestos siguientes, seg\u00fan informa Europa Press, tambi\u00e9n aparecen otros municipios andaluces, como Sanl\u00facar de Barrameda (24,8%), Chiclana de la Frontera, tambi\u00e9n en C\u00e1diz (24,5%), Torremolinos, en M\u00e1laga (24,3%), o San Fernando, en C\u00e1diz (23,67%).<\/p>\n<p>La clasificaci\u00f3n de las tasas de paro se confeccionan para las 126 principales ciudades de Espa\u00f1a.\u00a0<\/p>\n<p>En lo referido a los municipios clasificados por renta media anual por habitante en 2019, N\u00edjar, en Almer\u00eda, aparece como el \u00faltimo de la tabla, con 7.097 euros, como se ha indicado, seguido del tambi\u00e9n almeriense V\u00edcar (7.634 euros), el sevillano Los Palacios y Villafranca (8.054 euros), el gaditano Barbate (8.126 euros) y el malague\u00f1o Alhaur\u00edn el Grande (8.188 euros).<\/p>\n<p>M\u00e1s municipios andaluces aparecen a partir del s\u00e9ptimo puesto, donde se sit\u00faa Isla Cristina, en Huelva (8.255 euros), seguido de Sanl\u00facar de Barrameda en novena posici\u00f3n (8.286 euros).<\/p>\n<div class=\"divdest\">\n<div class=\"media media-element-container media-default\">\n<div id=\"file-79426\" class=\"file file-image file-image-jpeg\">\n<div class=\"content\"><img data-recalc-dims=\"1\" loading=\"lazy\" decoding=\"async\" class=\"media-element file-default\" src=\"https:\/\/i0.wp.com\/www.elindependientedegranada.es\/sites\/default\/files\/loja_3.jpg?resize=640%2C359&#038;ssl=1\" alt=\"\" width=\"640\" height=\"359\" data-delta=\"5\" \/><\/div>\n<\/div>\n<\/div>\n<p>Imagen de Loja.\u00a0<\/p><\/div>\n<p>En el caso de Loja, la renta media anual por habitante es de 8.773 euros; y en Almu\u00f1\u00e9car, de 8.935.<\/p>\n<\/div>\n<div style=\"text-align: justify;\">\u00a0<\/div>\n<div><strong>EL INDEPENDIENTE DE GRANADA<\/strong><\/div>\n<div class=\"blq-img mainImg\">\n<div class=\"img\">\u00a0<\/div>\n<div class=\"txt\">\n<div class=\"firma\">FOTO: ARCHIVO INDEGRANADA. Vista de Granada.<\/div>\n<div>http:\/\/www.elindependientedegranada.es\/economia\/granada-es-capital-andaluza-con-mas-renta-habitante-tambien-mayor-tasa-paro<\/div>\n<\/div>\n<\/div>\n","protected":false},"excerpt":{"rendered":"<p>Loja y Almu\u00f1\u00e9car repiten entre los municipios con la renta por persona m\u00e1s baja de&#8230;<\/p>\n","protected":false},"author":1,"featured_media":55321,"comment_status":"closed","ping_status":"closed","sticky":false,"template":"","format":"standard","meta":{"_coblocks_attr":"","_coblocks_dimensions":"","_coblocks_responsive_height":"","_coblocks_accordion_ie_support":"","jetpack_post_was_ever_published":false,"_jetpack_newsletter_access":"","_jetpack_dont_email_post_to_subs":false,"_jetpack_newsletter_tier_id":0,"_jetpack_memberships_contains_paywalled_content":false,"_jetpack_memberships_contains_paid_content":false,"footnotes":"","jetpack_publicize_message":"","jetpack_publicize_feature_enabled":true,"jetpack_social_post_already_shared":true,"jetpack_social_options":{"image_generator_settings":{"template":"highway","default_image_id":0,"enabled":false},"version":2}},"categories":[1161,44,6937,15],"tags":[9393,6090,393],"class_list":["post-55320","post","type-post","status-publish","format-standard","has-post-thumbnail","hentry","category-ciudadania","category-noticias-de-hoy","category-sociedad","category-ultimas-noticias","tag-indice-de-paro","tag-provincia-de-granada","tag-renta"],"jetpack_publicize_connections":[],"jetpack_featured_media_url":"https:\/\/i0.wp.com\/miradordeatarfe.es\/wp-content\/uploads\/2022\/06\/vista_granada_0.jpg?fit=650%2C433&ssl=1","jetpack_likes_enabled":true,"jetpack_sharing_enabled":true,"_links":{"self":[{"href":"https:\/\/miradordeatarfe.es\/index.php?rest_route=\/wp\/v2\/posts\/55320","targetHints":{"allow":["GET"]}}],"collection":[{"href":"https:\/\/miradordeatarfe.es\/index.php?rest_route=\/wp\/v2\/posts"}],"about":[{"href":"https:\/\/miradordeatarfe.es\/index.php?rest_route=\/wp\/v2\/types\/post"}],"author":[{"embeddable":true,"href":"https:\/\/miradordeatarfe.es\/index.php?rest_route=\/wp\/v2\/users\/1"}],"replies":[{"embeddable":true,"href":"https:\/\/miradordeatarfe.es\/index.php?rest_route=%2Fwp%2Fv2%2Fcomments&post=55320"}],"version-history":[{"count":1,"href":"https:\/\/miradordeatarfe.es\/index.php?rest_route=\/wp\/v2\/posts\/55320\/revisions"}],"predecessor-version":[{"id":55322,"href":"https:\/\/miradordeatarfe.es\/index.php?rest_route=\/wp\/v2\/posts\/55320\/revisions\/55322"}],"wp:featuredmedia":[{"embeddable":true,"href":"https:\/\/miradordeatarfe.es\/index.php?rest_route=\/wp\/v2\/media\/55321"}],"wp:attachment":[{"href":"https:\/\/miradordeatarfe.es\/index.php?rest_route=%2Fwp%2Fv2%2Fmedia&parent=55320"}],"wp:term":[{"taxonomy":"category","embeddable":true,"href":"https:\/\/miradordeatarfe.es\/index.php?rest_route=%2Fwp%2Fv2%2Fcategories&post=55320"},{"taxonomy":"post_tag","embeddable":true,"href":"https:\/\/miradordeatarfe.es\/index.php?rest_route=%2Fwp%2Fv2%2Ftags&post=55320"}],"curies":[{"name":"wp","href":"https:\/\/api.w.org\/{rel}","templated":true}]}}