{"id":55410,"date":"2022-07-07T10:44:55","date_gmt":"2022-07-07T08:44:55","guid":{"rendered":"https:\/\/miradordeatarfe.es\/?p=55410"},"modified":"2022-07-04T13:12:58","modified_gmt":"2022-07-04T11:12:58","slug":"la-provincia-de-granada-recibe-275-millones-de-euros-de-los-fondos-europeos-para-el-ayudas-de-las-pymes","status":"publish","type":"post","link":"https:\/\/miradordeatarfe.es\/?p=55410","title":{"rendered":"La provincia de Granada recibe 2,75 millones de euros de los fondos europeos para el ayudas de las pymes"},"content":{"rendered":"<h3 style=\"text-align: justify;\">Animan a las peque\u00f1as y medianas empresas a acogerse a alguna de las convocatorias abiertas de ayudas acogidas al Plan de Recuperaci\u00f3n, Transformaci\u00f3n y Resiliencia<\/h3>\n<div class=\"mce-body \">\n<p class=\"mce\" style=\"text-align: justify;\">Las peque\u00f1as y medianas empresas pueden solicitar alguna de las convocatorias abiertas de <strong class=\"mce\">ayudas acogidas al Plan de Recuperaci\u00f3n, Transformaci\u00f3n y Resiliencia, como el programa Kit Digital,<\/strong> que gestiona Red.es y que est\u00e1 destinado a subvencionar soluciones de digitalizaci\u00f3n disponibles en el mercado, provistas por Agentes Digitalizadores, para peque\u00f1as empresas y microempresas, que<strong class=\"mce\"> no superen los 50 empleados, as\u00ed como a personas en situaci\u00f3n de autoempleo<\/strong>. Un plan que s\u00f3lo en la <a class=\"mce\" href=\"https:\/\/www.granadahoy.com\/provincia\/\" rel=\"dofollow\">provincia de Granada<\/a> se le ha concedido al 53% de las empresas solicitantes.\u00a0<\/p>\n<p class=\"mce\" style=\"text-align: justify;\">El\u00a0<strong class=\"mce\">delegado del Gobierno de Espa\u00f1a en Andaluc\u00eda, Pedro Fern\u00e1ndez,<\/strong> explica que en el territorio andaluz hay\u00a018.742 empresas de entre 10 y menos de 50 empleados, de las que 9.756 han solicitado las ayudas del Kit Digital, \u00abes decir,<strong class=\"mce\"> el 52% de total y ya se han concedido 21 millones de euros de los fondos del Plan de Recuperaci\u00f3n<\/strong>\u00ab, unos datos que extrapola a la provincia donde hoy ha visitado la empresa familiar Agroisa, en Hu\u00e9tor T\u00e1jar.<\/p>\n<p class=\"mce\" style=\"text-align: justify;\">\u00abEn la provincia granadina han solicitado dichas ayudas <strong class=\"mce\">el 53% de las pymes y se ha concedido, desde la apertura de dicha convocatoria, hace unos tres meses,<\/strong> un importe econ\u00f3mico que asciende a 2,75 millones de euros de los fondos europeos\u00bb, afirma.<\/p>\n<p class=\"mce\" style=\"text-align: justify;\">Pedro Fern\u00e1ndez ha aprovechado para recordar otra serie de convocatorias de gesti\u00f3n directa que el Gobierno de Espa\u00f1a tiene en este momento abierta y de las que se pueden beneficiar empresas, como <strong class=\"mce\">Misiones de Ciencia e Innovaci\u00f3n, dotado con 125 millones de euros y destinado al apoyo de proyectos I+D+I para PYMES,<\/strong> cuyo plazo de solicitud finaliza en septiembre de 2022; el programa Agroimpulso, que con 10 millones de euros persigue apoyar la transformaci\u00f3n digital de peque\u00f1as y medianas empresas del mundo rural; el <strong class=\"mce\">programa NEOTEC (35 millones de euros) para financiar nuevos proyectos empresariales de peque\u00f1as empresas innovadoras<\/strong>, as\u00ed como el Programa para la implementaci\u00f3n de infraestructura pasiva en zonas donde no existe cobertura 4G (150M\u20ac) y el de digitalizaci\u00f3n de la \u00faltima milla para empresas del sector tur\u00edstico, 25 millones de euros orientados al desarrollo de aplicaciones para que el patrimonio llegue al visitante.<\/p>\n<p class=\"mce\" style=\"text-align: justify;\">Para el segundo semestre de este a\u00f1o, Pedro Fern\u00e1ndez ha anunciado que habr\u00e1 <strong class=\"mce\">nuevas convocatorias, gestionadas directamente por el Gobierno de Espa\u00f1a<\/strong>, por valor de m\u00e1s de 10.000 millones de euros de distintos ministerios, \u00absin olvidar los PERTEs; m\u00e1s de 11 han visto la luz con una inversi\u00f3n p\u00fablica de m\u00e1s de 30.000 millones de euros, que movilizar\u00e1n recursos mucho mayores del sector privado por encima de los 50.000 millones\u00bb, a\u00f1ade.<\/p>\n<p class=\"mce\" style=\"text-align: justify;\">En su opini\u00f3n, <strong class=\"mce\">Agroisa, SL, pyme familiar de m\u00e1s de 10.000 metros cuadrados de superficie, con 74 empleados<\/strong> y dedicada desde 1991 a ofrecer soluciones estructurales a la olivicultura, \u00abes un ejemplo de apuesta por la I+D+I, en lo que ha invertido m\u00e1s de dos millones de euros y para lo que ha recibido el respaldo de fondos p\u00fablicos\u00bb, indica Fern\u00e1ndez, que se ha referido a la financiaci\u00f3n, por parte del CDTI, del proyecto CARDIOLIVE que utiliza los polifenoles procedentes de la fabricaci\u00f3n para usos medicinales, as\u00ed como al nuevo proceso de refinado para la obtenci\u00f3n de nanocelulosas para la aplicaci\u00f3n a productos cosm\u00e9ticos y a los ejecutados por una de sus empresas participadas del grupo INMECAL, como el de mejora de la<strong class=\"mce\"> combusti\u00f3n de huesos de aceituna y otro de mejora del cultivo de papaya<\/strong> bajo invernadero.<\/p>\n<p class=\"mce\" style=\"text-align: justify;\">Fern\u00e1ndez ha hecho especial hincapi\u00e9 en \u2018<strong class=\"mce\">EverWater 360\u2019, un proyecto de I+D+I que aglutina un proceso integral de limpieza e higienizaci\u00f3n de aguas<\/strong> procedentes de la industria para la retirada de compuestos contaminantes y con objetivos de reutilizaci\u00f3n.<\/p>\n<p class=\"mce\" style=\"text-align: justify;\">En la \u00faltima convocatoria lanzada por el CDTI, Agroisa, SL tambi\u00e9n ha sido seleccionada para la concesi\u00f3n de un pr\u00e9stamo, por valor de 486.000 euros, para la valorizaci\u00f3n de subproductos en la biorrefiner\u00eda, no solo en la industria del aceite de girasol, tambi\u00e9n en el de la almendra.<\/p>\n<p class=\"mce\" style=\"text-align: justify;\">Precisamente a esta \u00faltima convocatoria del CDTI el delegado del Gobierno explica que <strong class=\"mce\">se han concedido pr\u00e9stamos por valor superior a los 6,7 millones de euros en Andaluc\u00eda<\/strong>, \u00abde los que 1,2 millones se han quedado en la provincia de Granada para 3 empresas que se suman a la de Agroinsa, lo que nos da una idea del potencial que tenemos en Granada en el campo de la innovaci\u00f3n\u00bb, concluye.<\/p>\n<\/div>\n<h3><small><\/small><small class=\"author\">R.G.<\/small><\/h3>\n<p>LA FOTO: La provincia de Granada recibe 2,75 millones de euros de los fondos europeos para el Kit Digital de pymes \/ <span class=\"source\">G. H.<\/span><\/p>\n<div class=\"pg-body\">\n<section class=\"nws-data\">\n<p>https:\/\/www.granadahoy.com\/provincia\/provincia-Granada-fondos-europeos-pymes_0_1695732009.html<\/p>\n<\/section>\n<\/div>\n","protected":false},"excerpt":{"rendered":"<p>Animan a las peque\u00f1as y medianas empresas a acogerse a alguna de las convocatorias abiertas&#8230;<\/p>\n","protected":false},"author":1,"featured_media":55411,"comment_status":"closed","ping_status":"closed","sticky":false,"template":"","format":"standard","meta":{"_coblocks_attr":"","_coblocks_dimensions":"","_coblocks_responsive_height":"","_coblocks_accordion_ie_support":"","jetpack_post_was_ever_published":false,"_jetpack_newsletter_access":"","_jetpack_dont_email_post_to_subs":false,"_jetpack_newsletter_tier_id":0,"_jetpack_memberships_contains_paywalled_content":false,"_jetpack_memberships_contains_paid_content":false,"footnotes":"","jetpack_publicize_message":"","jetpack_publicize_feature_enabled":true,"jetpack_social_post_already_shared":true,"jetpack_social_options":{"image_generator_settings":{"template":"highway","default_image_id":0,"enabled":false},"version":2}},"categories":[2,1161,44,7671,15],"tags":[9405,845],"class_list":["post-55410","post","type-post","status-publish","format-standard","has-post-thumbnail","hentry","category-atarfe","category-ciudadania","category-noticias-de-hoy","category-politica","category-ultimas-noticias","tag-ayudas-europeas","tag-gobierno"],"jetpack_publicize_connections":[],"jetpack_featured_media_url":"https:\/\/i0.wp.com\/miradordeatarfe.es\/wp-content\/uploads\/2022\/06\/provincia-Granada-millones-Kit-Digital_1695742243_161302665_667x375.jpg?fit=667%2C375&ssl=1","jetpack_likes_enabled":true,"jetpack_sharing_enabled":true,"_links":{"self":[{"href":"https:\/\/miradordeatarfe.es\/index.php?rest_route=\/wp\/v2\/posts\/55410","targetHints":{"allow":["GET"]}}],"collection":[{"href":"https:\/\/miradordeatarfe.es\/index.php?rest_route=\/wp\/v2\/posts"}],"about":[{"href":"https:\/\/miradordeatarfe.es\/index.php?rest_route=\/wp\/v2\/types\/post"}],"author":[{"embeddable":true,"href":"https:\/\/miradordeatarfe.es\/index.php?rest_route=\/wp\/v2\/users\/1"}],"replies":[{"embeddable":true,"href":"https:\/\/miradordeatarfe.es\/index.php?rest_route=%2Fwp%2Fv2%2Fcomments&post=55410"}],"version-history":[{"count":1,"href":"https:\/\/miradordeatarfe.es\/index.php?rest_route=\/wp\/v2\/posts\/55410\/revisions"}],"predecessor-version":[{"id":55412,"href":"https:\/\/miradordeatarfe.es\/index.php?rest_route=\/wp\/v2\/posts\/55410\/revisions\/55412"}],"wp:featuredmedia":[{"embeddable":true,"href":"https:\/\/miradordeatarfe.es\/index.php?rest_route=\/wp\/v2\/media\/55411"}],"wp:attachment":[{"href":"https:\/\/miradordeatarfe.es\/index.php?rest_route=%2Fwp%2Fv2%2Fmedia&parent=55410"}],"wp:term":[{"taxonomy":"category","embeddable":true,"href":"https:\/\/miradordeatarfe.es\/index.php?rest_route=%2Fwp%2Fv2%2Fcategories&post=55410"},{"taxonomy":"post_tag","embeddable":true,"href":"https:\/\/miradordeatarfe.es\/index.php?rest_route=%2Fwp%2Fv2%2Ftags&post=55410"}],"curies":[{"name":"wp","href":"https:\/\/api.w.org\/{rel}","templated":true}]}}