{"id":55416,"date":"2022-07-05T09:04:05","date_gmt":"2022-07-05T07:04:05","guid":{"rendered":"https:\/\/miradordeatarfe.es\/?p=55416"},"modified":"2022-06-30T19:11:30","modified_gmt":"2022-06-30T17:11:30","slug":"descuidar-la-sanidad-publica-es-un-mal-negocio","status":"publish","type":"post","link":"https:\/\/miradordeatarfe.es\/?p=55416","title":{"rendered":"Descuidar la sanidad p\u00fablica es un mal negocio"},"content":{"rendered":"<div class=\"row\"><main class=\"content__wrapper\"><\/p>\n<div class=\"content-container col-12 col-lg-8\">\n<div class=\"c-header\">\n<div class=\"news-header\">\n<h3 style=\"text-align: justify;\">Medir con rigor c\u00f3mo afectan los cambios en la inversi\u00f3n en sanidad p\u00fablica a la salud de los ciudadanos resulta muy complicado. Mostramos evidencia indirecta de que restringir el acceso a la cobertura sanitaria tiene consecuencias negativas<\/h3>\n<\/div>\n<\/div>\n<\/div>\n<p><\/main><\/div>\n<div class=\"partner-wrapper article-page__body-row\">\n<div class=\"second-col\">\n<p class=\"article-text\" style=\"text-align: justify;\">Durante d\u00e9cadas se ha presumido en Espa\u00f1a de la sanidad p\u00fablica, gratuita y universal, como un logro social extraordinario, un modelo de \u00e9xito evidente y la joya de la corona del Estado de bienestar. Las tendencias hacia la privatizaci\u00f3n de la atenci\u00f3n sanitaria y las fuertes tensiones a las que se ha visto sometido el sistema p\u00fablico de salud durante la pandemia de COVID-19 han mostrado las a veces fr\u00e1giles costuras de \u00e9ste. En este contexto, surge la pregunta de qu\u00e9 efectos tiene la calidad del sistema sanitario p\u00fablico \u2013condiciones de acceso, infraestructuras y equipamientos, magnitud de la inversi\u00f3n, condiciones laborales de los profesionales\u2013 en la salud de los ciudadanos y qu\u00e9 ocurre cuando alguno de estos par\u00e1metros cambia. Responder a esta pregunta de manera sistem\u00e1tica, exhaustiva y rigurosa resulta muy complicado y en ocasiones es necesario recurrir a estrategias creativas para hacerlo. En esta entrada ofrecemos los resultados de un ejercicio emp\u00edrico que ofrece una respuesta indirecta a la pregunta.<\/p>\n<p class=\"article-text\" style=\"text-align: justify;\"><strong>Nuestra estrategia: \u201caprovechar\u201d un cambio normativo que introduc\u00eda restricciones de acceso a la atenci\u00f3n sanitaria<\/strong><\/p>\n<p class=\"article-text\" style=\"text-align: justify;\">Identificamos un contexto en el que hay un cambio ex\u00f3geno en alguno de estos elementos. En concreto, partimos de un acontecimiento cuasi experimental ocurrido en 2012 \u2013la introducci\u00f3n del Real Decreto-ley 20 de abril 2012 (RDL 16\/2012)\u2013 mediante el que se limit\u00f3 la cobertura sanitaria, con algunas excepciones, a personas inmigrantes sin documentaci\u00f3n. La medida se aplic\u00f3 de manera muy desigual en las distintas Comunidades Aut\u00f3nomas (en su orientaci\u00f3n general y en el tratamiento de las excepciones contempladas); no en vano las competencias sobre la sanidad est\u00e1n descentralizadas. Estas variaciones en la aplicaci\u00f3n de la norma jur\u00eddica nos permiten observar en la pr\u00e1ctica distintos grados de restricciones en las condiciones de acceso a la atenci\u00f3n sanitaria, siguiendo el trabajo de Cimas y sus coautores (<a class=\"link\" href=\"https:\/\/pubmed.ncbi.nlm.nih.gov\/26948703\/\" target=\"_blank\" rel=\"noopener\" data-mrf-recirculation=\"links-noticia\">aqu\u00ed<\/a>). Su clasificaci\u00f3n da lugar a tres grupos de Comunidades Aut\u00f3nomas: las que adoptaron ninguna o muy pocas restricciones de facto, las que impusieron algunas restricciones y las que aplicaron en la pr\u00e1ctica muchas restricciones, es decir, una implementaci\u00f3n m\u00e1s \u201cfiel\u201d de la nueva ley. Aunque \u00e9sta afecta potencialmente a distintos indicadores de salud (por ejemplo, a la mortalidad, como se ha mostrado convincentemente <a class=\"link\" href=\"https:\/\/www.sciencedirect.com\/science\/article\/pii\/S0014292120302385\" target=\"_blank\" rel=\"noopener\" data-mrf-recirculation=\"links-noticia\">aqu\u00ed<\/a>), en este caso nos centramos en la salud de los reci\u00e9n nacidos y en concreto seleccionamos el bajo peso al nacer como nuestro indicador relevante, ya que existe un gran consenso sobre la influencia adversa que tiene nacer con bajo peso en multitud de resultados de salud a lo largo de la vida.<\/p>\n<p class=\"article-text\" style=\"text-align: justify;\">En el trabajo analizamos, por tanto, si residir en Comunidades Aut\u00f3nomas con m\u00e1s restricciones para acceder a la sanidad p\u00fablica conlleva un mayor riesgo de que nazcan beb\u00e9s con dificultades y si, adem\u00e1s, esta influencia adversa de las limitaciones es m\u00e1s acentuada para los grupos potencialmente m\u00e1s expuestos o vulnerables. Con este fin, clasificamos todas las nacionalidades de las madres de beb\u00e9s nacidos en Espa\u00f1a unos a\u00f1os antes de la reforma y unos a\u00f1os despu\u00e9s \u2013entre 2009 y 2016\u2013 seg\u00fan el porcentaje de personas en ese grupo con residencia legal en el pa\u00eds. Para ello utilizamos datos oficiales tanto de los permisos v\u00e1lidos como de las solicitudes de asilo en tr\u00e1mite. A partir de estos datos, construimos tres grupos de nacionalidades: con una proporci\u00f3n muy baja de irregularidad (19%).<\/p>\n<p class=\"article-text\" style=\"text-align: justify;\"><strong>Las instituciones importan: a mayores restricciones, peor salud de los beb\u00e9s<\/strong><\/p>\n<p class=\"article-text\" style=\"text-align: justify;\">Los an\u00e1lisis confirman algunos resultados relevantes; en esta entrada destacamos dos, que se extraen de los gr\u00e1ficos que mostramos a continuaci\u00f3n. En ambos se presenta, en el eje horizontal, el a\u00f1o de nacimiento de los beb\u00e9s. La l\u00ednea roja vertical marca el momento en el que se introduce el RDL 16\/2012. Las tres l\u00edneas presentan la prevalencia de bajo peso al nacer para los tres grupos de Comunidades Aut\u00f3nomas: sin restricciones o con muy pocas, con algunas restricciones y con muchas restricciones (la l\u00ednea naranja). La figura de la izquierda ilustra la prevalencia de bajo peso para el grupo de nacionalidades (de la madre) con una proporci\u00f3n alta de irregularidad; la de la derecha lo hace para el grupo de nacionalidades con una proporci\u00f3n baja.<\/p>\n<p class=\"article-text\" style=\"text-align: justify;\"><strong>Prevalencia del bajo peso al nacer para distintas combinaciones de estatus legal de las madres y de condiciones de acceso a la sanidad p\u00fablica en la Comunidad Aut\u00f3noma<\/strong><\/p>\n<figure style=\"text-align: justify;\"><picture class=\"news-image\"><source srcset=\"https:\/\/static.eldiario.es\/clip\/e3b907cc-e2eb-40a3-83a3-255bf76632fc_source-aspect-ratio_50p_1051193.jpg\" media=\"(max-width: 576px)\" data-srcset=\"https:\/\/static.eldiario.es\/clip\/e3b907cc-e2eb-40a3-83a3-255bf76632fc_source-aspect-ratio_50p_1051193.jpg\" \/><source srcset=\"https:\/\/static.eldiario.es\/clip\/e3b907cc-e2eb-40a3-83a3-255bf76632fc_source-aspect-ratio_75p_1051193.jpg\" media=\"(max-width: 768px)\" data-srcset=\"https:\/\/static.eldiario.es\/clip\/e3b907cc-e2eb-40a3-83a3-255bf76632fc_source-aspect-ratio_75p_1051193.jpg\" \/><source srcset=\"https:\/\/static.eldiario.es\/clip\/e3b907cc-e2eb-40a3-83a3-255bf76632fc_source-aspect-ratio_default_1051193.jpg\" media=\"(min-width: 769px)\" data-srcset=\"https:\/\/static.eldiario.es\/clip\/e3b907cc-e2eb-40a3-83a3-255bf76632fc_source-aspect-ratio_default_1051193.jpg\" \/><img decoding=\"async\" class=\"lazy entered loaded\" src=\"data:;base64,<svg xmlns='http:\/\/www.w3.org\/2000\/svg' viewBox='0 0 1786 612'\/>\u00bb alt=\u00bb\u00bb data-ll-status=\u00bbloaded\u00bb \/> <\/picture><figcaption class=\"image-footer\"><span class=\"title\"> Nota: Los resultados proceden de estimaciones de modelos LPM aplicados a los datos del Bolet\u00edn Estad\u00edstico de Parto del INE para varios a\u00f1os. En todos los an\u00e1lisis se descuenta la posible influencia de otras caracter\u00edsticas de las madres, padres y beb\u00e9s, as\u00ed como de otras caracter\u00edsticas de las Comunidades Aut\u00f3nomas que correlacionan con el peso al nacer. <\/span><\/figcaption><\/figure>\n<p class=\"article-text\" style=\"text-align: justify;\">El primer resultado relevante resulta de comparar la prevalencia de bajo peso para los beb\u00e9s cuyas madres eran m\u00e1s vulnerables al cambio legislativo \u2013aquellas con nacionalidades para las que la situaci\u00f3n de irregularidad era frecuente, en el panel de la izquierda\u2013 con las que en principio podr\u00edan haber eludido con m\u00e1s facilidad la aplicaci\u00f3n de la ley, en el de la derecha. El estatus legal de las madres, de hecho, afecta a la salud de los beb\u00e9s: los ni\u00f1os de madres m\u00e1s expuestas al cambio legislativo muestran resultados consistentemente peores. El segundo resultado procede de comparar la salud de los beb\u00e9s en contextos con aplicaciones m\u00e1s y menos f\u00e9rreas de la ley restrictiva, cotejando las l\u00edneas dentro de cada figura. Como cab\u00eda esperar, en las Comunidades Aut\u00f3nomas en las que se implement\u00f3 de manera m\u00e1s literal y restrictiva el Real Decreto-ley, la salud de los beb\u00e9s empeor\u00f3 de manera sustancial.<\/p>\n<p class=\"article-text\" style=\"text-align: justify;\"><strong>Algunas implicaciones<\/strong><\/p>\n<p class=\"article-text\" style=\"text-align: justify;\">En este ejercicio hemos considerado el escenario en teor\u00eda menos propicio para detectar una influencia del cambio legislativo, dado que la atenci\u00f3n al embarazo y al parto en principio segu\u00edan cubri\u00e9ndose en la sanidad p\u00fablica, aunque en la pr\u00e1ctica en algunas Comunidades Aut\u00f3nomas hab\u00eda evidentes dificultades al respecto. Incluso en este contexto, los resultados demuestran que restringir el acceso a la sanidad p\u00fablica empeor\u00f3 la salud de los reci\u00e9n nacidos, especialmente entre los grupos de inmigrantes m\u00e1s vulnerables. Sabemos que los beb\u00e9s que al nacer presentan peores resultados perinatales son m\u00e1s propensos a tener mala salud a lo largo de la infancia y la vida adulta, por lo que, desde el punto de vista de la equidad y la igualdad de oportunidades, esta pol\u00edtica result\u00f3 sin duda desacertada. Incluso desde el punto de vista de la eficiencia, estos resultados sugieren que descuidar la inversi\u00f3n en sanidad p\u00fablica universal parece un muy mal negocio. Las consecuencias adversas para la salud y el bienestar de la poblaci\u00f3n que se deben a cambios en las condiciones de acceso y en la calidad del servicio \u2013sean estos cambios expl\u00edcitos o velados\u2013 no tardan en hacerse notar.<\/p>\n<div class=\"author-pill-wrapper\">\n<footer class=\"cmp-featured-signature-component\">\n<div class=\"featured-signature-component\">\n<div class=\"featured-data\"><a class=\"featured-name\" href=\"https:\/\/www.eldiario.es\/autores\/leire_salazar\/\">Leire Salazar<\/a><\/div>\n<\/div>\n<div class=\"featured-signature-component\">\n<div class=\"featured-avatar\"><picture class=\"rounded-img avatar\"><source srcset=\"https:\/\/static.eldiario.es\/clip\/57d4cc52-5ebb-462d-9969-3882195b5b2a_source-aspect-ratio_default_0.jpg\" media=\"(max-width: 576px)\" data-srcset=\"https:\/\/static.eldiario.es\/clip\/57d4cc52-5ebb-462d-9969-3882195b5b2a_source-aspect-ratio_default_0.jpg\" \/><source srcset=\"https:\/\/static.eldiario.es\/clip\/57d4cc52-5ebb-462d-9969-3882195b5b2a_source-aspect-ratio_default_0.jpg\" media=\"(max-width: 768px)\" data-srcset=\"https:\/\/static.eldiario.es\/clip\/57d4cc52-5ebb-462d-9969-3882195b5b2a_source-aspect-ratio_default_0.jpg\" \/><source srcset=\"https:\/\/static.eldiario.es\/clip\/57d4cc52-5ebb-462d-9969-3882195b5b2a_source-aspect-ratio_default_0.jpg\" media=\"(min-width: 769px)\" data-srcset=\"https:\/\/static.eldiario.es\/clip\/57d4cc52-5ebb-462d-9969-3882195b5b2a_source-aspect-ratio_default_0.jpg\" \/>\u00a0 <\/picture><\/div>\n<div class=\"featured-data\"><a class=\"featured-name\" href=\"https:\/\/www.eldiario.es\/autores\/marta-seiz\/\">Marta Seiz<\/a><\/p>\n<div>\n<div><a class=\"twitter-account\" href=\"https:\/\/twitter.com\/@MartaSeiz\" target=\"_blank\" rel=\"noopener\"> <i class=\"fab fa-twitter\"><\/i> <span class=\"featured-twitter\"> @MartaSeiz <\/span> <\/a><\/div>\n<\/div>\n<\/div>\n<\/div>\n<div class=\"featured-signature-component\">\n<div class=\"featured-avatar\"><picture class=\"rounded-img avatar\"><source srcset=\"https:\/\/static.eldiario.es\/clip\/2e096b43-c588-4fb6-81cb-023a06152818_source-aspect-ratio_default_0.jpeg\" media=\"(max-width: 576px)\" data-srcset=\"https:\/\/static.eldiario.es\/clip\/2e096b43-c588-4fb6-81cb-023a06152818_source-aspect-ratio_default_0.jpeg\" \/><source srcset=\"https:\/\/static.eldiario.es\/clip\/2e096b43-c588-4fb6-81cb-023a06152818_source-aspect-ratio_default_0.jpeg\" media=\"(max-width: 768px)\" data-srcset=\"https:\/\/static.eldiario.es\/clip\/2e096b43-c588-4fb6-81cb-023a06152818_source-aspect-ratio_default_0.jpeg\" \/><source srcset=\"https:\/\/static.eldiario.es\/clip\/2e096b43-c588-4fb6-81cb-023a06152818_source-aspect-ratio_default_0.jpeg\" media=\"(min-width: 769px)\" data-srcset=\"https:\/\/static.eldiario.es\/clip\/2e096b43-c588-4fb6-81cb-023a06152818_source-aspect-ratio_default_0.jpeg\" \/>\u00a0 <\/picture><\/div>\n<div class=\"featured-data\"><a class=\"featured-name\" href=\"https:\/\/www.eldiario.es\/autores\/tatiana-eremenko\/\">Tatiana Eremenko<\/a><\/p>\n<div>\n<div><a class=\"twitter-account\" href=\"https:\/\/twitter.com\/tneremenko\" target=\"_blank\" rel=\"noopener\"> <i class=\"fab fa-twitter\"><\/i> <span class=\"featured-twitter\"> @tneremenko <\/span> <\/a><\/div>\n<\/div>\n<\/div>\n<\/div>\n<div class=\"featured-signature-component\">\n<div class=\"featured-avatar\"><picture class=\"rounded-img avatar\"><source srcset=\"https:\/\/static.eldiario.es\/clip\/74c153c1-d26c-48ef-bd3e-f3a72d8704d4_source-aspect-ratio_default_0.jpeg\" media=\"(max-width: 576px)\" data-srcset=\"https:\/\/static.eldiario.es\/clip\/74c153c1-d26c-48ef-bd3e-f3a72d8704d4_source-aspect-ratio_default_0.jpeg\" \/><source srcset=\"https:\/\/static.eldiario.es\/clip\/74c153c1-d26c-48ef-bd3e-f3a72d8704d4_source-aspect-ratio_default_0.jpeg\" media=\"(max-width: 768px)\" data-srcset=\"https:\/\/static.eldiario.es\/clip\/74c153c1-d26c-48ef-bd3e-f3a72d8704d4_source-aspect-ratio_default_0.jpeg\" \/><source srcset=\"https:\/\/static.eldiario.es\/clip\/74c153c1-d26c-48ef-bd3e-f3a72d8704d4_source-aspect-ratio_default_0.jpeg\" media=\"(min-width: 769px)\" data-srcset=\"https:\/\/static.eldiario.es\/clip\/74c153c1-d26c-48ef-bd3e-f3a72d8704d4_source-aspect-ratio_default_0.jpeg\" \/>\u00a0 <\/picture><\/div>\n<div class=\"featured-data\"><a class=\"featured-name\" href=\"https:\/\/www.eldiario.es\/autores\/marco-cozzani\/\">Marco Cozzani<\/a><\/p>\n<div>\n<div><a class=\"twitter-account\" href=\"https:\/\/twitter.com\/MarcoCozzani\" target=\"_blank\" rel=\"noopener\"><span class=\"featured-twitter\"> @MarcoCozzani <\/span><\/a><\/div>\n<\/div>\n<\/div>\n<div>\n<div class=\"second-col\">\n<figure class=\"ni-figure\"><picture class=\"news-image\">\u00a0 <\/picture><figcaption class=\"image-footer\"><span class=\"title\"> FOTO: Bebe reci\u00e9n nacido. <span class=\"author\"> Europa Press<br \/>\nhttps:\/\/www.eldiario.es\/piedrasdepapel\/descuidar-sanidad-publica-mal-negocio_132_9129644.html<br \/>\n<\/span> <\/span><\/figcaption><\/figure>\n<\/div>\n<div class=\"first-col\">\n<footer class=\"news-info \" data-mrf-recirculation=\"firma\">\n<div class=\"info-wrapper\">\n<div class=\"date-comments-wrapper\">\u00a0<\/div>\n<\/div>\n<\/footer>\n<\/div>\n<\/div>\n<\/div>\n<\/footer>\n<\/div>\n<div class=\"c-content\">\n<footer class=\"rs-pill\">\n<div class=\"edi-social-buttons\">\n<div class=\"buttons-rs-panel\">\u00a0<\/div>\n<\/div>\n<\/footer>\n<\/div>\n<p class=\"article-text\">_________________<\/p>\n<p class=\"article-text\">Nota: Esta entrada forma parte de los resultados del proyecto de investigaci\u00f3n PERIFACT: Desigualdades sociales en salud perinatal: factores y consecuencias (PID2019-111564RB-I00 \/ AEI \/ 10.13039\/501100011033). La investigaci\u00f3n en la que se basa cuenta tambi\u00e9n con financiaci\u00f3n del Ministerio de Ciencia, Innovaci\u00f3n y Universidades (IJC2018-038444-I).<\/p>\n<\/div>\n<\/div>\n","protected":false},"excerpt":{"rendered":"<p>Medir con rigor c\u00f3mo afectan los cambios en la inversi\u00f3n en sanidad p\u00fablica a la&#8230;<\/p>\n","protected":false},"author":1,"featured_media":55417,"comment_status":"closed","ping_status":"closed","sticky":false,"template":"","format":"standard","meta":{"_coblocks_attr":"","_coblocks_dimensions":"","_coblocks_responsive_height":"","_coblocks_accordion_ie_support":"","jetpack_post_was_ever_published":false,"_jetpack_newsletter_access":"","_jetpack_dont_email_post_to_subs":false,"_jetpack_newsletter_tier_id":0,"_jetpack_memberships_contains_paywalled_content":false,"_jetpack_memberships_contains_paid_content":false,"footnotes":"","jetpack_publicize_message":"","jetpack_publicize_feature_enabled":true,"jetpack_social_post_already_shared":true,"jetpack_social_options":{"image_generator_settings":{"template":"highway","default_image_id":0,"enabled":false},"version":2}},"categories":[1161,44,7671,6937,15,10],"tags":[9182,9407],"class_list":["post-55416","post","type-post","status-publish","format-standard","has-post-thumbnail","hentry","category-ciudadania","category-noticias-de-hoy","category-politica","category-sociedad","category-ultimas-noticias","category-salud","tag-restricciones","tag-sanidada-publica"],"jetpack_publicize_connections":[],"jetpack_featured_media_url":"https:\/\/i0.wp.com\/miradordeatarfe.es\/wp-content\/uploads\/2022\/06\/81af056b-f562-4ce4-9de8-c918cf101486_16-9-aspect-ratio_default_0.jpg?fit=880%2C495&ssl=1","jetpack_likes_enabled":true,"jetpack_sharing_enabled":true,"_links":{"self":[{"href":"https:\/\/miradordeatarfe.es\/index.php?rest_route=\/wp\/v2\/posts\/55416","targetHints":{"allow":["GET"]}}],"collection":[{"href":"https:\/\/miradordeatarfe.es\/index.php?rest_route=\/wp\/v2\/posts"}],"about":[{"href":"https:\/\/miradordeatarfe.es\/index.php?rest_route=\/wp\/v2\/types\/post"}],"author":[{"embeddable":true,"href":"https:\/\/miradordeatarfe.es\/index.php?rest_route=\/wp\/v2\/users\/1"}],"replies":[{"embeddable":true,"href":"https:\/\/miradordeatarfe.es\/index.php?rest_route=%2Fwp%2Fv2%2Fcomments&post=55416"}],"version-history":[{"count":1,"href":"https:\/\/miradordeatarfe.es\/index.php?rest_route=\/wp\/v2\/posts\/55416\/revisions"}],"predecessor-version":[{"id":55418,"href":"https:\/\/miradordeatarfe.es\/index.php?rest_route=\/wp\/v2\/posts\/55416\/revisions\/55418"}],"wp:featuredmedia":[{"embeddable":true,"href":"https:\/\/miradordeatarfe.es\/index.php?rest_route=\/wp\/v2\/media\/55417"}],"wp:attachment":[{"href":"https:\/\/miradordeatarfe.es\/index.php?rest_route=%2Fwp%2Fv2%2Fmedia&parent=55416"}],"wp:term":[{"taxonomy":"category","embeddable":true,"href":"https:\/\/miradordeatarfe.es\/index.php?rest_route=%2Fwp%2Fv2%2Fcategories&post=55416"},{"taxonomy":"post_tag","embeddable":true,"href":"https:\/\/miradordeatarfe.es\/index.php?rest_route=%2Fwp%2Fv2%2Ftags&post=55416"}],"curies":[{"name":"wp","href":"https:\/\/api.w.org\/{rel}","templated":true}]}}