{"id":55419,"date":"2022-07-05T10:07:42","date_gmt":"2022-07-05T08:07:42","guid":{"rendered":"https:\/\/miradordeatarfe.es\/?p=55419"},"modified":"2022-06-30T19:44:05","modified_gmt":"2022-06-30T17:44:05","slug":"55419","status":"publish","type":"post","link":"https:\/\/miradordeatarfe.es\/?p=55419","title":{"rendered":"\u00bfPor qu\u00e9 tanta gente est\u00e1 volviendo a contagiarse de covid? Todo lo que necesita saber en este punto de la pandemia"},"content":{"rendered":"<div class=\"a_c clearfix\" data-dtm-region=\"articulo_cuerpo\">\n<h3 class=\"a_st\" style=\"text-align: justify;\">Los sublinajes BA.4 y BA.5 de la \u00f3micron siguen extendi\u00e9ndose y tienen capacidad de reinfectar a quienes ya la pasaron. Estas son sus principales caracter\u00edsticas.Muchos m\u00e9dicos llaman al repunte de casos de covid que comenz\u00f3 a principios de junio \u201cla ola silenciosa\u201d.<\/h3>\n<p class=\"\" style=\"text-align: justify;\">Sobre ella hay menos focos que en las anteriores, no existe medici\u00f3n exhaustiva de los diagn\u00f3sticos, ya que el Ministerio de Sanidad y las comunidades <a href=\"https:\/\/elpais.com\/sociedad\/2022-04-01\/espana-estrena-el-nuevo-sistema-de-vigilancia-de-covid-con-una-caida-de-la-ocupacion-hospitalaria.html\" data-link-track-dtm=\"\">la abandonaron a finales de marzo<\/a>, y no produce ni de cerca tantos cuadros graves como las anteriores a las vacunas. Pero los casos leves siguen creciendo, impulsados por dos sublinajes de la \u00f3micron (la BA.4 y la BA.5) que tienen capacidad incluso para transmitirse en personas que pasaron recientemente la enfermedad. Es algo que los facultativos notan en sus consultas y que tambi\u00e9n muestran las estad\u00edsticas con las que ahora se mide la pandemia, adem\u00e1s de un notable aumento en las hospitalizaciones. Estas son las caracter\u00edsticas de esta ola:<\/p>\n<h3 class=\"\" style=\"text-align: justify;\">\u00bfQu\u00e9 ola es la actual?<\/h3>\n<p class=\"\" style=\"text-align: justify;\">La \u00faltima ola clara de covid fue la sexta, que alcanz\u00f3 su pico en enero <a href=\"https:\/\/elpais.com\/sociedad\/2022-01-03\/la-sexta-ola-sigue-acelerando-372000-nuevos-diagnosticos-llevan-la-incidencia-a-2295-casos-por-100000-habitantes.html\" data-link-track-dtm=\"\">con la gran explosi\u00f3n de casos de \u00f3micron<\/a>. Despu\u00e9s de eso hubo un descenso y una nueva subida en abril, que algunos consideraron <a href=\"https:\/\/elpais.com\/sociedad\/2022-05-11\/la-septima-ola-de-covid-acumula-un-mes-de-subida-de-contagios-sin-repercusion-en-las-uci.html\" data-link-track-dtm=\"\">como la s\u00e9ptima ola<\/a>, y que volvi\u00f3 a bajar en mayo. A principios de junio los diagn\u00f3sticos comenzaron a crecer de nuevo. Desde ese punto de vista, esta podr\u00eda ser la octava ola, pero muchos m\u00e9dicos hablan de ella como la s\u00e9ptima, sin contar la anterior por su escasa magnitud, o uniendo las dos en una misma.<\/p>\n<h3 class=\"\" style=\"text-align: justify;\">\u00bfC\u00f3mo se est\u00e1n midiendo los casos?<\/h3>\n<p class=\"\" style=\"text-align: justify;\">Desde finales de marzo, Sanidad y las comunidades solo recogen en las estad\u00edsticas los casos de los mayores de 60 a\u00f1os, ya que para los menores de esta edad, si son personas sanas, <a href=\"https:\/\/elpais.com\/sociedad\/2022-03-22\/los-casos-leves-y-asintomaticos-de-covid-no-tendran-que-aislarse-desde-el-lunes.html\" data-link-track-dtm=\"\">no est\u00e1n indicadas pruebas diagn\u00f3sticas<\/a>. Esto impide saber si en otros rangos de edad hay m\u00e1s incidencia. Desde que se autorizaron los autotest en farmacias, tambi\u00e9n queda la duda de saber cu\u00e1ntos casos positivos, incluso de mayores de 60 a\u00f1os, est\u00e1n quedando fuera de la estad\u00edstica porque no se notifican.<\/p>\n<h3 class=\"\" style=\"text-align: justify;\">\u00bfCu\u00e1ntos casos hay realmente? \u00bfSon m\u00e1s que en otras olas?<\/h3>\n<p class=\"\" style=\"text-align: justify;\">Este martes hab\u00eda 841 casos por 100.000 habitantes en 14 d\u00edas (en mayores de 60), 86 m\u00e1s que el viernes pasado y 188 m\u00e1s que hace una semana. Estamos aproximadamente en los niveles de mayo: la mayor\u00eda del mes estuvo por encima de los 800. La diferencia es que entonces se estanc\u00f3 en esas cifras, mientras que ahora hay una clara y r\u00e1pida tendencia al alza. Tambi\u00e9n son niveles similares a los m\u00e1ximos medidos en las olas anteriores a la \u00f3micron: 899 en la tercera y 700 en la quinta. Pero seguimos muy por debajo del pico de la sexta ola, cuando la incidencia acumulada super\u00f3 los 3.000 casos.<\/p>\n<h3 class=\"\" style=\"text-align: justify;\">\u00bfCu\u00e1les son las comunidades m\u00e1s afectadas?<\/h3>\n<p class=\"\" style=\"text-align: justify;\">Madrid es la que registra mayor incidencia acumulada entre mayores de 60 a\u00f1os: 1.450 casos por 100.000 habitantes. Otras seis est\u00e1n por encima del millar: Baleares, Canarias, Castilla-La Mancha, Extremadura, Galicia y La Rioja. Andaluc\u00eda es, con mucha diferencia, la que menos casos reporta: 271. Todas las dem\u00e1s est\u00e1n por encima de 500.<\/p>\n<h3 class=\"\" style=\"text-align: justify;\">\u00bfQu\u00e9 son los sublinajes BA.4 y BA.5 de la \u00f3micron?<\/h3>\n<p class=\"\" style=\"text-align: justify;\">Pr\u00e1cticamente todos los casos de esta ola est\u00e1n producidos por la variante \u00f3micron. Pero no ya por la primera, que lleg\u00f3 a Espa\u00f1a a finales del a\u00f1o pasado. Ha ido evolucionando y se est\u00e1n abriendo paso dos sublinajes: el BA.4 y BA.5. Seg\u00fan <a href=\"https:\/\/www.sanidad.gob.es\/profesionales\/saludPublica\/ccayes\/alertasActual\/nCov\/documentos\/COVID19_Actualizacion_variantes_20220627.pdf\" data-link-track-dtm=\"\">el \u00faltimo informe de Sanidad<\/a>, no dejan de crecer y ya representan entre el 19,2% y el 76,3% de los contagios, dependiendo de la comunidad aut\u00f3noma. Pero se trata de un informe que suele estar algo desfasado con lo que sucede en cada momento, por lo que es probable que est\u00e9n a\u00fan m\u00e1s implantados.<\/p>\n<h3 class=\"\" style=\"text-align: justify;\">\u00bfSon m\u00e1s contagiosos?<\/h3>\n<p class=\"\" style=\"text-align: justify;\">Estos sublinajes parecen ser a\u00fan m\u00e1s contagiosos que la \u00f3micron original, que ya era mucho m\u00e1s transmisible que la delta y esta, a su vez, que las anteriores. Lo que los hace a\u00fan m\u00e1s expansivos es en son capaces de burlar la inmunidad de los anticuerpos producidos tanto por la infecci\u00f3n natural como por la vacuna, seg\u00fan varios experimentos de laboratorio. Por eso es posible que una persona haya pasado la enfermedad este invierno y vuelva a padecerla ahora.<\/p>\n<h3 class=\"\" style=\"text-align: justify;\">\u00bfSon m\u00e1s graves? \u00bfEst\u00e1n subiendo mucho las hospitalizaciones?<\/h3>\n<p class=\"\" style=\"text-align: justify;\">Estos sublinajes no parecen ser m\u00e1s graves que los anteriores, m\u00e1s bien al contrario. A falta de estudios m\u00e1s precisos, la vacuna sigue mostrando un alto nivel de protecci\u00f3n para evitar los casos graves y las muertes. Sin embargo, cuando sube el n\u00famero de contagios, <a href=\"https:\/\/elpais.com\/sociedad\/2022-06-24\/el-repunte-de-contagios-de-covid-acelera-los-ingresos-hospitalarios-impulsado-por-nuevas-variantes-de-la-omicron.html\" target=\"_blank\" rel=\"noopener\" data-link-track-dtm=\"\">crecen tambi\u00e9n las hospitalizaciones<\/a>, y ahora lo est\u00e1n haciendo de forma decidida: el martes hab\u00eda 9.500 personas hospitalizadas con covid (casi 1.200 m\u00e1s que hace solo cuatro d\u00edas) que ocupan el 7,8% de las camas y 433 en UCI (73 m\u00e1s que el viernes y por encima de 400 por primera vez desde Semana Santa), un 4,9% de ocupaci\u00f3n. Aunque son cifras todav\u00eda asumibles en los hospitales, de continuar la subida, tal y como indica la tendencia, las bajas de los sanitarios y el cierre de plantas por las vacaciones pueden propiciar un verano complicado en estos centros.<\/p>\n<h3 class=\"\" style=\"text-align: justify;\">\u00bfQu\u00e9 s\u00edntomas producen?<\/h3>\n<p class=\"\" style=\"text-align: justify;\">Tambi\u00e9n son necesarios m\u00e1s estudios para detallar los s\u00edntomas de estos sublinajes. Los m\u00e9dicos est\u00e1n viendo en las consultas una gran mayor\u00eda de cuadros leves, con las caracter\u00edsticas t\u00edpicas de la covid: dolor de cabeza, de garganta, cansancio, fiebre, moqueo, tos\u2026<\/p>\n<h3 class=\"\" style=\"text-align: justify;\">\u00bfCu\u00e1nto crecer\u00e1 esta ola?<\/h3>\n<p class=\"\" style=\"text-align: justify;\">Es muy complicado predecir c\u00f3mo se comportar\u00e1n las olas de covid. El ejemplo m\u00e1s pr\u00f3ximo que tiene Espa\u00f1a es Portugal, un pa\u00eds cercano, con altas tasas de vacunaci\u00f3n, donde la ola provocada por estos sublinajes ya lleva m\u00e1s de una semana bajando. All\u00ed, la incidencia lleg\u00f3 a un pico de 3.600 diagn\u00f3sticos por 100.000 habitantes, el mayor que ha registrado el pa\u00eds. Sin embargo, la presi\u00f3n en los hospitales ha quedado lejos de la de olas anteriores. <a href=\"https:\/\/twitter.com\/DGSaude\/status\/1540409942233989120\/photo\/1\" target=\"_blank\" rel=\"noopener\" data-link-track-dtm=\"\">Seg\u00fan los \u00faltimos datos disponibles<\/a>, la tendencia es descendente: hay 1.743 ingresados, de los cuales 85 est\u00e1n en UCI, muy por debajo de la cifra que se alcanz\u00f3 en la primera gran ola del pa\u00eds, cuando se superaban las 3.000 hospitalizaciones y el medio millar de pacientes en cuidados intensivos. Esto no quiere decir que en Espa\u00f1a vaya a suceder lo mismo, pero es un antecedente a tener en cuenta.<\/p>\n<h3 class=\"\" style=\"text-align: justify;\">\u00bfEs el aumento de contagios culpa del fin de las mascarillas?<\/h3>\n<p class=\"\" style=\"text-align: justify;\">No ha habido una relaci\u00f3n temporal directa entre el fin de la obligatoriedad de las mascarillas y el aumento de casos. La transmisi\u00f3n lleva en niveles muy altos desde antes de retirarlas en interiores y no ha vuelto a bajar de 400 casos por cada 100.000 habitantes <a href=\"https:\/\/elpais.com\/sociedad\/2021-10-22\/los-contagios-de-covid-en-espana-se-estancan-en-el-nivel-de-riesgo-bajo.html\" target=\"_blank\" rel=\"noopener\" data-link-track-dtm=\"\">desde el pasado oto\u00f1o<\/a>. Sucede que los tapabocas no son la \u00fanica restricci\u00f3n que se retir\u00f3: ya no queda en vigor pr\u00e1cticamente ninguna, <a href=\"https:\/\/elpais.com\/sociedad\/2022-03-27\/espana-pasa-pagina-a-la-pandemia.html\" target=\"_blank\" rel=\"noopener\" data-link-track-dtm=\"\">ni siquiera el aislamiento de los casos positivos<\/a>. Las mascarillas, no obstante, reducen la probabilidad de contagio y algunas comunidades, como Catalu\u00f1a, han pedido a los mayores que vuelvan a llevarlas en interiores (si bien siguen sin ser obligatorias).<\/p>\n<h3 class=\"\" style=\"text-align: justify;\">\u00bfSer\u00e1 necesaria otra dosis de la vacuna para afrontar esta ola?<\/h3>\n<p class=\"\" style=\"text-align: justify;\">Sanidad no tiene en sus planes poner una nueva dosis de refuerzo de la covid a quien ya la tiene (un 53,5% de la poblaci\u00f3n) hasta despu\u00e9s del verano, aunque anima a los mayores de 18 a\u00f1os que no la han recibido a pon\u00e9rsela. Es muy probable que para oto\u00f1o se hayan aprobado vacunas con m\u00e1s efectividad frente a las nuevas variantes y se comience a revacunar con ellas (con la que ser\u00eda cuarta dosis) a la poblaci\u00f3n mayor de 80 a\u00f1os y la que vive en residencias. La Comisi\u00f3n de Salud P\u00fablica, el \u00f3rgano que decide sobre la administraci\u00f3n de dosis, no se ha pronunciado sobre la poblaci\u00f3n menor de esta edad, algo que tendr\u00e1 que estudiar llegado el momento.<\/p>\n<\/div>\n<section class=\"w w-sea\">\n<div class=\"w_b\">\n<div class=\"_g _g-xs\">\n<div class=\"w-sea_txt\">\n<div class=\"_df\">\n<div class=\"w-sea_txt_na\" style=\"text-align: justify;\"><a href=\"https:\/\/elpais.com\/autor\/pablo-linde\/\" rel=\"autor_bottom\"><strong>Pablo Linde<\/strong><\/a><\/div>\n<div class=\"w_rs_i\">\u00a0<\/div>\n<\/div>\n<p class=\"w-sea_txt_da\">Escribe en EL PA\u00cdS desde 2007 y est\u00e1 especializado en temas sanitarios y de salud. Ha cubierto la pandemia del coronavirus, escrito dos libros y ganado algunos premios en su \u00e1rea. Antes se dedic\u00f3 varios a\u00f1os al periodismo local en Andaluc\u00eda.<\/p>\n<\/div>\n<\/div>\n<\/div>\n<\/section>\n","protected":false},"excerpt":{"rendered":"<p>Los sublinajes BA.4 y BA.5 de la \u00f3micron siguen extendi\u00e9ndose y tienen capacidad de reinfectar&#8230;<\/p>\n","protected":false},"author":1,"featured_media":55420,"comment_status":"closed","ping_status":"closed","sticky":false,"template":"","format":"standard","meta":{"_coblocks_attr":"","_coblocks_dimensions":"","_coblocks_responsive_height":"","_coblocks_accordion_ie_support":"","jetpack_post_was_ever_published":false,"_jetpack_newsletter_access":"","_jetpack_dont_email_post_to_subs":false,"_jetpack_newsletter_tier_id":0,"_jetpack_memberships_contains_paywalled_content":false,"_jetpack_memberships_contains_paid_content":false,"footnotes":"","jetpack_publicize_message":"","jetpack_publicize_feature_enabled":true,"jetpack_social_post_already_shared":true,"jetpack_social_options":{"image_generator_settings":{"template":"highway","default_image_id":0,"enabled":false},"version":2}},"categories":[2,1161,7149,44,7671,15,10],"tags":[7990,9408,804],"class_list":["post-55419","post","type-post","status-publish","format-standard","has-post-thumbnail","hentry","category-atarfe","category-ciudadania","category-coronavirus","category-noticias-de-hoy","category-politica","category-ultimas-noticias","category-salud","tag-covid","tag-ola","tag-vacunas"],"jetpack_publicize_connections":[],"jetpack_featured_media_url":"https:\/\/i0.wp.com\/miradordeatarfe.es\/wp-content\/uploads\/2022\/06\/COVID.webp?fit=1960%2C1307&ssl=1","jetpack_likes_enabled":true,"jetpack_sharing_enabled":true,"_links":{"self":[{"href":"https:\/\/miradordeatarfe.es\/index.php?rest_route=\/wp\/v2\/posts\/55419","targetHints":{"allow":["GET"]}}],"collection":[{"href":"https:\/\/miradordeatarfe.es\/index.php?rest_route=\/wp\/v2\/posts"}],"about":[{"href":"https:\/\/miradordeatarfe.es\/index.php?rest_route=\/wp\/v2\/types\/post"}],"author":[{"embeddable":true,"href":"https:\/\/miradordeatarfe.es\/index.php?rest_route=\/wp\/v2\/users\/1"}],"replies":[{"embeddable":true,"href":"https:\/\/miradordeatarfe.es\/index.php?rest_route=%2Fwp%2Fv2%2Fcomments&post=55419"}],"version-history":[{"count":2,"href":"https:\/\/miradordeatarfe.es\/index.php?rest_route=\/wp\/v2\/posts\/55419\/revisions"}],"predecessor-version":[{"id":55422,"href":"https:\/\/miradordeatarfe.es\/index.php?rest_route=\/wp\/v2\/posts\/55419\/revisions\/55422"}],"wp:featuredmedia":[{"embeddable":true,"href":"https:\/\/miradordeatarfe.es\/index.php?rest_route=\/wp\/v2\/media\/55420"}],"wp:attachment":[{"href":"https:\/\/miradordeatarfe.es\/index.php?rest_route=%2Fwp%2Fv2%2Fmedia&parent=55419"}],"wp:term":[{"taxonomy":"category","embeddable":true,"href":"https:\/\/miradordeatarfe.es\/index.php?rest_route=%2Fwp%2Fv2%2Fcategories&post=55419"},{"taxonomy":"post_tag","embeddable":true,"href":"https:\/\/miradordeatarfe.es\/index.php?rest_route=%2Fwp%2Fv2%2Ftags&post=55419"}],"curies":[{"name":"wp","href":"https:\/\/api.w.org\/{rel}","templated":true}]}}