{"id":55426,"date":"2022-07-03T11:47:04","date_gmt":"2022-07-03T09:47:04","guid":{"rendered":"https:\/\/miradordeatarfe.es\/?p=55426"},"modified":"2022-07-04T12:40:28","modified_gmt":"2022-07-04T10:40:28","slug":"55426","status":"publish","type":"post","link":"https:\/\/miradordeatarfe.es\/?p=55426","title":{"rendered":"JUAN HIDALGO FERN\u00c1NDEZ, \u201cJuanillo\u201d por Jose Enrique Granados"},"content":{"rendered":"<div class=\"\" dir=\"auto\">\n<div id=\"jsc_c_gx\" class=\"ecm0bbzt hv4rvrfc ihqw7lf3 dati1w0a\" data-ad-comet-preview=\"message\" data-ad-preview=\"message\">\n<div class=\"j83agx80 cbu4d94t ew0dbk1b irj2b8pg\">\n<div class=\"qzhwtbm6 knvmm38d\">\n<div class=\"kvgmc6g5 cxmmr5t8 oygrvhab hcukyx3x c1et5uql ii04i59q\">\n<div dir=\"auto\"><em>Gloria a Dios en las alturas\/recogieron las basuras\/de mi calle, ayer a oscuras\/y hoy sembrada de bombillas.<\/em><\/div>\n<div dir=\"auto\"><em>Y colgaron de un cordel\/de esquina a esquina un cartel\/y banderas de papel\/lilas, rojas y amarillas.<\/em><\/div>\n<div dir=\"auto\"><em>Y al darles el sol la espalda\/revolotean las faldas\/bajo un manto de guirnaldas\/para que el cielo no vea,<\/em><\/div>\n<div dir=\"auto\"><em>en la noche de San Juan,\/c\u00f3mo comparten su pan,\/su mujer y su gal\u00e1n,\/gentes de cien mil raleas.<\/em><\/div>\n<div dir=\"auto\"><em>Apurad\/que all\u00ed os espero si quer\u00e9is venir\/pues cae la noche y ya se van\/nuestras miserias a dormir.<\/em><\/div>\n<div dir=\"auto\"><em>Vamos subiendo la cuesta\/que arriba mi calle\/se visti\u00f3 de fiesta.<\/em><\/div>\n<div dir=\"auto\"><strong>Joan Manuel Serrat<\/strong><\/div>\n<div dir=\"auto\" style=\"text-align: justify;\">\u00a0<\/div>\n<div dir=\"auto\" style=\"text-align: justify;\">Llevo mucho tiempo queriendo dedicar un texto a este personaje de nuestro pueblo, al que todos conoc\u00e9is. Y hoy, me he decidido a hacerlo; hoy festividad de San Juan, d\u00eda de su onom\u00e1stica. No hay ning\u00fan atarfe\u00f1o que no conozca a Juan Hidalgo Fern\u00e1ndez, \u201cJuanillo\u201d. Y para m\u00ed Juanillo a secas, sin calificativos.<\/div>\n<div dir=\"auto\" style=\"text-align: justify;\">\u00a0<\/div>\n<div dir=\"auto\" style=\"text-align: justify;\">Juanillo es un personaje singular; en su discapacidad intelectual ha generado una capacidad enorme para poder salir \u201cpara adelante\u201d. Ingenuo, atrevido, chismoso, bonach\u00f3n, a veces perverso pero siempre tierno. Esa impronta de maldad que en ocasiones dibuja, creando falsos rumores, mintiendo e incluso calumniando es s\u00f3lo una coraza que a lo largo de su vida ha ido construyendo para sobrevivir en este mundo de injusticias. \u00bfQu\u00e9 peor injusticia que ser o estar discapacitado?. Conocedor de la inferioridad de condiciones que le ha dado la vida para enfrentarse a ella, Juanillo se sobrepone a ello abusando en muchos momentos de la picard\u00eda, que le insuflan valor y coraje para enfrentarse a situaciones dif\u00edciles, en su condici\u00f3n de diferente. Un resorte para sobrevivir.<\/div>\n<div dir=\"auto\" style=\"text-align: justify;\">\u00a0<\/div>\n<div dir=\"auto\" style=\"text-align: justify;\">Con sus m\u00faltiples an\u00e9cdotas es digno de protagonizar una novela. Si hubiera vivido en la Espa\u00f1a del siglo XVI hubiera competido con Rinconete y Cortadillo o con el licenciado Vidriera para ser el protagonista de las doce narraciones que conforman las Novelas Ejemplares del insigne Miguel de Cervantes.<\/div>\n<div dir=\"auto\" style=\"text-align: justify;\">\u00a0<\/div>\n<div dir=\"auto\" style=\"text-align: justify;\">Pillo y astuto, tiene la capacidad de cambiar el rumbo de los acontecimientos para salir airoso de las situaciones. Conocedor de su deficiencia, nunca es el primero de algo; siempre est\u00e1 en segunda fila, pero cuidado, \u00e9l es el segundo. El segundo del alcalde (est\u00e9 quien est\u00e9), del Granada CF, de los municipales o de Galer\u00edas Preciados. \u00a1Como sabe camelar a sus interlocutores, para llevarlos a su terreno y creerse vencedor del envite!. Y cuando le faltan los recursos y se siente amenazado, en su condici\u00f3n de inferior, te lanza ese discurso aprendido, \u00a1a ti te gustar\u00eda tener un hijo como yo! Genio y figura.<\/div>\n<div dir=\"auto\" style=\"text-align: justify;\">\u00a0<\/div>\n<div dir=\"auto\" style=\"text-align: justify;\">Juan, muchas veces me has pedido que te hiciera una foto y te entrevistara para el peri\u00f3dico. Cualquier excusa era buena para ped\u00edrmelo: las orquestas de las fiestas (como representante de ellos que eras), la inauguraci\u00f3n de aquel parque, cualquier situaci\u00f3n que tu cre\u00edas que era digna de ser llevada al papel, eso s\u00ed, con tu fotograf\u00eda. T\u00fa como protagonista, t\u00fa en primera persona. Egoc\u00e9ntrico y manipulador pero a la vez sensible, desenvuelto y cari\u00f1oso.<\/div>\n<div dir=\"auto\" style=\"text-align: justify;\">Hoy no me has pedido que escriba sobe ti y hoy, me apetece que formes parte de esta Gacetilla. Eres historia de este pueblo y junto a otra enorme pl\u00e9yade de personajes singulares que viven en el presente y en el recuerdo de esta colectividad llamada Atarfe, mereces tu lugar.<\/div>\n<div dir=\"auto\" style=\"text-align: justify;\">\u00a0<\/div>\n<div dir=\"auto\" style=\"text-align: justify;\"><em>Vamos bajando la cuesta\/que arriba en mi calle\/se acab\u00f3 la fiesta.<\/em><\/div>\n<div dir=\"auto\" style=\"text-align: justify;\">\u00a0<\/div>\n<div dir=\"auto\" style=\"text-align: justify;\"><strong>GACETILLA Y CURIOSIDADES ELVIRENSES<\/strong><\/div>\n<div dir=\"auto\">https:\/\/www.facebook.com\/profile.php?id=100063704734064<\/div>\n<\/div>\n<div class=\"cxmmr5t8 oygrvhab hcukyx3x c1et5uql o9v6fnle ii04i59q\" style=\"text-align: justify;\">\n<div dir=\"auto\">\u00a0<\/div>\n<\/div>\n<\/div>\n<\/div>\n<\/div>\n<\/div>\n<div class=\"nqmvxvec j83agx80 jnigpg78 cxgpxx05 dflh9lhu sj5x9vvc scb9dxdr odw8uiq3\">\n<div style=\"text-align: justify;\">\u00a0<\/div>\n<\/div>\n","protected":false},"excerpt":{"rendered":"<p>Gloria a Dios en las alturas\/recogieron las basuras\/de mi calle, ayer a oscuras\/y hoy sembrada&#8230;<\/p>\n","protected":false},"author":1,"featured_media":55427,"comment_status":"closed","ping_status":"closed","sticky":false,"template":"","format":"standard","meta":{"_coblocks_attr":"","_coblocks_dimensions":"","_coblocks_responsive_height":"","_coblocks_accordion_ie_support":"","jetpack_post_was_ever_published":false,"_jetpack_newsletter_access":"","_jetpack_dont_email_post_to_subs":false,"_jetpack_newsletter_tier_id":0,"_jetpack_memberships_contains_paywalled_content":false,"_jetpack_memberships_contains_paid_content":false,"footnotes":"","jetpack_publicize_message":"","jetpack_publicize_feature_enabled":true,"jetpack_social_post_already_shared":true,"jetpack_social_options":{"image_generator_settings":{"template":"highway","default_image_id":0,"enabled":false},"version":2}},"categories":[2,1161,186,38,44,6539,15],"tags":[81,9409,3851],"class_list":["post-55426","post","type-post","status-publish","format-standard","has-post-thumbnail","hentry","category-atarfe","category-ciudadania","category-instituciones","category-opinion-de-jose-enrique-granados","category-noticias-de-hoy","category-personajes-de-ataref","category-ultimas-noticias","tag-atarfe","tag-juan-hidalgo","tag-juanillo"],"jetpack_publicize_connections":[],"jetpack_featured_media_url":"https:\/\/i0.wp.com\/miradordeatarfe.es\/wp-content\/uploads\/2022\/06\/JUANILLO.jpg?fit=721%2C540&ssl=1","jetpack_likes_enabled":true,"jetpack_sharing_enabled":true,"_links":{"self":[{"href":"https:\/\/miradordeatarfe.es\/index.php?rest_route=\/wp\/v2\/posts\/55426","targetHints":{"allow":["GET"]}}],"collection":[{"href":"https:\/\/miradordeatarfe.es\/index.php?rest_route=\/wp\/v2\/posts"}],"about":[{"href":"https:\/\/miradordeatarfe.es\/index.php?rest_route=\/wp\/v2\/types\/post"}],"author":[{"embeddable":true,"href":"https:\/\/miradordeatarfe.es\/index.php?rest_route=\/wp\/v2\/users\/1"}],"replies":[{"embeddable":true,"href":"https:\/\/miradordeatarfe.es\/index.php?rest_route=%2Fwp%2Fv2%2Fcomments&post=55426"}],"version-history":[{"count":3,"href":"https:\/\/miradordeatarfe.es\/index.php?rest_route=\/wp\/v2\/posts\/55426\/revisions"}],"predecessor-version":[{"id":55430,"href":"https:\/\/miradordeatarfe.es\/index.php?rest_route=\/wp\/v2\/posts\/55426\/revisions\/55430"}],"wp:featuredmedia":[{"embeddable":true,"href":"https:\/\/miradordeatarfe.es\/index.php?rest_route=\/wp\/v2\/media\/55427"}],"wp:attachment":[{"href":"https:\/\/miradordeatarfe.es\/index.php?rest_route=%2Fwp%2Fv2%2Fmedia&parent=55426"}],"wp:term":[{"taxonomy":"category","embeddable":true,"href":"https:\/\/miradordeatarfe.es\/index.php?rest_route=%2Fwp%2Fv2%2Fcategories&post=55426"},{"taxonomy":"post_tag","embeddable":true,"href":"https:\/\/miradordeatarfe.es\/index.php?rest_route=%2Fwp%2Fv2%2Ftags&post=55426"}],"curies":[{"name":"wp","href":"https:\/\/api.w.org\/{rel}","templated":true}]}}