{"id":55450,"date":"2022-07-05T10:38:01","date_gmt":"2022-07-05T08:38:01","guid":{"rendered":"https:\/\/miradordeatarfe.es\/?p=55450"},"modified":"2022-07-05T10:17:15","modified_gmt":"2022-07-05T08:17:15","slug":"la-experiencia-de-atarfe-sostenible-llega-este-mes-a-la-universidad-menendez-pelayo","status":"publish","type":"post","link":"https:\/\/miradordeatarfe.es\/?p=55450","title":{"rendered":"La experiencia de ATARFE SOSTENIBLE llega este mes a la Universidad Men\u00e9ndez Pelayo"},"content":{"rendered":"<div class=\"article-content clearfix\">\n<div class=\"entry-content clearfix\">\n<h3 style=\"text-align: justify;\">Nos los adelantaba Manolo Montoya: \u00abJuan de Dios, de Atarfe Sostenible, va de ponente a la Universidad Men\u00e9ndez Pelayo a exponer la experiencia de los planes educativos de Atarfe Sostenible\u00bb, e IDEAL EN CLASE se puso en contacto con el que fuera Orientador educativo para conocer m\u00e1s detalles.<\/h3>\n<p style=\"text-align: justify;\">Tambi\u00e9n para felicitarle a \u00e9l y a su grupo que ha sido uno de los pilares fundamentales para el reconocimiento al Municipio de Atarfe en los premios de la CODAPA, 2022.<span id=\"more-62424\"><\/span><\/p>\n<p style=\"text-align: justify;\">Para ello quedamos emplazados en el entorno del r\u00edo Genil, frente al Palacio de Congresos, aprovechando que cada s\u00e1bado primero de mes tiene lugar en este espacio el Ecomercado Sur, por aquello de que entre sus propuestas se incluye la del consumo de productos locales y de temporada.<\/p>\n<p style=\"text-align: justify;\">Minutos antes de la hora fijada, ya nos esperaba Juan de Dios, con su camiseta con el logo \u2018Atarfe SOStenible 2030\u2019. Tras los saludos de rigor comenzamos la grabaci\u00f3n del v\u00eddeo que completa esta informaci\u00f3n en el que nos cuenta que est\u00e1 disfrutando de su jubilaci\u00f3n pues \u00abpara ello me jubil\u00e9\u00bb. Tambi\u00e9n puntualiza que el premio de la CODAPA, recogido por el alcalde del municipio, se trata de \u00abun reconocimiento a toda la comunidad educativa de Atarfe de la que nosotros somos una m\u00ednima parte\u00bb. Eso s\u00ed, reconoce que ese trabajo en comunidad es parte de la esencia de lo que est\u00e1n haciendo en esta localidad del \u00e1rea metropolitana al tiempo que destaca la estrecha colaboraci\u00f3n entre los distintos centros educativos atarfe\u00f1os desde que en 2007, comenzaron a elaborar conjuntamente la programaci\u00f3n por competencias y proyectos comunes como \u2018Escuela, espacio de paz \u2018, la ya consolidada Feria de la Ciencia, el hecho de contar con una agenda que unificaba la educaci\u00f3n en valores de toda la primaria y que servir\u00e1 de referente para Asociaciones de Padres y otros colectivos.<\/p>\n<figure id=\"attachment_62425\" class=\"wp-caption aligncenter\" style=\"text-align: justify;\" aria-describedby=\"caption-attachment-62425\"><img data-recalc-dims=\"1\" loading=\"lazy\" decoding=\"async\" class=\"size-full wp-image-62425\" src=\"https:\/\/i0.wp.com\/static-ms.ideal.es\/wp-content\/uploads\/sites\/17\/2022\/07\/AAM_-atarfe-sostenible-IEC.jpg?resize=624%2C416&#038;ssl=1\" sizes=\"auto, (max-width: 624px) 100vw, 624px\" srcset=\"\/\/static-ms.ideal.es\/wp-content\/uploads\/sites\/17\/2022\/07\/AAM_-atarfe-sostenible-IEC.jpg 624w, \/\/static-ms.ideal.es\/wp-content\/uploads\/sites\/17\/2022\/07\/AAM_-atarfe-sostenible-IEC-300x200.jpg 300w\" alt=\"\" width=\"624\" height=\"416\" \/><figcaption id=\"caption-attachment-62425\" class=\"wp-caption-text\"><em><strong>Atarfe SOStenible en la Feria de la Ciencia<\/strong><\/em> ..A. A.<\/figcaption><\/figure>\n<p style=\"text-align: justify;\">\u00abHace dos a\u00f1os decidimos cambiar la agenda para poner los ODS ya que aprovechando mi jubilaci\u00f3n y pertenencia al Proyecto Atl\u00e1ntida, donde a nivel estatal estamos estudiando c\u00f3mo ser\u00eda un curr\u00edculum que integra los Objetivos de Desarrollo Sostenible dado que en 2015 Espa\u00f1a firm\u00f3 la propuesta de la Agenda 2030 y, por tanto, estamos obligados todas las instituciones a ponerlo en marcha\u00bb, indica antes de a\u00f1adir que se plantearon una serie de retos para que los colegios los fuesen trabajando mensualmente, idea que se decidi\u00f3 ampliar a la comunidad y que est\u00e1 en el germen de \u2018Atarfe Sostenible\u2019, dado el convencimiento de que para \u00abformar a los ciudadanos hace falta toda la tribu\u00bb. Entre los temas que han abordado desde entones est\u00e1 el ahorro de energ\u00eda, el agua, la reducci\u00f3n de pl\u00e1sticos, el consumo de frutas y hortalizas de temporada,\u2026 llegando a la valiosa conclusi\u00f3n de que \u00abtenemos futuro y est\u00e1 en nuestras manos\u00bb. Y mientras continua trabajando en un manual para que el profesorado sepa como abordar estos temas en el aula, con su grupo prepara su participaci\u00f3n los d\u00edas 25, 26 y 27 de julio en la Universidad de Verano Men\u00e9ndez Pelayo, en un curso donde podar\u00e1 compartir la experiencia comunitaria de sostenibilidad de Atarfe.<\/p>\n<p style=\"text-align: justify;\">Aparte ya est\u00e1 trabajando en futuros proyectos como en el de un huerto urbano en el que coincidan las personas del pueblo con los ni\u00f1os de los colegios. En el tema de la energ\u00eda Juan de Dios tambi\u00e9n resalta la propuesta para que los colegios elaboren sus c\u00f3digos de comportamiento para ahorrar energ\u00eda, agua y papel, en la mayor parte de las acciones de clase. Igualmente la propuesta realizada al ayuntamiento de un plan de transici\u00f3n hacia las energ\u00edas renovables, no contaminantes, que ha sido aprobada por todos los grupos pol\u00edticos, a excepci\u00f3n de VOX, por lo que, adem\u00e1s, se crear\u00e1n unos c\u00f3digos de conducta y comportamiento de h\u00e1bitos sostenibles.<\/p>\n<p style=\"text-align: justify;\"><strong>VER V\u00cdDEO:<\/strong><\/p>\n<p><iframe loading=\"lazy\" id=\"58749015\" title=\"JUAN DE DIOS FERN\u00c1NDEZ G\u00c1LVEZ NOS HABLA DE 'ATARFE SOSTENIBLE'\" src=\"https:\/\/www.youtube.com\/embed\/Rg-FEnpwEqk?feature=oembed&amp;enablejsapi=1&amp;origin=https%3A%2F%2Fen-clase.ideal.es\" width=\"800\" height=\"450\" frameborder=\"0\" allowfullscreen=\"allowfullscreen\" data-gtm-yt-inspected-659451_131=\"true\" data-mce-fragment=\"1\"><\/iframe><\/p>\n<p><strong> <span class=\"byline\"> <span class=\"author vcard\"> <a class=\"url fn n\" title=\"Antonio Arenas\" href=\"https:\/\/en-clase.ideal.es\/author\/arenas\/\"> Antonio Arenas <\/a><\/span><\/span><\/strong><\/p>\n<blockquote class=\"wp-embedded-content\" data-secret=\"zy1ylgTRda\"><p><a href=\"https:\/\/en-clase.ideal.es\/2022\/07\/04\/la-experiencia-de-atarfe-sostenible-llega-este-mes-a-la-universidad-menendez-pelayo\/\">La experiencia de Atarfe SOStenible llega este mes a la Universidad Men\u00e9ndez Pelayo<\/a><\/p><\/blockquote>\n<p><iframe loading=\"lazy\" class=\"wp-embedded-content\" sandbox=\"allow-scripts\" security=\"restricted\" style=\"position: absolute; visibility: hidden;\" title=\"\u00abLa experiencia de Atarfe SOStenible llega este mes a la Universidad Men\u00e9ndez Pelayo\u00bb \u2014 IDEAL En Clase\" src=\"https:\/\/en-clase.ideal.es\/2022\/07\/04\/la-experiencia-de-atarfe-sostenible-llega-este-mes-a-la-universidad-menendez-pelayo\/embed\/#?secret=J2zUo06SPg#?secret=zy1ylgTRda\" data-secret=\"zy1ylgTRda\" width=\"600\" height=\"338\" frameborder=\"0\" marginwidth=\"0\" marginheight=\"0\" scrolling=\"no\"><\/iframe><\/p>\n<div class=\"addtoany_share_save_container addtoany_content addtoany_content_bottom\">\n<div class=\"addtoany_header\">\u00a0<\/div>\n<\/div>\n<\/div>\n<\/div>\n","protected":false},"excerpt":{"rendered":"<p>Nos los adelantaba Manolo Montoya: \u00abJuan de Dios, de Atarfe Sostenible, va de ponente a&#8230;<\/p>\n","protected":false},"author":1,"featured_media":55451,"comment_status":"closed","ping_status":"closed","sticky":false,"template":"","format":"standard","meta":{"_coblocks_attr":"","_coblocks_dimensions":"","_coblocks_responsive_height":"","_coblocks_accordion_ie_support":"","jetpack_post_was_ever_published":false,"_jetpack_newsletter_access":"","_jetpack_dont_email_post_to_subs":false,"_jetpack_newsletter_tier_id":0,"_jetpack_memberships_contains_paywalled_content":false,"_jetpack_memberships_contains_paid_content":false,"footnotes":"","jetpack_publicize_message":"","jetpack_publicize_feature_enabled":true,"jetpack_social_post_already_shared":true,"jetpack_social_options":{"image_generator_settings":{"template":"highway","default_image_id":0,"enabled":false},"version":2}},"categories":[2,7725,1161,44,15,10],"tags":[7726,20],"class_list":["post-55450","post","type-post","status-publish","format-standard","has-post-thumbnail","hentry","category-atarfe","category-atarfe-sostenible","category-ciudadania","category-noticias-de-hoy","category-ultimas-noticias","category-salud","tag-atarfe-sostenible","tag-universidad"],"jetpack_publicize_connections":[],"jetpack_featured_media_url":"https:\/\/i0.wp.com\/miradordeatarfe.es\/wp-content\/uploads\/2022\/07\/AAM_juande-dios-fernandez-galvez-2.jpg?fit=624%2C434&ssl=1","jetpack_likes_enabled":true,"jetpack_sharing_enabled":true,"_links":{"self":[{"href":"https:\/\/miradordeatarfe.es\/index.php?rest_route=\/wp\/v2\/posts\/55450","targetHints":{"allow":["GET"]}}],"collection":[{"href":"https:\/\/miradordeatarfe.es\/index.php?rest_route=\/wp\/v2\/posts"}],"about":[{"href":"https:\/\/miradordeatarfe.es\/index.php?rest_route=\/wp\/v2\/types\/post"}],"author":[{"embeddable":true,"href":"https:\/\/miradordeatarfe.es\/index.php?rest_route=\/wp\/v2\/users\/1"}],"replies":[{"embeddable":true,"href":"https:\/\/miradordeatarfe.es\/index.php?rest_route=%2Fwp%2Fv2%2Fcomments&post=55450"}],"version-history":[{"count":2,"href":"https:\/\/miradordeatarfe.es\/index.php?rest_route=\/wp\/v2\/posts\/55450\/revisions"}],"predecessor-version":[{"id":55453,"href":"https:\/\/miradordeatarfe.es\/index.php?rest_route=\/wp\/v2\/posts\/55450\/revisions\/55453"}],"wp:featuredmedia":[{"embeddable":true,"href":"https:\/\/miradordeatarfe.es\/index.php?rest_route=\/wp\/v2\/media\/55451"}],"wp:attachment":[{"href":"https:\/\/miradordeatarfe.es\/index.php?rest_route=%2Fwp%2Fv2%2Fmedia&parent=55450"}],"wp:term":[{"taxonomy":"category","embeddable":true,"href":"https:\/\/miradordeatarfe.es\/index.php?rest_route=%2Fwp%2Fv2%2Fcategories&post=55450"},{"taxonomy":"post_tag","embeddable":true,"href":"https:\/\/miradordeatarfe.es\/index.php?rest_route=%2Fwp%2Fv2%2Ftags&post=55450"}],"curies":[{"name":"wp","href":"https:\/\/api.w.org\/{rel}","templated":true}]}}