{"id":55454,"date":"2022-07-06T08:33:34","date_gmt":"2022-07-06T06:33:34","guid":{"rendered":"https:\/\/miradordeatarfe.es\/?p=55454"},"modified":"2022-07-04T12:07:48","modified_gmt":"2022-07-04T10:07:48","slug":"el-tsja-reconoce-la-incapacidad-absoluta-a-una-exempresaria-granadina-con-fibromialgia-severa","status":"publish","type":"post","link":"https:\/\/miradordeatarfe.es\/?p=55454","title":{"rendered":"El TSJA reconoce la incapacidad absoluta a una exempresaria granadina con fibromialgia severa"},"content":{"rendered":"<h3 class=\"voc-sub-title\">La mujer, que presenta otras patolog\u00edas, percibir\u00e1 una pensi\u00f3n del cien por cien de su base reguladora gracias al fallo del alto tribuna<\/h3>\n<p class=\"voc-paragraph\">Gracia Mart\u00edn es una enferma granadina de fibromialgia. Presenta un grado severo de esta patolog\u00eda y otras muchas dolencias. Tiene 54 a\u00f1os, vive en La Zubia y desde hace poco es pensionista gracias al abrazo de la Justicia. Es, probablemente, de los pocos abrazos que no le han dolido desde que cay\u00f3 enferma, hace siete u ocho a\u00f1os. Vive con un rosario de pastillas prescritas. Tambi\u00e9n con morfina. Todo le duele. No puede, por ejemplo, ponerse tirantes, porque le taladran la piel. Hasta las l\u00e1grimas le queman cuando enjuagan sus mejillas. Ya, como ella misma dice, intenta no llorar por eso.<\/p>\n<p class=\"voc-paragraph\">Gracia acaba de obtener la incapacidad permanente absoluta gracias a una sentencia de la Sala de lo Social del Tribunal Superior de Justicia de Andaluc\u00eda, Ceuta y Melilla (TSJA). Este reconocimiento supondr\u00e1 que perciba una pensi\u00f3n del cien por cien de la base reguladora de su salario.<\/p>\n<div class=\"voc-detail__cmp\">\n<div class=\"voc-article-container\">\n<article class=\"voc-article voc-article--cmp-related voc-article--photo-left voc-article--photo-left--right-xs voc-home-tit-st\">\n<div class=\"voc-img-container \"><a class=\"voc-horizontal  voc-img-icon-link\" href=\"https:\/\/www.ideal.es\/granada\/pensionista-dias-pidiendo-20220703234423-nt.html#vca=modulos&amp;vso=ideal&amp;vmc=noticias-rel-cmp&amp;vli=granada\"><img data-recalc-dims=\"1\" decoding=\"async\" class=\"lazy\" src=\"https:\/\/i0.wp.com\/static2.ideal.es\/www\/multimedia\/202205\/25\/media\/cortadas\/Gracia-kQg-U170209578949UG-532x325%40Ideal.jpg?w=640&#038;ssl=1\" alt=\"\u00abSoy pensionista hace unos d\u00edas y estoy pidiendo la eutanasia\u00bb\" data-original=\"\n                                                \/\/static2.ideal.es\/www\/multimedia\/202205\/25\/media\/cortadas\/Gracia-kQg-U170209578949UG-532x325@Ideal.jpg\n                                            \" \/><\/a><\/div>\n<div class=\"voc-info-container\">\n<h3 class=\"voc-title\"><a title=\"\u00abSoy pensionista hace unos d\u00edas y estoy pidiendo la eutanasia\u00bb\" href=\"https:\/\/www.ideal.es\/granada\/pensionista-dias-pidiendo-20220703234423-nt.html#vca=modulos&amp;vso=ideal&amp;vmc=noticias-rel-1-cmp&amp;vli=granada\"> \u00abSoy pensionista hace unos d\u00edas y estoy pidiendo la eutanasia\u00bb <\/a><\/h3>\n<div class=\"voc-author-onplus-container\"><span class=\"voc-article-author\"><a class=\"voc-author\" title=\"Yenalia Huertas\" href=\"https:\/\/www.ideal.es\/granada\/tsja-reconoce-incapacidad-20220704215737-nt.html#\"> Yenalia Huertas <\/a> \/ Granada <\/span><\/div>\n<\/div>\n<\/article>\n<\/div>\n<\/div>\n<p class=\"voc-paragraph\">La batalla en los juzgados no ha sido corta ni f\u00e1cil. El primer \u00f3rgano donde aterriz\u00f3 la demanda, el Juzgado de lo Social n\u00famero 5 de Granada, le dio la espalda: desestim\u00f3 sus petici\u00f3n. Pero ahora, tres a\u00f1os despu\u00e9s, gracias a la insistencia de su abogado, Miguel Garrido, que no dud\u00f3 en recurrir y aportar todos los informes m\u00e9dicos necesarios, ha logrado que se reconozca que Gracia no puede tirar de su vida.<\/p>\n<div class=\"voc-detail__cmp voc-detail__cmp--title voc-detail__cmp--no-margin\">\n<h3 class=\"voc-detail__title\">Pluripatolog\u00eda<\/h3>\n<\/div>\n<p class=\"voc-paragraph\">El fallo del TSJA, fechado el 21 de abril y que ya es firme, admite que esta granadina \u00abpresenta una pluripatolog\u00eda que le produce una importante afectaci\u00f3n en la esfera f\u00edsica y mental con repercusi\u00f3n en su vida diaria y comportamiento social\u00bb. Es m\u00e1s, reconoce que \u00absu capacidad funcional se encuentra muy reducida\u00bb y no puede desempe\u00f1ar una actividad laboral \u00abcon un m\u00ednimo de eficacia y rendimiento\u00bb.<\/p>\n<p class=\"voc-paragraph\">Gracia ha hecho muchas cosas diferentes a lo largo de su vida, como recuerda. Ha trabajado en la hosteler\u00eda, de ayudante de forense&#8230; y en sus \u00faltimos a\u00f1os ha sido empresaria. Ten\u00eda dos comercios en la capital granadina (uno de muebles y otro de patinetes) que, por su estado f\u00edsico y ps\u00edquico, tuvo que dejar de atender. Ahora no ve el futuro claro y est\u00e1 incluso dispuesta a prescindir de \u00e9l.<\/p>\n<div class=\"voc-detail__cmp voc-detail__cmp--summary voc-detail__cmp--pad-lr\">\n<div class=\"voc-article-container\">\n<article class=\"voc-article voc-article--cmp-summary \">\n<div class=\"voc-info-container\">\n<h3 class=\"voc-title\">\u00abEl tratamiento que sigo es un poco complicado porque tengo tambi\u00e9n mucha sensibilidad qu\u00edmica y todos los medicamentos no me sientan bien\u00bb Gracia Mart\u00edn, Paciente<\/h3>\n<\/div>\n<\/article>\n<\/div>\n<\/div>\n<p class=\"voc-paragraph\">\u00abEl tratamiento que sigo es un poco complicado porque tengo tambi\u00e9n mucha sensibilidad qu\u00edmica y todos los medicamentos no me sientan bien (&#8230;). Ahora me han mandado morfina y tengo que tomarla s\u00ed o s\u00ed por los desmayos y no me sienta bien. Es todo un poquito caos\u00bb, detalla la mujer.<\/p>\n<div class=\"voc-detail__cmp voc-detail__cmp--pad-lr \">\n<div class=\"voc-ficha-detail__wrapper\">\n<section class=\"voc-ficha-detail\">\n<div class=\"voc-article-container\">\n<article class=\"voc-article voc-article--cmp-despiece voc-article--photo-top\">\n<div class=\"voc-img-container  \">\n<div class=\"voc-horizontal voc-img-icon-link\"><img data-recalc-dims=\"1\" decoding=\"async\" title=\"\" src=\"https:\/\/i0.wp.com\/static1.ideal.es\/www\/multimedia\/202205\/25\/media\/cortadas\/miguel-garrido-kQg-U170209578949O9H-532x325%40Ideal.jpg?w=640&#038;ssl=1\" alt=\"El abogado Miguel Garrido, en su despacho de Armilla. \/Marisol navarro\" \/><\/div>\n<p class=\"figure-caption\"><span class=\"voc-photo-caption\">El abogado Miguel Garrido, en su despacho de Armilla. \/ <\/span><span class=\"voc-photo-author\">Marisol navarro<\/span><\/p>\n<\/div>\n<div class=\"voc-info-container\">\n<h3 class=\"voc-title\">Una sentencia \u00abbien fundamentada\u00bb<\/h3>\n<p class=\"voc-paragraph\"><em>Miguel Garrido Belmonte, de la Asesor\u00eda Garrido Navarro de Armilla, es el abogado de Gracia Mart\u00edn y un jurista experto en este tipo de procesos judiciales. El de Gracia, como indica, se ha dilatado mucho. El estado de salud de su cliente ya estaba muy deteriorado al principio y, durante ese tiempo, \u00abse ha ido agravando m\u00e1s\u00bb por meses. El jurista recuerda que en un principio denegaron a su cliente tanto la incapacidad total como la absoluta, pero la Sala de lo Social del TSJA ha acogido sus pretensiones \u00aben una sentencia bastante buena y bien fundamentada\u00bb. Sobre la intenci\u00f3n de su cliente de pedir la eutanasia, el jurista se muestra convencido de que \u00e9l y su entorno la convencer\u00e1n para que siga luchando y abandone esa idea.<\/em><\/p>\n<p class=\"voc-paragraph\"><em>Garrido enfatiza la relevancia de la victoria legal de Gracia, pues ha sido el TSJA el que ha revocado la sentencia en su d\u00eda dictada por un juzgado de lo Social de Granada. Este hab\u00eda desestimado el 22 de junio del a\u00f1o pasado la demanda de la granadina contra el Instituto Nacional de la Seguridad Social y la Tesorer\u00eda General de la Seguridad Social, al concluir que el historial m\u00e9dico de esta paciente recog\u00eda una bater\u00eda de patolog\u00edas, \u00abalgunas de ellas en evoluci\u00f3n\u00bb, que no hab\u00edan sido evaluadas por el m\u00e9dico evaluador. Ten\u00eda igualmente en cuenta el \u00abtrastorno de somatizaci\u00f3n\u00bb que presentaba. \u00abLegalmente supone una victoria bastante buena y aparte de eso tambi\u00e9n en consideraci\u00f3n a los dem\u00e1s que padecen la fibromialgia, ya que es una victoria conseguida en la Sala de lo Social del TSJA\u00bb, destaca el abogado.<\/em><\/p>\n<\/div>\n<\/article>\n<\/div>\n<\/section>\n<\/div>\n<\/div>\n<p class=\"voc-paragraph\"><em>Los estragos de la fibromialgia han limitado en ocasiones hasta las muestras de cari\u00f1o que Gracia da o recibe;el dolor que le produce la presi\u00f3n sobre su cuerpo se ha convertido en un freno al afecto. \u00abA veces tengo que evitar besos porque me duele la cara. De hecho hoy tengo la cara hinchada\u00bb, comenta. Un simple roce puede ser un latigazo.<\/em><\/p>\n<p class=\"voc-paragraph\"><em>La fibromialgia severa le ha limitado \u00aben todo\u00bb en su d\u00eda a d\u00eda. Ha hecho casi desaparecer su vida social y ha provocado mucha incomprensi\u00f3n en su alrededor. \u00abTe quedas encerrada (&#8230;). Me siento como en una c\u00e1rcel, que no s\u00e9 lo que es porque nunca estuve, pero en una c\u00e1rcel sin delinquir\u00bb.<\/em><\/p>\n<div class=\"voc-detail__cmp voc-detail__cmp--title voc-detail__cmp--no-margin\">\n<h3 class=\"voc-detail__title\">18 puntos positivos<\/h3>\n<\/div>\n<p class=\"voc-paragraph\">Para Gracia su lucha judicial para lograr que le reconocieran incapaz \u00abha sido dura, no&#8230; dur\u00edsima\u00bb. Pero el TSJA ha reconocido finalmente su d\u00e9bil estado de salud, as\u00ed como que su empeoramiento ha sido progresivo. Admite que sus dolencias se han agravado desde que interpuso la demanda en 2019.<\/p>\n<p class=\"voc-paragraph\">Adem\u00e1s de fibromialgia severa, \u00abcon 18 puntos positivos\u00bb, Gracia presenta fatiga cr\u00f3nica tambi\u00e9n severa, antecedentes de poliomelitis en la infancia, lumbalgia, cefalea cr\u00f3nica diaria, s\u00edndrome ansioso depresivo, etc.<\/p>\n<p><strong><a class=\"voc-author\" title=\"YENALIA HUERTAS\" href=\"https:\/\/www.ideal.es\/autor\/yenalia-huertas-2111.html\">YENALIA HUERTAS <\/a><\/strong><\/p>\n<p>FOTO:<\/p>\n<p class=\"figure-caption\"><span class=\"voc-photo-caption\">Gracia Mart\u00edn L\u00f3pez, pensionista por las limitaciones que le han provocado sus dolencias. \/ <\/span><span class=\"voc-photo-author\">Pepe Mar\u00edn<\/span><\/p>\n<p>https:\/\/www.ideal.es\/granada\/tsja-reconoce-incapacidad-20220704215737-nt.html<\/p>\n","protected":false},"excerpt":{"rendered":"<p>La mujer, que presenta otras patolog\u00edas, percibir\u00e1 una pensi\u00f3n del cien por cien de su&#8230;<\/p>\n","protected":false},"author":1,"featured_media":55455,"comment_status":"closed","ping_status":"closed","sticky":false,"template":"","format":"standard","meta":{"_coblocks_attr":"","_coblocks_dimensions":"","_coblocks_responsive_height":"","_coblocks_accordion_ie_support":"","jetpack_post_was_ever_published":false,"_jetpack_newsletter_access":"","_jetpack_dont_email_post_to_subs":false,"_jetpack_newsletter_tier_id":0,"_jetpack_memberships_contains_paywalled_content":false,"_jetpack_memberships_contains_paid_content":false,"footnotes":"","jetpack_publicize_message":"","jetpack_publicize_feature_enabled":true,"jetpack_social_post_already_shared":true,"jetpack_social_options":{"image_generator_settings":{"template":"highway","default_image_id":0,"enabled":false},"version":2}},"categories":[1161,44,7671,15,10],"tags":[1253,610,9410],"class_list":["post-55454","post","type-post","status-publish","format-standard","has-post-thumbnail","hentry","category-ciudadania","category-noticias-de-hoy","category-politica","category-ultimas-noticias","category-salud","tag-enfermedad","tag-fibromialgia","tag-incapacidad"],"jetpack_publicize_connections":[],"jetpack_featured_media_url":"https:\/\/i0.wp.com\/miradordeatarfe.es\/wp-content\/uploads\/2022\/07\/indice.jpg?fit=286%2C176&ssl=1","jetpack_likes_enabled":true,"jetpack_sharing_enabled":true,"_links":{"self":[{"href":"https:\/\/miradordeatarfe.es\/index.php?rest_route=\/wp\/v2\/posts\/55454","targetHints":{"allow":["GET"]}}],"collection":[{"href":"https:\/\/miradordeatarfe.es\/index.php?rest_route=\/wp\/v2\/posts"}],"about":[{"href":"https:\/\/miradordeatarfe.es\/index.php?rest_route=\/wp\/v2\/types\/post"}],"author":[{"embeddable":true,"href":"https:\/\/miradordeatarfe.es\/index.php?rest_route=\/wp\/v2\/users\/1"}],"replies":[{"embeddable":true,"href":"https:\/\/miradordeatarfe.es\/index.php?rest_route=%2Fwp%2Fv2%2Fcomments&post=55454"}],"version-history":[{"count":1,"href":"https:\/\/miradordeatarfe.es\/index.php?rest_route=\/wp\/v2\/posts\/55454\/revisions"}],"predecessor-version":[{"id":55456,"href":"https:\/\/miradordeatarfe.es\/index.php?rest_route=\/wp\/v2\/posts\/55454\/revisions\/55456"}],"wp:featuredmedia":[{"embeddable":true,"href":"https:\/\/miradordeatarfe.es\/index.php?rest_route=\/wp\/v2\/media\/55455"}],"wp:attachment":[{"href":"https:\/\/miradordeatarfe.es\/index.php?rest_route=%2Fwp%2Fv2%2Fmedia&parent=55454"}],"wp:term":[{"taxonomy":"category","embeddable":true,"href":"https:\/\/miradordeatarfe.es\/index.php?rest_route=%2Fwp%2Fv2%2Fcategories&post=55454"},{"taxonomy":"post_tag","embeddable":true,"href":"https:\/\/miradordeatarfe.es\/index.php?rest_route=%2Fwp%2Fv2%2Ftags&post=55454"}],"curies":[{"name":"wp","href":"https:\/\/api.w.org\/{rel}","templated":true}]}}