{"id":5546,"date":"2015-12-25T07:23:28","date_gmt":"2015-12-25T07:23:28","guid":{"rendered":"http:\/\/miradordeatarfe.es\/?p=5546"},"modified":"2015-12-22T16:27:48","modified_gmt":"2015-12-22T16:27:48","slug":"la-llegada-de-migrantes-irregulares-a-europa-supera-el-millon-en-2015","status":"publish","type":"post","link":"https:\/\/miradordeatarfe.es\/?p=5546","title":{"rendered":"La llegada de migrantes irregulares a Europa supera el mill\u00f3n en 2015"},"content":{"rendered":"<p>La mayor\u00eda cruz\u00f3 a Grecia desde Turqu\u00eda para tratar de seguir la ruta de los Balcanes<!--more--><\/p>\n<div id=\"cuerpo_noticia\" class=\"cuerpo_noticia\">\n<p>M\u00e1s de un mill\u00f3n de migrantes irregulares y refugiados han llegado a Europa por tierra y por mar en lo que va de a\u00f1o. La mayor\u00eda de ellos, unos 816.000, entraron por Grecia desde Turqu\u00eda, seg\u00fan el \u00faltimo balance (hasta el 21 de diciembre) de la Organizaci\u00f3n Internacional de Migraciones (OIM) y la Agencia de la ONU para los refugiados (ACNUR). Una de cada dos personas que utilizaron esa v\u00eda de entrada irregular eran refugiados sirios que huyen del conflicto de su pa\u00eds; el 20%, ciudadanos afganos.<\/p>\n<p>La cifra de llegadas, m\u00e1s de cuatro veces mayor a la de 2014, cuando 216.000 personas entraron irregularmente en la UE, es la m\u00e1s importante desde la II Guerra Mundial. La presi\u00f3n migratoria ha generado una crisis en la Uni\u00f3n, que los 28 socios est\u00e1n lejos de resolver y tratan de atajar con medidas que van desde el reparto de refugiados al apoyo econ\u00f3mico a Turqu\u00eda, para que trate de contener a quienes buscan cruzar desde su territorio.<\/p>\n<p>En el camino han perdido la vida m\u00e1s de 3.600 migrantes y refugiados. La mayor\u00eda \u2014unos 2.889, seg\u00fan la OIM\u2014 murieron en la traves\u00eda mar\u00edtima entre el norte de \u00c1frica e Italia, una ruta peligrosa que ha ido perdiendo pujanza este a\u00f1o. M\u00e1s de 700 personas han muerto o desaparecido en el Egeo, cuando trataban de cruzar desde Turqu\u00eda a Grecia, la v\u00eda m\u00e1s utilizada en los \u00faltimos tiempos y el primer paso de la llamada <em>ruta de los Balcanes<\/em>, que los migrantes recorren para intentar alcanzar Alemania y el norte de Europa. Y las muertes no dejan de aumentar.<\/p>\n<p>\u00abA medida que los sentimientos antiimigraci\u00f3n est\u00e1n aumentando, debemos reconocer las contribuciones positivas de los refugiados e inmigrantes a las sociedades en las que viven\u00bb, ha declarado Ant\u00f3nio Guterres, alto comisionado de la ONU para los refugiados en un comunicado de prensa.\u00a0 \u00abSabemos que la inmigraci\u00f3n es inevitable, es necesaria y es deseable\u00bb, ha a\u00f1adido William Lacy Swing, director general de la OIM. \u00abLa inmigraci\u00f3n debe ser legal y segura para todos, tanto para los propios migrantes como para los pa\u00edses que convertir\u00e1n en su nuevo hogar\u00bb, ha a\u00f1adido.<\/p>\n<div id=\"sumario_1|foto\" class=\"centro\">\n<p><a name=\"sumario_1\"><\/a><\/p>\n<div class=\"media\">\n<div class=\"foto figure\"><img data-recalc-dims=\"1\" loading=\"lazy\" decoding=\"async\" title=\"Mapa con la ruta de la inmigraci\u00f3n a trav\u00e9s de los Balcanes\" src=\"https:\/\/i0.wp.com\/ep01.epimg.net\/internacional\/imagenes\/2015\/12\/14\/actualidad\/1450081222_808631_1450118378_sumario_normal.png?resize=560%2C461\" alt=\"Mapa con la ruta de la inmigraci\u00f3n a trav\u00e9s de los Balcanes\" width=\"560\" height=\"461\" \/><\/div>\n<\/div>\n<\/div>\n<p>Las llegadas en las \u00faltimas semanas se han reducido debido a la llegada del invierno, aunque no tanto como los expertos apuntaban. S\u00f3lo en el mes de diciembre, m\u00e1s de 67.700 personas entraron a la UE irregularmente por Grecia, desde donde el 77% de ellos cruz\u00f3 a Macedonia para seguir la ruta balc\u00e1nica. Grecia es el pa\u00eds que m\u00e1s llegadas registra: m\u00e1s de 821.000. Despu\u00e9s, Italia (m\u00e1s de 150.300) y Bulgaria (unos 29.900). A este rimo, Bruselas cree que el a\u00f1o que viene entrar\u00e1n en la UE 1,5 millones de migrantes y refugiados.<\/p>\n<h3>Nuevo naufragio<\/h3>\n<p>Once personas, entre ellas tres ni\u00f1os, han muerto ahogados este martes al naufragar la embarcaci\u00f3n en la que viajaban frente a las costas de Turqu\u00eda. La barcaza \u2014que se desconoce cu\u00e1ntos ocupantes llevaba a bordo\u2014 trataba de alcanzar la isla griega de Samos.<\/p>\n<p>Los guardacostas turcos han salvado a siete ocupantes de la embarcaci\u00f3n, que hab\u00eda salido de la localidad de Kusadasi (sureste de Turqu\u00eda), informa France Presse, que cita a la agencia oficial turca Anadolu. Las autoridades turcas, que a\u00fan no han finalizado las labores de rescate, no han precisado las nacionalidades de las v\u00edctimas.<\/p>\n<p>En la noche del viernes al s\u00e1bado, 18 migrantes, entre los que hab\u00eda varios ni\u00f1os peque\u00f1os, se ahogaron en el Egeo, en el naufragio del barco en el que pretend\u00edan llegar a la isla griega de Kalymnos.<\/p>\n<p><a href=\"http:\/\/internacional.elpais.com\/internacional\/2015\/12\/22\/actualidad\/1450781597_385081.html\">http:\/\/internacional.elpais.com\/internacional\/2015\/12\/22\/actualidad\/1450781597_385081.html<\/a><\/p>\n<\/div>\n","protected":false},"excerpt":{"rendered":"<p>La mayor\u00eda cruz\u00f3 a Grecia desde Turqu\u00eda para tratar de seguir la ruta de los&#8230;<\/p>\n","protected":false},"author":1,"featured_media":5547,"comment_status":"closed","ping_status":"closed","sticky":false,"template":"","format":"standard","meta":{"_coblocks_attr":"","_coblocks_dimensions":"","_coblocks_responsive_height":"","_coblocks_accordion_ie_support":"","jetpack_post_was_ever_published":false,"_jetpack_newsletter_access":"","_jetpack_dont_email_post_to_subs":false,"_jetpack_newsletter_tier_id":0,"_jetpack_memberships_contains_paywalled_content":false,"_jetpack_memberships_contains_paid_content":false,"footnotes":"","jetpack_publicize_message":"","jetpack_publicize_feature_enabled":true,"jetpack_social_post_already_shared":false,"jetpack_social_options":{"image_generator_settings":{"template":"highway","default_image_id":0,"enabled":false},"version":2}},"categories":[1161,44,15],"tags":[679,1136],"class_list":["post-5546","post","type-post","status-publish","format-standard","has-post-thumbnail","hentry","category-ciudadania","category-noticias-de-hoy","category-ultimas-noticias","tag-refugiados","tag-siria"],"jetpack_publicize_connections":[],"jetpack_featured_media_url":"https:\/\/i0.wp.com\/miradordeatarfe.es\/wp-content\/uploads\/2015\/12\/1450781597_385081_1450781880_noticia_normal.jpg?fit=560%2C373&ssl=1","jetpack_likes_enabled":true,"jetpack_sharing_enabled":true,"_links":{"self":[{"href":"https:\/\/miradordeatarfe.es\/index.php?rest_route=\/wp\/v2\/posts\/5546","targetHints":{"allow":["GET"]}}],"collection":[{"href":"https:\/\/miradordeatarfe.es\/index.php?rest_route=\/wp\/v2\/posts"}],"about":[{"href":"https:\/\/miradordeatarfe.es\/index.php?rest_route=\/wp\/v2\/types\/post"}],"author":[{"embeddable":true,"href":"https:\/\/miradordeatarfe.es\/index.php?rest_route=\/wp\/v2\/users\/1"}],"replies":[{"embeddable":true,"href":"https:\/\/miradordeatarfe.es\/index.php?rest_route=%2Fwp%2Fv2%2Fcomments&post=5546"}],"version-history":[{"count":2,"href":"https:\/\/miradordeatarfe.es\/index.php?rest_route=\/wp\/v2\/posts\/5546\/revisions"}],"predecessor-version":[{"id":5549,"href":"https:\/\/miradordeatarfe.es\/index.php?rest_route=\/wp\/v2\/posts\/5546\/revisions\/5549"}],"wp:featuredmedia":[{"embeddable":true,"href":"https:\/\/miradordeatarfe.es\/index.php?rest_route=\/wp\/v2\/media\/5547"}],"wp:attachment":[{"href":"https:\/\/miradordeatarfe.es\/index.php?rest_route=%2Fwp%2Fv2%2Fmedia&parent=5546"}],"wp:term":[{"taxonomy":"category","embeddable":true,"href":"https:\/\/miradordeatarfe.es\/index.php?rest_route=%2Fwp%2Fv2%2Fcategories&post=5546"},{"taxonomy":"post_tag","embeddable":true,"href":"https:\/\/miradordeatarfe.es\/index.php?rest_route=%2Fwp%2Fv2%2Ftags&post=5546"}],"curies":[{"name":"wp","href":"https:\/\/api.w.org\/{rel}","templated":true}]}}