{"id":55460,"date":"2022-07-14T10:31:04","date_gmt":"2022-07-14T08:31:04","guid":{"rendered":"https:\/\/miradordeatarfe.es\/?p=55460"},"modified":"2022-07-12T10:37:32","modified_gmt":"2022-07-12T08:37:32","slug":"la-onu-declara-en-lisboa-la-emergencia-oceanica-es-hora-de-actuar","status":"publish","type":"post","link":"https:\/\/miradordeatarfe.es\/?p=55460","title":{"rendered":"La ONU declara en Lisboa la \u00abemergencia oce\u00e1nica\u00bb: \u00abEs hora de actuar\u00bb"},"content":{"rendered":"<div class=\"voc-article-container\">\n<article class=\"voc-article voc-article--detail voc-article--detail--base voc-article--photo-bottom\">\n<div class=\"voc-info-container\">\n<h3 class=\"voc-sub-title\" style=\"text-align: justify;\">M\u00e1s de 150 pa\u00edses se re\u00fanen en Portugal para tratar de proteger los ecosistemas marinos de la degradaci\u00f3n y el cambio clim\u00e1tico<\/h3>\n<\/div>\n<\/article>\n<\/div>\n<div class=\"voc-detail\" data-voc-share-selection=\"\">\n<p class=\"voc-paragraph\" style=\"text-align: justify;\">\u00abNo hemos valorado suficientemente nuestros oc\u00e9anos\u00bb, advert\u00eda esta semana Antonio Guterres, secretario general de las Naciones Unidas (ONU). \u00abEstamos ante una emergencia oce\u00e1nica\u00bb. Palabras contundentes en una de las cumbres marcadas en rojo en la agenda clim\u00e1tica y que se solapa con la celebrada por la OTAN en Madrid.<\/p>\n<p class=\"voc-paragraph\" style=\"text-align: justify;\">\u00abEs una cumbre important\u00edsima\u00bb, responde desde la ciudad portuguesa Bego\u00f1a Casas, profesora de Econom\u00eda y Empresa de la Universidad Europea. \u00abMuchos de los ponentes y asistentes hablan de pasar ya a la acci\u00f3n\u00bb, advierte. Porque, la inacci\u00f3n tiene un coste: \u00abSi no hacemos nada, en 2050, habr\u00e1 m\u00e1s <a href=\"https:\/\/www.ideal.es\/antropia\/mascarilla-compostable-csic-contaminacion-plastico-20220614172121-ntrc.html\" target=\"_self\" rel=\"noopener\" data-voc-vtm-id=\"in-text-traffic\">pl\u00e1stico<\/a> que peces en el mar\u00bb, comenta.<\/p>\n<p class=\"voc-paragraph\" style=\"text-align: justify;\">Los datos e investigaciones revelan que cada a\u00f1o se vierten de media a los oc\u00e9anos ocho millones de toneladas de pl\u00e1stico. Una advertencia que el propio Guterres lanz\u00f3 en la apertura de esta cumbre por los oc\u00e9anos: \u00abEl Pac\u00edfico cuenta ya con una masa de pl\u00e1stico que tiene una superficie mayor que Francia\u00bb.<\/p>\n<div class=\"voc-detail__cmp voc-detail__cmp--summary voc-detail__cmp--pad-lr\" style=\"text-align: justify;\">\n<div class=\"voc-article-container\">\n<article class=\"voc-article voc-article--cmp-summary \">\n<div class=\"voc-info-container\">\n<h3 class=\"voc-title\">\u00abSi no hacemos nada, en 2050, habr\u00e1 m\u00e1s pl\u00e1stico que peces en el mar\u00bb Bego\u00f1a Casas profesora de Econom\u00eda y Empresa de la Universidad Europea<\/h3>\n<\/div>\n<\/article>\n<\/div>\n<\/div>\n<p class=\"voc-paragraph\" style=\"text-align: justify;\">\u00abEste tipo de contaminaci\u00f3n es la m\u00e1s conocida\u00bb, comenta Casas, \u00abpero hay m\u00e1s\u00bb, a\u00f1ade. Otra de ellas es por <a href=\"https:\/\/www.ideal.es\/antropia\/cafeina-nicotina-ingredientes-20220209160309-ntrc.html\" target=\"_self\" rel=\"noopener\" data-voc-vtm-id=\"in-text-traffic\">qu\u00edmicos<\/a>, \u00abmucha gente no lo sabe, pero hay muchas aguas no <a href=\"https:\/\/www.ideal.es\/antropia\/cremas-proteccion-solar-no-contaminan-mar-20220616205326-ntrc.html\" target=\"_self\" rel=\"noopener\" data-voc-vtm-id=\"in-text-traffic\">depuradas<\/a> que llevan a los mares y oc\u00e9anos medicamentos\u00bb.<\/p>\n<p class=\"voc-paragraph\" style=\"text-align: justify;\">La poluci\u00f3n marina es uno de los grandes problemas a los que se enfrenta el 70% de la superficie del planeta y que elev\u00f3 la temperatura de mares y oc\u00e9anos. \u00abNecesitamos concienciar de lo que est\u00e1 ocurriendo\u00bb, detalla Casas.<\/p>\n<p class=\"voc-paragraph\" style=\"text-align: justify;\">Los pasados doce meses volvieron a batir un r\u00e9cord de temperaturas en mares y oc\u00e9anos, donde el <a href=\"https:\/\/www.ideal.es\/antropia\/minuto-camion-plastico-20220525162558-ntrc.html\" target=\"_self\" rel=\"noopener\" data-voc-vtm-id=\"in-text-traffic\">Mediterr\u00e1neo<\/a> vuelve a ser el m\u00e1s afectado. Los efectos del cambio clim\u00e1tico en estos ecosistemas son numerosos, desde el aumento del nivel del mar hasta la muerte de corales.<\/p>\n<p class=\"voc-paragraph\" style=\"text-align: justify;\">Adem\u00e1s, los oc\u00e9anos son el disipador de calor m\u00e1s grande del planeta. Absorben el 90% de los gases de efecto invernadero y tambi\u00e9n son un sumidero de carbono muy eficiente. \u00abSi el oc\u00e9ano no est\u00e1 sano, no hay planeta sano\u00bb, repite Casas.<\/p>\n<div class=\"voc-detail__cmp voc-detail__cmp--title voc-detail__cmp--no-margin\" style=\"text-align: justify;\">\n<h3 class=\"voc-detail__title\">\u00abEs trascendental lo que est\u00e1 pasando\u00bb<\/h3>\n<\/div>\n<p class=\"voc-paragraph\" style=\"text-align: justify;\">Cinco d\u00edas de trabajos, conferencias, reuniones bilaterales para \u00abconcienciar de la importancia que tiene en nuestra vida el oc\u00e9ano\u00bb. Una uni\u00f3n vital para la salud y tambi\u00e9n econ\u00f3mica, ya que \u00abda empleo directo a 40 millones de personas, casi el total de la poblaci\u00f3n espa\u00f1ola\u00bb, recuerda Casa. Adem\u00e1s, a\u00f1ade, \u00abuna s\u00e9ptima parte de la poblaci\u00f3n mundial depende de los oc\u00e9anos\u00bb.<\/p>\n<p class=\"voc-paragraph\" style=\"text-align: justify;\">El impacto del cambio clim\u00e1tico en los oc\u00e9anos \u00abya no puede describirse en historias individuales y aisladas sobre la decoloraci\u00f3n de los arrecifes de coral\u00bb, se\u00f1ala Naciones Unidas. \u00abSi las tendencias actuales contin\u00faan, es posible que m\u00e1s de la mitad de las especies marinas del mundo est\u00e9n extinguidas de aqu\u00ed a 2100\u00bb, a\u00f1aden varias investigaciones.<\/p>\n<div class=\"voc-detail__cmp voc-detail__cmp--summary voc-detail__cmp--pad-lr\" style=\"text-align: justify;\">\n<div class=\"voc-article-container\">\n<article class=\"voc-article voc-article--cmp-summary \">\n<div class=\"voc-info-container\">\n<h3 class=\"voc-title\">\u00abEsperamos que los compromisos que se hagan aqu\u00ed no queden en el olvido cuando volvamos a casa\u00bb Charlina Vitcheva.directora general de Pesca y Asuntos Mar\u00edtimos de la Comisi\u00f3n Europea<\/h3>\n<\/div>\n<\/article>\n<\/div>\n<\/div>\n<p class=\"voc-paragraph\" style=\"text-align: justify;\">Amenaza que se suma a la actividad directa humana sobre los ecosistemas marinos. \u00abS\u00ed, la contaminaci\u00f3n es un gran problema, pero hay otros como la sobrepesca o la pesca ilegal\u00bb, expone Casas.<\/p>\n<p class=\"voc-paragraph\" style=\"text-align: justify;\">La cumbre de Lisboa ha arrancado el compromiso de los casi 150 pa\u00edses presentes en la cumbre de la prohibici\u00f3n de subsidios a este tipo de pr\u00e1cticas. \u00abNecesitamos una econom\u00eda azul sostenible\u00bb, advierte la profesora de Econom\u00eda y Empresa de la Universidad Europea.<\/p>\n<p class=\"voc-paragraph\" style=\"text-align: justify;\">Bienes que podr\u00edan alcanzar los tres billones de d\u00f3lares en 2030, seg\u00fan la OCDE. \u00abHay una gran econom\u00eda esper\u00e1ndonos\u00bb, se\u00f1alaba John Kerry, representante de Estados Unidos en la capital portuguesa.<\/p>\n<p class=\"voc-paragraph\" style=\"text-align: justify;\">\u00abEsperamos que los compromisos que se hagan aqu\u00ed no queden en el olvido cuando volvamos a casa\u00bb, advert\u00eda la directora general de Pesca y Asuntos Mar\u00edtimos de la Comisi\u00f3n Europea, Charlina Vitcheva, en su intervenci\u00f3n.<\/p>\n<div class=\"voc-author-timesocial__signature\">\n<div class=\"voc-author-timesocial__info\">\n<div class=\"voc-author-info\"><a class=\"voc-author\" title=\"JOS\u00c9 A. GONZ\u00c1LEZ\" href=\"https:\/\/www.ideal.es\/autor\/jose-a-gonzalez-4817.html\"><strong>JOS\u00c9 A. GONZ\u00c1LEZ<\/strong><\/a><time datetime=\"2022-06-30T08:11:06Z\"><\/time><\/div>\n<div>\n<p>FOTO: <span class=\"voc-photo-caption\">Pl\u00e1sticos en el agua en India. \/ <\/span><span class=\"voc-photo-author\">EPA<\/span><\/p>\n<div class=\"voc-author-timesocial__signature\">\n<div class=\"voc-author-timesocial__info\">\n<div class=\"voc-author-info\">https:\/\/www.ideal.es\/antropia\/onu-cumbre-lisboa-emergencia-oceanos-20220630191440-ntrc.html<br \/>\n<time datetime=\"2022-06-30T08:11:06Z\"><\/time><\/div>\n<\/div>\n<\/div>\n<div class=\"voc-author-timesocial__social\">\u00a0<\/div>\n<\/div>\n<\/div>\n<\/div>\n<div class=\"voc-author-timesocial__social\">\u00a0<\/div>\n<\/div>\n","protected":false},"excerpt":{"rendered":"<p>M\u00e1s de 150 pa\u00edses se re\u00fanen en Portugal para tratar de proteger los ecosistemas marinos&#8230;<\/p>\n","protected":false},"author":1,"featured_media":55461,"comment_status":"closed","ping_status":"closed","sticky":false,"template":"","format":"standard","meta":{"_coblocks_attr":"","_coblocks_dimensions":"","_coblocks_responsive_height":"","_coblocks_accordion_ie_support":"","jetpack_post_was_ever_published":false,"_jetpack_newsletter_access":"","_jetpack_dont_email_post_to_subs":false,"_jetpack_newsletter_tier_id":0,"_jetpack_memberships_contains_paywalled_content":false,"_jetpack_memberships_contains_paid_content":false,"footnotes":"","jetpack_publicize_message":"","jetpack_publicize_feature_enabled":true,"jetpack_social_post_already_shared":true,"jetpack_social_options":{"image_generator_settings":{"template":"highway","default_image_id":0,"enabled":false},"version":2}},"categories":[7725,1161,9,44,7671,6937,15],"tags":[271,1400,4037,1027],"class_list":["post-55460","post","type-post","status-publish","format-standard","has-post-thumbnail","hentry","category-atarfe-sostenible","category-ciudadania","category-medio-ambiente","category-noticias-de-hoy","category-politica","category-sociedad","category-ultimas-noticias","tag-cambio-climatico","tag-ecosistemas","tag-oceanos","tag-plasticos"],"jetpack_publicize_connections":[],"jetpack_featured_media_url":"https:\/\/i0.wp.com\/miradordeatarfe.es\/wp-content\/uploads\/2022\/07\/oceano-R2prG0YW5KWGRtrCHHZBjBM-624x385%40RC.jpg?fit=624%2C385&ssl=1","jetpack_likes_enabled":true,"jetpack_sharing_enabled":true,"_links":{"self":[{"href":"https:\/\/miradordeatarfe.es\/index.php?rest_route=\/wp\/v2\/posts\/55460","targetHints":{"allow":["GET"]}}],"collection":[{"href":"https:\/\/miradordeatarfe.es\/index.php?rest_route=\/wp\/v2\/posts"}],"about":[{"href":"https:\/\/miradordeatarfe.es\/index.php?rest_route=\/wp\/v2\/types\/post"}],"author":[{"embeddable":true,"href":"https:\/\/miradordeatarfe.es\/index.php?rest_route=\/wp\/v2\/users\/1"}],"replies":[{"embeddable":true,"href":"https:\/\/miradordeatarfe.es\/index.php?rest_route=%2Fwp%2Fv2%2Fcomments&post=55460"}],"version-history":[{"count":2,"href":"https:\/\/miradordeatarfe.es\/index.php?rest_route=\/wp\/v2\/posts\/55460\/revisions"}],"predecessor-version":[{"id":55597,"href":"https:\/\/miradordeatarfe.es\/index.php?rest_route=\/wp\/v2\/posts\/55460\/revisions\/55597"}],"wp:featuredmedia":[{"embeddable":true,"href":"https:\/\/miradordeatarfe.es\/index.php?rest_route=\/wp\/v2\/media\/55461"}],"wp:attachment":[{"href":"https:\/\/miradordeatarfe.es\/index.php?rest_route=%2Fwp%2Fv2%2Fmedia&parent=55460"}],"wp:term":[{"taxonomy":"category","embeddable":true,"href":"https:\/\/miradordeatarfe.es\/index.php?rest_route=%2Fwp%2Fv2%2Fcategories&post=55460"},{"taxonomy":"post_tag","embeddable":true,"href":"https:\/\/miradordeatarfe.es\/index.php?rest_route=%2Fwp%2Fv2%2Ftags&post=55460"}],"curies":[{"name":"wp","href":"https:\/\/api.w.org\/{rel}","templated":true}]}}