{"id":55478,"date":"2022-07-06T10:49:48","date_gmt":"2022-07-06T08:49:48","guid":{"rendered":"https:\/\/miradordeatarfe.es\/?p=55478"},"modified":"2022-07-04T13:13:33","modified_gmt":"2022-07-04T11:13:33","slug":"la-plataforma-ciudadana-defendamos-la-vega-otra-vez-recoge-firmas-contra-el-traslado-de-la-estacion-de-tren","status":"publish","type":"post","link":"https:\/\/miradordeatarfe.es\/?p=55478","title":{"rendered":"La plataforma ciudadana &#8216;Defendamos la Vega otra vez&#8217; recoge firmas contra el traslado de la estaci\u00f3n de tren"},"content":{"rendered":"<div id=\"main\">\n<div class=\"item\">\n<div class=\"anteti\">\u00a0<\/div>\n<h2>La plataforma ciudadana &#8216;Defendamos la Vega otra vez&#8217; recoge firmas contra el traslado de la estaci\u00f3n de tren<\/h2>\n<div class=\"cols2-2\">\n<div class=\"colA\">\u00a0<\/div>\n<\/div>\n<\/div>\n<\/div>\n<div class=\"cuerpo\">\n<p style=\"text-align: justify;\">La plataforma ciudadana &#8216;Defendamos la Vega otra vez&#8217; est\u00e1 recogiendo firmas a trav\u00e9s de Internet contra la idea de trasladar la estaci\u00f3n de trenes de Granada, ubicada en la avenida de Andaluces, junto al centro de la capital granadina.<\/p>\n<h3 class=\"sumari\" style=\"text-align: justify;\">Su manifiesto contra el traslado de la estaci\u00f3n de tren a la Vega de Granada ha recogido hasta este fin de semana m\u00e1s de 1.900 firmas de apoyo en la plataforma <a href=\"https:\/\/www.change.org\/p\/no-al-traslado-de-la-estaci%C3%B3n-de-tren-a-la-vega-de-granada\">&#8216;Change.org&#8217;<\/a><\/h3>\n<p style=\"text-align: justify;\">En el manifiesto, esta plataforma se refiere al debate abierto en el marco del proceso municipal de elaboraci\u00f3n del nuevo Plan General de Ordenaci\u00f3n Urbana sobre una propuesta que, seg\u00fan ha explicado, \u00abconsiste en trasladar la actual estaci\u00f3n de tren situada en el centro de la ciudad (reformada en el a\u00f1o 2019 con motivo de la llegada del AVE a Granada y perfectamente integrada con el metro y dem\u00e1s medios de transporte p\u00fablicos) y todo el sistema de v\u00edas y dem\u00e1s infraestructuras necesarias para su funcionamiento, a una amplia franja de terreno agr\u00edcola de la Vega\u00bb.<\/p>\n<p style=\"text-align: justify;\">Esta franja, prosigue, est\u00e1 \u00absituada de forma paralela a la circunvalaci\u00f3n, que es el actual l\u00edmite urbano de la ciudad\u00bb. Tambi\u00e9n, y \u00abaunque no de forma tan expl\u00edcita, se propone trasladar el actual ferial a una zona indeterminada de la Vega\u00bb, agrega en referencia a los terrenos de Almanj\u00e1yar, en el norte de la capital granadina, donde se celebra la Feria del Corpus.<\/p>\n<p style=\"text-align: justify;\">Ante lo que suponen ser\u00eda un \u00abinaceptable e injustificable atentado\u00bb contra la Vega de Granada, el d\u00eda 23 de mayo se constitu\u00eda \u00aben la simb\u00f3lica Huerta del Tamarit la plataforma ciudadana\u00bb, formada inicialmente por m\u00e1s de un centenar de personas y colectivos de diversa \u00edndole.<\/p>\n<p style=\"text-align: justify;\">La Vega de Granada, como se expone en el manifiesto, es un espacio agrario milenario cuyos valores culturales, hist\u00f3ricos, naturales, sociales, hidr\u00e1ulicos, econ\u00f3micos, alimentarios, paisaj\u00edsticos, inmateriales, y ambientales, \u00abcomo garante de un futuro sostenible\u00bb, merecen \u00abla m\u00e1xima consideraci\u00f3n, respeto y protecci\u00f3n\u00bb.<\/p>\n<p style=\"text-align: justify;\">Para la plataforma, son \u00abvalores indiscutibles sobre los que se hab\u00eda logrado alcanzar un acuerdo pol\u00edtico y social con la firma del Pacto Local por la Vega de Granada, suscrito el 20 de mayo de 2015, precisamente en la Huerta del Tamarit, por todas las fuerzas pol\u00edticas y sindicales del momento\u00bb, que con la materializaci\u00f3n de esta propuesta ser\u00edan \u00abprofundamente traicionados\u00bb.<\/p>\n<\/div>\n<div>\n<div id=\"disqus_thread\"><strong>E.P.<\/strong><\/div>\n<div>EL INDEPENDIENTE DE GRANADA<\/div>\n<div>http:\/\/www.elindependientedegranada.es\/ciudadania\/plataforma-ciudadana-defendamos-vega-otra-vez-recoge-firmas-traslado-estacion-tren<\/div>\n<\/div>\n","protected":false},"excerpt":{"rendered":"<p>\u00a0 La plataforma ciudadana &#8216;Defendamos la Vega otra vez&#8217; recoge firmas contra el traslado de&#8230;<\/p>\n","protected":false},"author":1,"featured_media":55479,"comment_status":"closed","ping_status":"closed","sticky":false,"template":"","format":"standard","meta":{"_coblocks_attr":"","_coblocks_dimensions":"","_coblocks_responsive_height":"","_coblocks_accordion_ie_support":"","jetpack_post_was_ever_published":false,"_jetpack_newsletter_access":"","_jetpack_dont_email_post_to_subs":false,"_jetpack_newsletter_tier_id":0,"_jetpack_memberships_contains_paywalled_content":false,"_jetpack_memberships_contains_paid_content":false,"footnotes":"","jetpack_publicize_message":"","jetpack_publicize_feature_enabled":true,"jetpack_social_post_already_shared":true,"jetpack_social_options":{"image_generator_settings":{"template":"highway","default_image_id":0,"enabled":false},"version":2}},"categories":[1161,9,44,7671,15],"tags":[1142,9416],"class_list":["post-55478","post","type-post","status-publish","format-standard","has-post-thumbnail","hentry","category-ciudadania","category-medio-ambiente","category-noticias-de-hoy","category-politica","category-ultimas-noticias","tag-la-vega","tag-tren-ave"],"jetpack_publicize_connections":[],"jetpack_featured_media_url":"https:\/\/i0.wp.com\/miradordeatarfe.es\/wp-content\/uploads\/2022\/07\/tren.jpg?fit=650%2C487&ssl=1","jetpack_likes_enabled":true,"jetpack_sharing_enabled":true,"_links":{"self":[{"href":"https:\/\/miradordeatarfe.es\/index.php?rest_route=\/wp\/v2\/posts\/55478","targetHints":{"allow":["GET"]}}],"collection":[{"href":"https:\/\/miradordeatarfe.es\/index.php?rest_route=\/wp\/v2\/posts"}],"about":[{"href":"https:\/\/miradordeatarfe.es\/index.php?rest_route=\/wp\/v2\/types\/post"}],"author":[{"embeddable":true,"href":"https:\/\/miradordeatarfe.es\/index.php?rest_route=\/wp\/v2\/users\/1"}],"replies":[{"embeddable":true,"href":"https:\/\/miradordeatarfe.es\/index.php?rest_route=%2Fwp%2Fv2%2Fcomments&post=55478"}],"version-history":[{"count":1,"href":"https:\/\/miradordeatarfe.es\/index.php?rest_route=\/wp\/v2\/posts\/55478\/revisions"}],"predecessor-version":[{"id":55480,"href":"https:\/\/miradordeatarfe.es\/index.php?rest_route=\/wp\/v2\/posts\/55478\/revisions\/55480"}],"wp:featuredmedia":[{"embeddable":true,"href":"https:\/\/miradordeatarfe.es\/index.php?rest_route=\/wp\/v2\/media\/55479"}],"wp:attachment":[{"href":"https:\/\/miradordeatarfe.es\/index.php?rest_route=%2Fwp%2Fv2%2Fmedia&parent=55478"}],"wp:term":[{"taxonomy":"category","embeddable":true,"href":"https:\/\/miradordeatarfe.es\/index.php?rest_route=%2Fwp%2Fv2%2Fcategories&post=55478"},{"taxonomy":"post_tag","embeddable":true,"href":"https:\/\/miradordeatarfe.es\/index.php?rest_route=%2Fwp%2Fv2%2Ftags&post=55478"}],"curies":[{"name":"wp","href":"https:\/\/api.w.org\/{rel}","templated":true}]}}