{"id":55484,"date":"2022-07-06T11:00:25","date_gmt":"2022-07-06T09:00:25","guid":{"rendered":"https:\/\/miradordeatarfe.es\/?p=55484"},"modified":"2022-07-05T10:27:44","modified_gmt":"2022-07-05T08:27:44","slug":"ojo-a-lo-que-se-nos-viene-por-manuel-jimenez","status":"publish","type":"post","link":"https:\/\/miradordeatarfe.es\/?p=55484","title":{"rendered":"\u00a1\u00a1\u00a1 OJO A LO QUE SE NOS VIENE !!! por Manuel Jim\u00e9nez"},"content":{"rendered":"<h3>Tenemos el atletismo desatado con competiciones en los cinco puntos cardinales, tras los nacionales de Nerja que dejaron un gran sabor de boca este fin de semana hemos tenido los Juegos del Mediterr\u00e1neo que nos han ense\u00f1ado que hay atletismo no necesariamente de fondo allende el Mare Nostrum y esta semana tenemos en liza a los sub 18 en el Europeo de Jerusalem que con lo poco que nos han mostrado en la primera jornada se vislumbra que nos van a dejar ojipl\u00e1ticos.<\/h3>\n<p>Entre tanto y para sobrellevar la semana un affaire de papel couch\u00e9 con el vodevil de Fontes y su inicial exclusi\u00f3n de la lista de Eugene, el posterior trending topic en redes y giro \u00a0final de gui\u00f3n con su repesca justificada en un singular covid que no impide la participaci\u00f3n sino el doblaje. \u00a0\u00a0<\/p>\n<p>A nivel local hemos tenido un poco de todo con el com\u00fan denominador de qu\u00e9 m\u00e1s que lo vivido lo importante es lo intuido que nos hace presagiar que los mimbres que se est\u00e1n sembrando nos van a deparar imponentes cestos en el corto y medio plazo. Campeonato de Andaluc\u00eda Sub 20 en Motril con una solitaria presencia del velocista del CIUDAD IL\u00cdBERIS Gustavo Herrera Jr que dobla en 100 (11.97) y 200 (24.33) que sin resultar espectacular da idea de lo que llegar\u00e1 en breve pues aun est\u00e1 reciente la sustituci\u00f3n de las cuerdas por los cordones, los saques por las salidas y el slurri por el tart\u00e1n. \u00a0\u00a0<\/p>\n<p>Vuelta al tajo del mediofondista del Go Fit Atletic Manuel Jim\u00e9nez L\u00f3pez que tras salir de una persistente lesi\u00f3n acaba en 3.52 en el Meeting de M\u00e1laga con cuatro entrenos de calidad que si bien no le llegar\u00e1 para repetir en el nacional Sub 23 de Santander un lugar en el p\u00f3dium al que ven\u00eda acostumbrado si augura un oto\u00f1o de traca.<\/p>\n<p>\u00a0En cuanto a los triatletas de la Escuela local mojan sus ganas de competici\u00f3n en la Traves\u00eda de Castell de Ferro con p\u00f3diums en sus respectivas franjas de edad para Vera Ramos, Santi N\u00fa\u00f1ez y Sandro Ramos y menci\u00f3n especial para Samy Montoro que nadando con los absolutos vuelve a colarse en el top 35 con un tiempazo de 24.04 \u00a0y esto sin montarse en la bici y descabalgar para correr donde se va a salir.<\/p>\n<p>En definitiva, disfrutando del presente y prepar\u00e1ndonos para el futuro con lo que se nos viene encima.<\/p>\n<p>Terminamos con un justo reconocimiento al atleta de Casanueva, monitor en las escuelas del Ciudad Atarfe, Dani Rodr\u00edguez Serrano, que se cuelga un merecido bronce en los 200 lisos de los Juegos Mediterr\u00e1neos de Or\u00e1n con un gran crono de 20.87 dando un brillo internacional a su dilatado curriculum. \u00a0<\/p>\n<p><a href=\"https:\/\/i0.wp.com\/miradordeatarfe.es\/wp-content\/uploads\/2022\/07\/IMG_1362.jpg?ssl=1\"><img data-recalc-dims=\"1\" loading=\"lazy\" decoding=\"async\" class=\"alignnone size-full wp-image-55488\" src=\"https:\/\/i0.wp.com\/miradordeatarfe.es\/wp-content\/uploads\/2022\/07\/IMG_1362.jpg?resize=640%2C1040&#038;ssl=1\" alt=\"\" width=\"640\" height=\"1040\" srcset=\"https:\/\/i0.wp.com\/miradordeatarfe.es\/wp-content\/uploads\/2022\/07\/IMG_1362.jpg?w=656&amp;ssl=1 656w, https:\/\/i0.wp.com\/miradordeatarfe.es\/wp-content\/uploads\/2022\/07\/IMG_1362.jpg?resize=185%2C300&amp;ssl=1 185w, https:\/\/i0.wp.com\/miradordeatarfe.es\/wp-content\/uploads\/2022\/07\/IMG_1362.jpg?resize=630%2C1024&amp;ssl=1 630w\" sizes=\"auto, (max-width: 640px) 100vw, 640px\" \/><\/a> <a href=\"https:\/\/i0.wp.com\/miradordeatarfe.es\/wp-content\/uploads\/2022\/07\/IMG_1360.jpg?ssl=1\"><img data-recalc-dims=\"1\" loading=\"lazy\" decoding=\"async\" class=\"alignnone size-full wp-image-55485\" src=\"https:\/\/i0.wp.com\/miradordeatarfe.es\/wp-content\/uploads\/2022\/07\/IMG_1360.jpg?resize=640%2C534&#038;ssl=1\" alt=\"\" width=\"640\" height=\"534\" srcset=\"https:\/\/i0.wp.com\/miradordeatarfe.es\/wp-content\/uploads\/2022\/07\/IMG_1360.jpg?w=1125&amp;ssl=1 1125w, https:\/\/i0.wp.com\/miradordeatarfe.es\/wp-content\/uploads\/2022\/07\/IMG_1360.jpg?resize=300%2C250&amp;ssl=1 300w, https:\/\/i0.wp.com\/miradordeatarfe.es\/wp-content\/uploads\/2022\/07\/IMG_1360.jpg?resize=1024%2C855&amp;ssl=1 1024w, https:\/\/i0.wp.com\/miradordeatarfe.es\/wp-content\/uploads\/2022\/07\/IMG_1360.jpg?resize=768%2C641&amp;ssl=1 768w\" sizes=\"auto, (max-width: 640px) 100vw, 640px\" \/><\/a><\/p>\n<p>&nbsp;<\/p>\n","protected":false},"excerpt":{"rendered":"<p>Tenemos el atletismo desatado con competiciones en los cinco puntos cardinales, tras los nacionales de&#8230;<\/p>\n","protected":false},"author":1,"featured_media":55487,"comment_status":"closed","ping_status":"closed","sticky":false,"template":"","format":"standard","meta":{"_coblocks_attr":"","_coblocks_dimensions":"","_coblocks_responsive_height":"","_coblocks_accordion_ie_support":"","jetpack_post_was_ever_published":false,"_jetpack_newsletter_access":"","_jetpack_dont_email_post_to_subs":false,"_jetpack_newsletter_tier_id":0,"_jetpack_memberships_contains_paywalled_content":false,"_jetpack_memberships_contains_paid_content":false,"footnotes":"","jetpack_publicize_message":"","jetpack_publicize_feature_enabled":true,"jetpack_social_post_already_shared":true,"jetpack_social_options":{"image_generator_settings":{"template":"highway","default_image_id":0,"enabled":false},"version":2}},"categories":[2,1161,182,44,15],"tags":[],"class_list":["post-55484","post","type-post","status-publish","format-standard","has-post-thumbnail","hentry","category-atarfe","category-ciudadania","category-deportes","category-noticias-de-hoy","category-ultimas-noticias"],"jetpack_publicize_connections":[],"jetpack_featured_media_url":"https:\/\/i0.wp.com\/miradordeatarfe.es\/wp-content\/uploads\/2022\/07\/IMG_1361.jpg?fit=1125%2C903&ssl=1","jetpack_likes_enabled":true,"jetpack_sharing_enabled":true,"_links":{"self":[{"href":"https:\/\/miradordeatarfe.es\/index.php?rest_route=\/wp\/v2\/posts\/55484","targetHints":{"allow":["GET"]}}],"collection":[{"href":"https:\/\/miradordeatarfe.es\/index.php?rest_route=\/wp\/v2\/posts"}],"about":[{"href":"https:\/\/miradordeatarfe.es\/index.php?rest_route=\/wp\/v2\/types\/post"}],"author":[{"embeddable":true,"href":"https:\/\/miradordeatarfe.es\/index.php?rest_route=\/wp\/v2\/users\/1"}],"replies":[{"embeddable":true,"href":"https:\/\/miradordeatarfe.es\/index.php?rest_route=%2Fwp%2Fv2%2Fcomments&post=55484"}],"version-history":[{"count":3,"href":"https:\/\/miradordeatarfe.es\/index.php?rest_route=\/wp\/v2\/posts\/55484\/revisions"}],"predecessor-version":[{"id":55490,"href":"https:\/\/miradordeatarfe.es\/index.php?rest_route=\/wp\/v2\/posts\/55484\/revisions\/55490"}],"wp:featuredmedia":[{"embeddable":true,"href":"https:\/\/miradordeatarfe.es\/index.php?rest_route=\/wp\/v2\/media\/55487"}],"wp:attachment":[{"href":"https:\/\/miradordeatarfe.es\/index.php?rest_route=%2Fwp%2Fv2%2Fmedia&parent=55484"}],"wp:term":[{"taxonomy":"category","embeddable":true,"href":"https:\/\/miradordeatarfe.es\/index.php?rest_route=%2Fwp%2Fv2%2Fcategories&post=55484"},{"taxonomy":"post_tag","embeddable":true,"href":"https:\/\/miradordeatarfe.es\/index.php?rest_route=%2Fwp%2Fv2%2Ftags&post=55484"}],"curies":[{"name":"wp","href":"https:\/\/api.w.org\/{rel}","templated":true}]}}