{"id":55534,"date":"2022-07-14T10:05:05","date_gmt":"2022-07-14T08:05:05","guid":{"rendered":"https:\/\/miradordeatarfe.es\/?p=55534"},"modified":"2022-07-08T13:19:11","modified_gmt":"2022-07-08T11:19:11","slug":"alertan-de-la-entrada-en-una-octava-ola-de-coronavirus-tras-pasar-una-septima-casi-fantasma","status":"publish","type":"post","link":"https:\/\/miradordeatarfe.es\/?p=55534","title":{"rendered":"Alertan de la entrada en una octava ola de coronavirus tras pasar una s\u00e9ptima \u00abcasi fantasma\u00bb"},"content":{"rendered":"<div class=\"voc-article-container\">\n<article class=\"voc-article voc-article--detail voc-article--detail--base voc-article--photo-bottom\">\n<div class=\"voc-info-container\">\n<h2 class=\"voc-sub-title\">La Sociedad Espa\u00f1ola de M\u00e9dicos Generales y de Familia apela al uso de la mascarilla en interiores, transporte p\u00fablico y en caso de aglomeraciones<\/h2>\n<\/div>\n<\/article>\n<\/div>\n<div class=\"voc-detail\" data-voc-share-selection=\"\">\n<p class=\"voc-paragraph\">El portavoz de la Sociedad Espa\u00f1ola de M\u00e9dicos Generales y de Familia, Lorenzo Armenteros, ha alertado esta semana que Espa\u00f1a entra en la octava ola de Covid-19 tras pasar una s\u00e9ptima \u00abcasi fantasma\u00ab. \u00bbAunque no tenemos datos de la mayor\u00eda de los positivos por coronavirus, porque solamente conocemos la incidencia en mayores de sesenta a\u00f1os, los casos que vemos en las consultas, los nuevos casos en gente joven y los casos que pod\u00edan ser sumados de autotests que realizan los pacientes, estar\u00edamos en una octava ola\u00ab, ha argumentado Armenteros.<\/p>\n<p class=\"voc-paragraph\">Y ya una octava porque, ha matizado, se ha \u00abpasado una s\u00e9ptima ola casi fantasma, desaparecida porque no hab\u00eda datos suficientes, as\u00ed que de forma epidemiol\u00f3gica estar\u00edamos en un octava ola\u00bb. \u00abEse pico que se est\u00e1 dando en las dos \u00faltimas semanas podr\u00eda indicarnos que hay una nueva ola en ciernes y ya est\u00e1 empezando a subir\u00bb, ha apostillado el portavoz de los m\u00e9dicos de familia.<\/p>\n<p class=\"voc-paragraph\">El facultativo lucense ha advertido que \u00abdelegar la seguridad sobre los ciudadanos es complicado porque est\u00e1n muy cansados, hay un cansancio pand\u00e9mico y la gente quiere disfrutar del verano, de las aglomeraciones, pero esto da lugar a un gran n\u00famero de contagios\u00bb, avisa.<\/p>\n<p class=\"voc-paragraph\">Un aspecto sobre el que hace especial hincapi\u00e9 es que las \u00abcaracter\u00edsticas de las variantes son diferentes; as\u00ed la B A-5 es muy infecciosa y la sintomatolog\u00eda es mayor\u00bb. \u00abLos s\u00edntomas son mayores y obliga a ir a consultas de Atenci\u00f3n Primaria y a un mayor ingreso hospitalario. Las variantes no son iguales y no se deben tratar de la misma manera\u00bb, ha sentenciado.<\/p>\n<p class=\"voc-paragraph\">Lorenzo Armenteros ha incidido en la necesidad de seguir \u00abutilizando mascarillas en interiores, en el transporte p\u00fablico y cuando se produzcan aglomeraciones\u00bb. Finalmente ha apelado, a su vez, al uso de los tapabocas \u00abde forma solidaria, de tal forma que cuando se tenga cualquier sintomatolog\u00eda respiratoria usar las mascarillas\u00bb.<\/p>\n<p><strong><a class=\"voc-author\" title=\"SUSANA ZAMORA\">SUSANA ZAMORA<\/a><\/strong><time datetime=\"2022-07-05T12:23:36Z\"><\/time><\/p>\n<p>foto: https:\/\/www.doctorflandes.com\/mascarillas\/<\/p>\n<p>https:\/\/www.ideal.es\/sociedad\/salud\/alertan-entrada-octava-20220705130944-ntrc.html<\/p>\n<\/div>\n","protected":false},"excerpt":{"rendered":"<p>La Sociedad Espa\u00f1ola de M\u00e9dicos Generales y de Familia apela al uso de la mascarilla&#8230;<\/p>\n","protected":false},"author":1,"featured_media":55535,"comment_status":"closed","ping_status":"closed","sticky":false,"template":"","format":"standard","meta":{"_coblocks_attr":"","_coblocks_dimensions":"","_coblocks_responsive_height":"","_coblocks_accordion_ie_support":"","jetpack_post_was_ever_published":false,"_jetpack_newsletter_access":"","_jetpack_dont_email_post_to_subs":false,"_jetpack_newsletter_tier_id":0,"_jetpack_memberships_contains_paywalled_content":false,"_jetpack_memberships_contains_paid_content":false,"footnotes":"","jetpack_publicize_message":"","jetpack_publicize_feature_enabled":true,"jetpack_social_post_already_shared":true,"jetpack_social_options":{"image_generator_settings":{"template":"highway","default_image_id":0,"enabled":false},"version":2}},"categories":[1161,7149,44,7671,6937,15,10],"tags":[7155,9421],"class_list":["post-55534","post","type-post","status-publish","format-standard","has-post-thumbnail","hentry","category-ciudadania","category-coronavirus","category-noticias-de-hoy","category-politica","category-sociedad","category-ultimas-noticias","category-salud","tag-mascarillas","tag-ola-coronavirus"],"jetpack_publicize_connections":[],"jetpack_featured_media_url":"https:\/\/i0.wp.com\/miradordeatarfe.es\/wp-content\/uploads\/2022\/07\/Uso-de-mascarilla-732x402-1.jpg?fit=732%2C402&ssl=1","jetpack_likes_enabled":true,"jetpack_sharing_enabled":true,"_links":{"self":[{"href":"https:\/\/miradordeatarfe.es\/index.php?rest_route=\/wp\/v2\/posts\/55534","targetHints":{"allow":["GET"]}}],"collection":[{"href":"https:\/\/miradordeatarfe.es\/index.php?rest_route=\/wp\/v2\/posts"}],"about":[{"href":"https:\/\/miradordeatarfe.es\/index.php?rest_route=\/wp\/v2\/types\/post"}],"author":[{"embeddable":true,"href":"https:\/\/miradordeatarfe.es\/index.php?rest_route=\/wp\/v2\/users\/1"}],"replies":[{"embeddable":true,"href":"https:\/\/miradordeatarfe.es\/index.php?rest_route=%2Fwp%2Fv2%2Fcomments&post=55534"}],"version-history":[{"count":1,"href":"https:\/\/miradordeatarfe.es\/index.php?rest_route=\/wp\/v2\/posts\/55534\/revisions"}],"predecessor-version":[{"id":55536,"href":"https:\/\/miradordeatarfe.es\/index.php?rest_route=\/wp\/v2\/posts\/55534\/revisions\/55536"}],"wp:featuredmedia":[{"embeddable":true,"href":"https:\/\/miradordeatarfe.es\/index.php?rest_route=\/wp\/v2\/media\/55535"}],"wp:attachment":[{"href":"https:\/\/miradordeatarfe.es\/index.php?rest_route=%2Fwp%2Fv2%2Fmedia&parent=55534"}],"wp:term":[{"taxonomy":"category","embeddable":true,"href":"https:\/\/miradordeatarfe.es\/index.php?rest_route=%2Fwp%2Fv2%2Fcategories&post=55534"},{"taxonomy":"post_tag","embeddable":true,"href":"https:\/\/miradordeatarfe.es\/index.php?rest_route=%2Fwp%2Fv2%2Ftags&post=55534"}],"curies":[{"name":"wp","href":"https:\/\/api.w.org\/{rel}","templated":true}]}}