{"id":55544,"date":"2022-07-07T11:01:27","date_gmt":"2022-07-07T09:01:27","guid":{"rendered":"https:\/\/miradordeatarfe.es\/?p=55544"},"modified":"2022-07-07T11:02:26","modified_gmt":"2022-07-07T09:02:26","slug":"atarfe-vive-la-musica","status":"publish","type":"post","link":"https:\/\/miradordeatarfe.es\/?p=55544","title":{"rendered":"ATARFE VIVE LA M\u00daSICA"},"content":{"rendered":"<div class=\"floatleftnowrap clear \">\n<div class=\"\" dir=\"auto\">\n<div id=\"jsc_c_1l\" class=\"ecm0bbzt hv4rvrfc ihqw7lf3 dati1w0a\" data-ad-comet-preview=\"message\" data-ad-preview=\"message\">\n<div class=\"j83agx80 cbu4d94t ew0dbk1b irj2b8pg\">\n<div class=\"qzhwtbm6 knvmm38d\">\n<div class=\"kvgmc6g5 cxmmr5t8 oygrvhab hcukyx3x c1et5uql ii04i59q\">\n<h3 dir=\"auto\">Los pr\u00f3ximos d\u00edas 8 y 9 de julio, viernes y s\u00e1bado respectivamente, el ciclo \u00abAtarfe suena en el Lago\u00bb recibir\u00e1 a grupos locales para dar muestra del nivel musical de los\/as vecinos\/as de nuestro municipio.<\/h3>\n<\/div>\n<div class=\"cxmmr5t8 oygrvhab hcukyx3x c1et5uql o9v6fnle ii04i59q\">\n<h1 dir=\"auto\">Fecha: 8 y 9 de julio de 2022<\/h1>\n<div dir=\"auto\">Hora: A partir de las 22:30h.<\/div>\n<div dir=\"auto\">Lugar: Paraje Natural de la Ermita de los Tres Juanes<\/div>\n<\/div>\n<div class=\"cxmmr5t8 oygrvhab hcukyx3x c1et5uql o9v6fnle ii04i59q\">\n<div dir=\"auto\">\u00a1ENTRADA GRATUITA!<\/div>\n<div dir=\"auto\">\u00a0<\/div>\n<p><a href=\"https:\/\/i0.wp.com\/miradordeatarfe.es\/wp-content\/uploads\/2022\/07\/291912609_5666121353407287_3079193379121214821_n.jpg?ssl=1\"><img data-recalc-dims=\"1\" loading=\"lazy\" decoding=\"async\" class=\"alignnone size-full wp-image-55545\" src=\"https:\/\/i0.wp.com\/miradordeatarfe.es\/wp-content\/uploads\/2022\/07\/291912609_5666121353407287_3079193379121214821_n.jpg?resize=509%2C720&#038;ssl=1\" alt=\"\" width=\"509\" height=\"720\" srcset=\"https:\/\/i0.wp.com\/miradordeatarfe.es\/wp-content\/uploads\/2022\/07\/291912609_5666121353407287_3079193379121214821_n.jpg?w=509&amp;ssl=1 509w, https:\/\/i0.wp.com\/miradordeatarfe.es\/wp-content\/uploads\/2022\/07\/291912609_5666121353407287_3079193379121214821_n.jpg?resize=212%2C300&amp;ssl=1 212w\" sizes=\"auto, (max-width: 509px) 100vw, 509px\" \/><\/a><\/p>\n<\/div>\n<\/div>\n<\/div>\n<div dir=\"auto\">\u00a0<\/div>\n<\/div>\n<\/div>\n<\/div>\n<div class=\"floatleftnowrap clear \"><input id=\"hasta\" class=\"iformulario myTicketList_input hasDatepicker\" autocomplete=\"off\" name=\"hasta\" type=\"text\" value=\"\" \/><\/div>\n<div>\u00a0<\/div>\n<div id=\"content\">\n<div id=\"main-content\" class=\"columns-1\" role=\"main\">\n<div class=\"portlet-layout\">\n<div id=\"column-1\" class=\"portlet-column portlet-column-only\">\n<div id=\"layout-column_column-1\" class=\"portlet-dropzone portlet-column-content portlet-column-content-only\">\n<div id=\"p_p_id_cip_WAR_giglonportlet_INSTANCE_Urb1EA5qvoSv_\" class=\"portlet-boundary portlet-boundary_cip_WAR_giglonportlet_ portlet-static portlet-static-end compraintegradaportlet-portlet \">\n<div class=\"portlet-body\">\n<section id=\"portlet_cip_WAR_giglonportlet_INSTANCE_Urb1EA5qvoSv\" class=\"portlet\">\n<div class=\"portlet-content\">\n<div class=\" portlet-content-container\">\n<div class=\"portlet-body\">\n<div class=\"search-box-main\">\n<div id=\"eventList\">\n<div id=\"widgets\">\n<div id=\"container\">\n<div>\n<div class=\"name-list-container\">\n<div id=\"banderola0\" class=\"image-cartel-info-list banderolaOferta\">\n<h3 dir=\"auto\"><a href=\"https:\/\/www.entradasatualcance.com\/tickets-daviles-de-novelda-lerica-canelita\">DAVILES DE NOVELDA + LERICA + CANELITA<\/a><\/h3>\n<div dir=\"auto\">\n<div class=\"\" dir=\"auto\">\n<div id=\"jsc_c_oc\" class=\"ecm0bbzt hv4rvrfc ihqw7lf3 dati1w0a\" data-ad-comet-preview=\"message\" data-ad-preview=\"message\">\n<div class=\"j83agx80 cbu4d94t ew0dbk1b irj2b8pg\">\n<div class=\"qzhwtbm6 knvmm38d\">\n<div class=\"kvgmc6g5 cxmmr5t8 oygrvhab hcukyx3x c1et5uql ii04i59q\">\n<div dir=\"auto\">PRIMER CONCIERTO CONFIRMADO PARA NUESTRAS FIESTAS PATRONALES DE SANTA ANA 2022:<\/div>\n<\/div>\n<div class=\"cxmmr5t8 oygrvhab hcukyx3x c1et5uql o9v6fnle ii04i59q\">\n<div dir=\"auto\">Daviles de Novelda, L\u00e9rica y Canelita forman un cartel \u00fanico que, sin duda, har\u00e1 historia. \u00a1No te lo puedes perder!<\/div>\n<\/div>\n<div class=\"cxmmr5t8 oygrvhab hcukyx3x c1et5uql o9v6fnle ii04i59q\">\n<div dir=\"auto\">Fecha:<strong> 22 de julio de 2022<\/strong><\/div>\n<div dir=\"auto\">Hora: 22:30h.<\/div>\n<div dir=\"auto\">Lugar: Coliseo Ciudad Atarfe<\/div>\n<\/div>\n<div class=\"cxmmr5t8 oygrvhab hcukyx3x c1et5uql o9v6fnle ii04i59q\">\n<div dir=\"auto\">Venta de entradas: Taquilla del Centro Cultural Medina Elvira, en la web oficial de Geventos Murcia, en oficinas de Correos, en la web: <a class=\"oajrlxb2 g5ia77u1 qu0x051f esr5mh6w e9989ue4 r7d6kgcz rq0escxv nhd2j8a9 nc684nl6 p7hjln8o kvgmc6g5 cxmmr5t8 oygrvhab hcukyx3x jb3vyjys rz4wbd8a qt6c0cv9 a8nywdso i1ao9s8h esuyzwwr f1sip0of lzcic4wl gpro0wi8 py34i1dx\" tabindex=\"0\" role=\"link\" href=\"http:\/\/www.entradasatualcance.com\/?fbclid=IwAR3m5bbxTT9CI-rnauQQESIMce36DNYgGHyNwWGWtXJl8UPjSSYsUYPZ6lY\" target=\"_blank\" rel=\"nofollow noopener\">www.entradasatualcance.com<\/a>\u00a0o en Redentradas.<\/div>\n<div dir=\"auto\"><a href=\"https:\/\/i0.wp.com\/miradordeatarfe.es\/wp-content\/uploads\/2022\/07\/279658647_5490163531003071_7578005453383665577_n.jpg?ssl=1\"><img data-recalc-dims=\"1\" loading=\"lazy\" decoding=\"async\" class=\"alignnone size-full wp-image-55546\" src=\"https:\/\/i0.wp.com\/miradordeatarfe.es\/wp-content\/uploads\/2022\/07\/279658647_5490163531003071_7578005453383665577_n.jpg?resize=505%2C720&#038;ssl=1\" alt=\"\" width=\"505\" height=\"720\" srcset=\"https:\/\/i0.wp.com\/miradordeatarfe.es\/wp-content\/uploads\/2022\/07\/279658647_5490163531003071_7578005453383665577_n.jpg?w=505&amp;ssl=1 505w, https:\/\/i0.wp.com\/miradordeatarfe.es\/wp-content\/uploads\/2022\/07\/279658647_5490163531003071_7578005453383665577_n.jpg?resize=210%2C300&amp;ssl=1 210w\" sizes=\"auto, (max-width: 505px) 100vw, 505px\" \/><\/a><\/div>\n<\/div>\n<div dir=\"auto\">\n<div>\n<div class=\"name-list-container\">\n<h3 class=\"name-list-container\"><span class=\"name-list\">MAGO DE OZ &#8211; Al Abordaje!! <\/span> <span class=\"description-list\">24\/07\/2022 &#8211; Coliseo Atarfe &#8211; Atarfe(GRANADA) <\/span> <span class=\"tachado_rojo\">18,00 \u20ac<\/span> &#8211; (16,67 % dto.) <span class=\"price-list\"> desde 15,00\u20ac<\/span><\/h3>\n<\/div>\n<div>\n<div>\n<div class=\"kvgmc6g5 cxmmr5t8 oygrvhab hcukyx3x c1et5uql ii04i59q\">\n<div dir=\"auto\">\n<div class=\"kvgmc6g5 cxmmr5t8 oygrvhab hcukyx3x c1et5uql ii04i59q\">\n<div dir=\"auto\">SEGUNDO CONCIERTO CONFIRMADO PARA NUESTRAS FIESTAS PATRONALES DE SANTA ANA 2022:<\/div>\n<\/div>\n<div class=\"cxmmr5t8 oygrvhab hcukyx3x c1et5uql o9v6fnle ii04i59q\">\n<div dir=\"auto\">M\u00e4go de Oz llega a Atarfe con su tour \u00abAl Abordaje\u00bb, en la que pretende reunir a todos sus fan\u00e1ticos para compartir sus m\u00e1s grandes \u00e9xitos. El evento se llevar\u00e1 a cabo el <strong>24 de julio de 2022<\/strong> y tendr\u00e1 lugar en el Coliseo Ciudad de Atarfe.<\/div>\n<div dir=\"auto\">\u00a0<\/div>\n<\/div>\n<div class=\"cxmmr5t8 oygrvhab hcukyx3x c1et5uql o9v6fnle ii04i59q\">\n<div dir=\"auto\">\u00abAl Abordaje\u00bb es una gira internacional que comenz\u00f3 el pasado 20 de noviembre 2021 con su primera presentaci\u00f3n en la Ciudad de M\u00e9xico. \u00bfTe apuntas?<\/div>\n<div dir=\"auto\">\u00a0<\/div>\n<\/div>\n<div class=\"cxmmr5t8 oygrvhab hcukyx3x c1et5uql o9v6fnle ii04i59q\">\n<div dir=\"auto\">Entradas ya a la venta en la Taquilla del Centro Cultural Medina Elvira y en la web de Giglon (<a class=\"oajrlxb2 g5ia77u1 qu0x051f esr5mh6w e9989ue4 r7d6kgcz rq0escxv nhd2j8a9 nc684nl6 p7hjln8o kvgmc6g5 cxmmr5t8 oygrvhab hcukyx3x jb3vyjys rz4wbd8a qt6c0cv9 a8nywdso i1ao9s8h esuyzwwr f1sip0of lzcic4wl gpro0wi8 py34i1dx\" tabindex=\"0\" role=\"link\" href=\"http:\/\/www.giglon.com\/?fbclid=IwAR26rokPcEGfKSFlOiiZJB4koQX22qcXuhKUDyCknOh3pCdtBulFTTbRvmc\" target=\"_blank\" rel=\"nofollow noopener\">www.giglon.com<\/a><\/div>\n<div dir=\"auto\">\u00a0<\/div>\n<\/div>\n<\/div>\n<\/div>\n<\/div>\n<\/div>\n<\/div>\n<div>\n<h2 class=\"image-list-container\"><img decoding=\"async\" class=\"image-list\" src=\"https:\/\/www.giglon.com\/documents\/10180\/30003\/3-35712x1-c1lli.jpg\/223ff39b-c9eb-46cf-8c55-7dee158773c9?imageThumbnail=2\" \/><\/h2>\n<\/div>\n<\/div>\n<\/div>\n<\/div>\n<\/div>\n<\/div>\n<\/div>\n<h3 id=\"textoBanderola0\" class=\"textoGirado\"><span class=\"name-list\">I FESTIVAL DE POP-ROCK DE LOS 80 <\/span> <span class=\"description-list\">23\/07\/2022 &#8211; Coliseo Atarfe &#8211; Atarfe(GRANADA) <\/span> <span class=\"tachado_rojo\">15,00 \u20ac<\/span> &#8211; (20,00 % dto.) <span class=\"price-list\"> desde 12,00\u20ac<\/span><\/h3>\n<div id=\"banderola1\" class=\"image-cartel-info-list banderolaOferta\">\n<div id=\"textoBanderola1\" class=\"textoGirado\">\n<div class=\"\" dir=\"auto\">\n<div id=\"jsc_c_be\" class=\"ecm0bbzt hv4rvrfc ihqw7lf3 dati1w0a\" data-ad-comet-preview=\"message\" data-ad-preview=\"message\">\n<div class=\"j83agx80 cbu4d94t ew0dbk1b irj2b8pg\">\n<div class=\"qzhwtbm6 knvmm38d\">\n<div class=\"kvgmc6g5 cxmmr5t8 oygrvhab hcukyx3x c1et5uql ii04i59q\">\n<h3 dir=\"auto\">\u00a0TERCER CONCIERTO CONFIRMADO PARA NUESTRAS FIESTAS PATRONALES DE SANTA ANA 2022:<\/h3>\n<div class=\"cxmmr5t8 oygrvhab hcukyx3x c1et5uql o9v6fnle ii04i59q\">\n<div dir=\"auto\">I FESTIVAL DE POP-ROCK DE LOS 80 EN ATARFE. Este a\u00f1o, y por primera vez en nuestro municipio, un festival dedicado a la m\u00fasica pop-rock de la d\u00e9cada de los a\u00f1os 80. En esta primera edici\u00f3n, los grupos participantes ser\u00e1n: Burning, Tennessee y Trogloditas.<\/div>\n<div dir=\"auto\">\u00a0<\/div>\n<\/div>\n<div class=\"cxmmr5t8 oygrvhab hcukyx3x c1et5uql o9v6fnle ii04i59q\">\n<div dir=\"auto\">Fecha: <strong>23 de julio de 2022<\/strong><\/div>\n<div dir=\"auto\">Hora: 22:30h.<\/div>\n<div dir=\"auto\">Lugar: Coliseo Ciudad Atarfe<\/div>\n<\/div>\n<div class=\"cxmmr5t8 oygrvhab hcukyx3x c1et5uql o9v6fnle ii04i59q\">\n<div dir=\"auto\">Venta de entradas: Taquilla del Centro Cultural Medina Elvira o en la web de Giglon<\/div>\n<\/div>\n<\/div>\n<h3 dir=\"auto\">\u00a0<img decoding=\"async\" class=\"image-list\" src=\"https:\/\/www.giglon.com\/documents\/10180\/30003\/3-36324x1-54n5j.jpg\/33fd3c27-c21c-48ad-a41c-8e6a9926bd16?imageThumbnail=2\" \/><\/h3>\n<\/div>\n<\/div>\n<\/div>\n<\/div>\n<\/div>\n<\/div>\n<\/div>\n<\/div>\n<\/div>\n<h1>OTROS CONCIERTOS DE INTER\u00c9S<\/h1>\n<div>\n<div class=\"kvgmc6g5 cxmmr5t8 oygrvhab hcukyx3x c1et5uql ii04i59q\">\n<h3 dir=\"auto\">\u00a0 <span class=\"name-list\">MOCEDADES &#8211; INFINITO TOUR 2022 <\/span> <span class=\"description-list\">29\/07\/2022 &#8211; LAGO LOS TRES JUANES &#8211; Atarfe(GRANADA) <\/span> <span class=\"tachado_rojo\">20,00 \u20ac<\/span> &#8211; (10,00 % dto.) <span class=\"price-list\"> desde 18,00\u20ac<\/span><\/h3>\n<div id=\"banderola3\" class=\"image-cartel-info-list banderolaOferta\">\n<div id=\"textoBanderola3\" class=\"textoGirado\">\n<div class=\"\" dir=\"auto\">\n<div id=\"jsc_c_8s\" class=\"ecm0bbzt hv4rvrfc ihqw7lf3 dati1w0a\" data-ad-comet-preview=\"message\" data-ad-preview=\"message\">\n<div class=\"j83agx80 cbu4d94t ew0dbk1b irj2b8pg\">\n<div class=\"qzhwtbm6 knvmm38d\">\n<div class=\"kvgmc6g5 cxmmr5t8 oygrvhab hcukyx3x c1et5uql ii04i59q\">\n<div dir=\"auto\">\u00a0<strong>Mocedades<\/strong> te invita a asistir, el pr\u00f3ximo 29 de julio, al concierto que ofrecer\u00e1n en Atarfe, en el ciclo \u00abAtarfe suena en el Lago\u00bb, y d\u00f3nde presentar\u00e1n, adem\u00e1s de las canciones de siempre, su proyecto m\u00e1s ambicioso: \u00abInfinito Duets\u00bb, disco integrado por ocho grandes \u00e9xitos de la banda que ha marcado la historia de la m\u00fasica espa\u00f1ola e internacional, interpretados por artistas de la talla de David Bisbal, Ana Torroja o Il Divo.<\/div>\n<\/div>\n<\/div>\n<\/div>\n<\/div>\n<\/div>\n<\/div>\n<\/div>\n<\/div>\n<div class=\"cxmmr5t8 oygrvhab hcukyx3x c1et5uql o9v6fnle ii04i59q\">\n<div dir=\"auto\">\u00abT\u00f3mame o D\u00e9jame\u00bb, \u00abLa Otra Espa\u00f1a\u00bb, \u00ab\u00bfQui\u00e9n Te Cantar\u00e1?\u00bb, \u00abSecretaria\u00bb, \u00abAmor de Hombre\u00bb o \u00abEres T\u00fa\u00bb, entre otras, formar\u00e1n parte de esta gira que recalar\u00e1 en Atarfe, encabezada por la fundadora Izaskun Uranga, ausente en el v\u00eddeo por motivos laborales, para, posteriormente, continuar por tierras estadounidenses y latinoamericanas en la que ser\u00e1 una gira hist\u00f3rica para la m\u00edtica banda. \u00a1No te la puedes perder!<\/div>\n<\/div>\n<div class=\"cxmmr5t8 oygrvhab hcukyx3x c1et5uql o9v6fnle ii04i59q\">\n<div dir=\"auto\">\u00a0<\/div>\n<div dir=\"auto\">Fecha: <strong>29 de julio de 2022<\/strong><\/div>\n<div dir=\"auto\">Hora: 22:30h.<\/div>\n<div dir=\"auto\">Apertura de puertas: 21:30h.<\/div>\n<div dir=\"auto\">Lugar: Paraje Natural de la Ermita de los Tres Juanes<\/div>\n<\/div>\n<div class=\"cxmmr5t8 oygrvhab hcukyx3x c1et5uql o9v6fnle ii04i59q\">\n<div dir=\"auto\">Venta de entradas: Taquilla del Centro Cultural Medina Elvira y en la web de Giglon (<a class=\"oajrlxb2 g5ia77u1 qu0x051f esr5mh6w e9989ue4 r7d6kgcz rq0escxv nhd2j8a9 nc684nl6 p7hjln8o kvgmc6g5 cxmmr5t8 oygrvhab hcukyx3x jb3vyjys rz4wbd8a qt6c0cv9 a8nywdso i1ao9s8h esuyzwwr f1sip0of lzcic4wl gpro0wi8 py34i1dx\" tabindex=\"0\" role=\"link\" href=\"http:\/\/www.giglon.com\/?fbclid=IwAR3s8wpfI3Qj3_IlTq_ne924UTKSLqRmmq76LfhCnmYH0Cq7cCaFUyqIW3w\" target=\"_blank\" rel=\"nofollow noopener\">www.giglon.com)<\/a><\/div>\n<\/div>\n<div class=\"cxmmr5t8 oygrvhab hcukyx3x c1et5uql o9v6fnle ii04i59q\">\n<div dir=\"auto\">INFORMACI\u00d3N IMPORTANTE RESPECTO A LAS ENTRADAS: Entrada General \/ Asientos no numerado<\/div>\n<div dir=\"auto\">\u00a0<\/div>\n<\/div>\n<\/div>\n<div>\n<div class=\"image-list-container\"><img decoding=\"async\" class=\"image-list\" src=\"https:\/\/www.giglon.com\/documents\/10180\/30003\/3-36122x1-ai2i6.jpg\/31a83f5e-5bbe-489e-9ed9-afd94c7efeb6?imageThumbnail=2\" \/><\/div>\n<div>\u00a0<\/div>\n<h3><span class=\"name-list\">APACHE <\/span> <span class=\"description-list\">30\/07\/2022 &#8211; LAGO LOS TRES JUANES &#8211; Atarfe(GRANADA) <\/span> <span class=\"tachado_rojo\">6,00 \u20ac<\/span> &#8211; (16,67 % dto.) <span class=\"price-list\"> desde 5,00\u20ac<\/span><\/h3>\n<\/div>\n<div class=\"\" dir=\"auto\">\n<div id=\"jsc_c_8s\" class=\"ecm0bbzt hv4rvrfc ihqw7lf3 dati1w0a\" data-ad-comet-preview=\"message\" data-ad-preview=\"message\">\n<div class=\"j83agx80 cbu4d94t ew0dbk1b irj2b8pg\">\n<div class=\"qzhwtbm6 knvmm38d\">\n<div class=\"kvgmc6g5 cxmmr5t8 oygrvhab hcukyx3x c1et5uql ii04i59q\">\n<div dir=\"auto\">Grupo Apache es una formaci\u00f3n jiennense nacida en 1979 especializada en versionar grandes temas de la historia del pop-rock internacional. Con m\u00e1s de 35 a\u00f1os en la carretera, millones de kil\u00f3metros a sus espaldas y m\u00e1s de 3400 conciertos ofrecidos, probablemente sea uno de los grupos m\u00e1s activos del panorama musical espa\u00f1ol.<\/div>\n<div dir=\"auto\">\u00a0<\/div>\n<\/div>\n<div class=\"cxmmr5t8 oygrvhab hcukyx3x c1et5uql o9v6fnle ii04i59q\">\n<div dir=\"auto\">Su calidad incuestionable y su evidente profesionalidad consiguen que sea posible volver a escuchar con una energ\u00eda y una fidelidad sorprendentes temas de bandas tan legendarias como Pink Floyd, Police, Queen, Supertramp, REM, Rollings, Beatles, Led Zeppelin, Eric Clapton, ZZ Top, Simple Minds, Bruce Springsteen, David Bowie, Prince&#8230; y un largu\u00edsimo etc\u00e9tera que hace las delicias del p\u00fablico que asiste a sus electrizantes conciertos.<\/div>\n<\/div>\n<div class=\"cxmmr5t8 oygrvhab hcukyx3x c1et5uql o9v6fnle ii04i59q\">\n<div dir=\"auto\">\u00a0<\/div>\n<div dir=\"auto\"><strong>Fecha: 30 de julio de 2022<\/strong><\/div>\n<div dir=\"auto\">Hora: 22:30h.<\/div>\n<div dir=\"auto\">Apertura de puertas: 21:30h.<\/div>\n<div dir=\"auto\">Lugar: Paraje Natural de la Ermita de los Tres Juanes<\/div>\n<\/div>\n<div class=\"cxmmr5t8 oygrvhab hcukyx3x c1et5uql o9v6fnle ii04i59q\">\n<div dir=\"auto\">\n<p>Venta de entradas: Taquilla del Centro Cultural Medina Elvira y en la web de Giglon (<a class=\"oajrlxb2 g5ia77u1 qu0x051f esr5mh6w e9989ue4 r7d6kgcz rq0escxv nhd2j8a9 nc684nl6 p7hjln8o kvgmc6g5 cxmmr5t8 oygrvhab hcukyx3x jb3vyjys rz4wbd8a qt6c0cv9 a8nywdso i1ao9s8h esuyzwwr f1sip0of lzcic4wl gpro0wi8 py34i1dx\" tabindex=\"0\" role=\"link\" href=\"https:\/\/l.facebook.com\/l.php?u=http%3A%2F%2Fwww.giglon.com%2F%3Ffbclid%3DIwAR367vwYzXmAfgPKTu9ofSTEl3U1ktMxahKF1wXH1JRDZKmXlmt3A5z7QRg&amp;h=AT1ar_ugzJ8gs4KWnZxFcWUoFYvHfxlncxZHmHdRJJj5SCMGYr8pzMtSEsyotBBMDTQfwG3BowibGBMPw8MZjziiUkP0X9LfEYts9wjctl57bPJnPv7KIF4TBbVkupBXHA&amp;__tn__=-UK-R&amp;c[0]=AT1jeOVwStQZ4d_pgS02gB2cKDYcLotO9DEdsmLE8nnyfq16h2u0NYWCLSagTehknJ0SbrXg28DOBoh4WhRuw4QrezMgtNW3qk2XqdiT0MH14mIck3B0KVfuUiWtVmgAFzJGjkAubaWIhtLUdT_W7_fth3UEpUv39ZBqtpf8FeOSPb1AMUygNgcTtjDsGco0LgS_mw-YmA\" target=\"_blank\" rel=\"nofollow noopener\">www.giglon.com<\/a>)<\/p>\n<\/div>\n<\/div>\n<\/div>\n<\/div>\n<\/div>\n<\/div>\n<div>\n<div class=\"image-list-container\"><img decoding=\"async\" class=\"image-list\" src=\"https:\/\/www.giglon.com\/documents\/10180\/30003\/3-36492x1-th514.jpg\/42c23de1-4a46-4a69-839f-b1f4b02a9d3f?imageThumbnail=2\" \/><\/div>\n<div class=\"name-list-container\">\n<p>&nbsp;<\/p>\n<div id=\"banderola4\" class=\"image-cartel-info-list banderolaOferta\">\u00a0<\/div>\n<\/div>\n<\/div>\n<\/div>\n<\/div>\n<\/div>\n<\/div>\n<\/div>\n<\/div>\n<\/div>\n<\/section>\n<\/div>\n<\/div>\n<\/div>\n<\/div>\n<\/div>\n<\/div>\n<\/div>\n<div id=\"gigfooter\">\n<div id=\"cookies-adv\">\n<div>\u00a0<\/div>\n<\/div>\n<\/div>\n","protected":false},"excerpt":{"rendered":"<p>Los pr\u00f3ximos d\u00edas 8 y 9 de julio, viernes y s\u00e1bado respectivamente, el ciclo \u00abAtarfe&#8230;<\/p>\n","protected":false},"author":1,"featured_media":55547,"comment_status":"closed","ping_status":"closed","sticky":false,"template":"","format":"standard","meta":{"_coblocks_attr":"","_coblocks_dimensions":"","_coblocks_responsive_height":"","_coblocks_accordion_ie_support":"","jetpack_post_was_ever_published":false,"_jetpack_newsletter_access":"","_jetpack_dont_email_post_to_subs":false,"_jetpack_newsletter_tier_id":0,"_jetpack_memberships_contains_paywalled_content":false,"_jetpack_memberships_contains_paid_content":false,"footnotes":"","jetpack_publicize_message":"","jetpack_publicize_feature_enabled":true,"jetpack_social_post_already_shared":true,"jetpack_social_options":{"image_generator_settings":{"template":"highway","default_image_id":0,"enabled":false},"version":2}},"categories":[2,12,6916,1161,44,15],"tags":[81,1122],"class_list":["post-55544","post","type-post","status-publish","format-standard","has-post-thumbnail","hentry","category-atarfe","category-cultura","category-ayuntamiento-de-atarfe","category-ciudadania","category-noticias-de-hoy","category-ultimas-noticias","tag-atarfe","tag-conciertos"],"jetpack_publicize_connections":[],"jetpack_featured_media_url":"https:\/\/i0.wp.com\/miradordeatarfe.es\/wp-content\/uploads\/2022\/07\/timthumb.jpg?fit=660%2C330&ssl=1","jetpack_likes_enabled":true,"jetpack_sharing_enabled":true,"_links":{"self":[{"href":"https:\/\/miradordeatarfe.es\/index.php?rest_route=\/wp\/v2\/posts\/55544","targetHints":{"allow":["GET"]}}],"collection":[{"href":"https:\/\/miradordeatarfe.es\/index.php?rest_route=\/wp\/v2\/posts"}],"about":[{"href":"https:\/\/miradordeatarfe.es\/index.php?rest_route=\/wp\/v2\/types\/post"}],"author":[{"embeddable":true,"href":"https:\/\/miradordeatarfe.es\/index.php?rest_route=\/wp\/v2\/users\/1"}],"replies":[{"embeddable":true,"href":"https:\/\/miradordeatarfe.es\/index.php?rest_route=%2Fwp%2Fv2%2Fcomments&post=55544"}],"version-history":[{"count":2,"href":"https:\/\/miradordeatarfe.es\/index.php?rest_route=\/wp\/v2\/posts\/55544\/revisions"}],"predecessor-version":[{"id":55549,"href":"https:\/\/miradordeatarfe.es\/index.php?rest_route=\/wp\/v2\/posts\/55544\/revisions\/55549"}],"wp:featuredmedia":[{"embeddable":true,"href":"https:\/\/miradordeatarfe.es\/index.php?rest_route=\/wp\/v2\/media\/55547"}],"wp:attachment":[{"href":"https:\/\/miradordeatarfe.es\/index.php?rest_route=%2Fwp%2Fv2%2Fmedia&parent=55544"}],"wp:term":[{"taxonomy":"category","embeddable":true,"href":"https:\/\/miradordeatarfe.es\/index.php?rest_route=%2Fwp%2Fv2%2Fcategories&post=55544"},{"taxonomy":"post_tag","embeddable":true,"href":"https:\/\/miradordeatarfe.es\/index.php?rest_route=%2Fwp%2Fv2%2Ftags&post=55544"}],"curies":[{"name":"wp","href":"https:\/\/api.w.org\/{rel}","templated":true}]}}