{"id":55582,"date":"2022-07-14T10:36:33","date_gmt":"2022-07-14T08:36:33","guid":{"rendered":"https:\/\/miradordeatarfe.es\/?p=55582"},"modified":"2022-07-14T10:35:38","modified_gmt":"2022-07-14T08:35:38","slug":"atarfe-y-las-aguas-subterraneas-por-antonio-castillo-martin","status":"publish","type":"post","link":"https:\/\/miradordeatarfe.es\/?p=55582","title":{"rendered":"\u00abATARFE Y LAS AGUAS SUBTERRANEAS\u00bb por Antonio Castillo Mart\u00edn"},"content":{"rendered":"<h3 style=\"text-align: justify;\">Atarfe es uno de los 28 municipios que presentan parte de su t\u00e9rmino sobre el acu\u00edfero detr\u00edtico de la Vega de Granada. En su caso, su jurisdicci\u00f3n tambi\u00e9n abarca a la\u00a0 mayor parte de Sierra Elvira, un sistema acu\u00edfero k\u00e1rstico, independiente del anterior, aunque ambos est\u00e1n conectados hidr\u00e1ulicamente.<\/h3>\n<p style=\"text-align: justify;\">El resto de la superficie municipal se extiende ya sobre materiales, en general, poco permeables del relleno postorog\u00e9nico de la depresi\u00f3n de Granada. El acu\u00edfero de la Vega de Granada corresponde a un extenso y potente dep\u00f3sito de gravas y arenas de naturaleza aluvial, que se extiende a ambas m\u00e1rgenes del r\u00edo Genil, aproximadamente entre las poblaciones de Granada, al Este, y de L\u00e1char, al Oeste.<\/p>\n<p style=\"text-align: justify;\">Ocupa este dep\u00f3sito un \u00e1rea sensiblemente llana, de 200 km2 se superficie, siendo sus dimensiones de 22 km de longitud (en sentido Este-Oeste) por unos 8 km de<br \/>\nanchura media, con espesores cercanos a los 300 m en el sector central.<\/p>\n<p style=\"text-align: justify;\">Desde el punto de vista geol\u00f3gico, la Vega de Granada corresponde a una peque\u00f1a fosa, ubicada, a su vez, en el interior de la depresi\u00f3n postorog\u00e9nica de Granada, todo ello en el \u00e1mbito delas Cordilleras B\u00e9ticas. Desde el punto de vista hidrogr\u00e1fico, este sistema acu\u00edfero forma parte de la subcuenca del Alto Genil, perteneciente a la cuenca del Guadalquivir.<\/p>\n<p style=\"text-align: justify;\">Los recursos\u00a0 renovables medios se estiman en unos 180 hm3\/a\u00f1o (equivalentes a un caudal cercano a los 5.500 l\/s). Las aportaciones proceden, mayoritariamente, de la recarga de escorrent\u00edas superficiales y de la provocada a partir de los regad\u00edos; todas las aportaciones superficiales provienen de una cuenca vertiente pr\u00f3xima a los 2.900<br \/>\nkm2; por este concepto se calculan unos aportes medios del orden de 140 hm3\/a\u00f1o, valor que equivale a las 3\/4 partes de las aportaciones totales.<\/p>\n<p style=\"text-align: justify;\">El fuerte aumento de la explotaci\u00f3n de las aguas subterr\u00e1neas en estos \u00faltimos a\u00f1os de sequ\u00eda y, sobre todo, la dr\u00e1stica disminuci\u00f3n de la recarga con aguas superficiales, est\u00e1 provocando una sensible bajada de niveles y un progresivo agotamiento de los caudales de aliviadero del sistema. A pesar de todo, la cuant\u00eda de las reservas explotables, pr\u00f3ximas a los 1000 hm3, permite ser optimista sobre la recuperaci\u00f3n futura del sistema, en a\u00f1os pluviom\u00e9tricamente m\u00e1s h\u00famedos.<\/p>\n<p style=\"text-align: justify;\">Las aguas subterr\u00e1neas son de buena calidad en general. Relativamente locales y moderados son los procesos de enriquecimientos salinos naturales, as\u00ed como los procesos<br \/>\nde contaminaci\u00f3n. Entre estos \u00faltimos cabe resaltar, por su extensi\u00f3n, los originados por aportes fertilizantes, responsables del incremento en los contenidos de nitratos de las aguas; los plaguicidas, sin embargo, se mantienen en niveles muy bajos, al ser mayoritariamente retenidos y degradados en la franja no saturada. El riego con aguas residuales urbanas brutas, las fugas en redes de saneamiento, las evacuaciones a pozos negros y dem\u00e1s focos de vertidos org\u00e1nicos, constituyen otra fuente sensible de contaminaci\u00f3n, que se manifiesta en la existencia de una moderada y desigualmente repartida contaminaci\u00f3n microbiol\u00f3gica.<\/p>\n<p style=\"text-align: justify;\">La contaminaci\u00f3n industrial est\u00e1 poco extendida y es, salvo excepciones, poco relevante a nivel del acu\u00edfero dada la baja cuant\u00eda de vertidos t\u00f3xicos producidos. No obstante, son de destacar ciertos puntos de vertido, que en el futuro podr\u00edan ocasionar afecciones importantes a la calidad de las aguas. Ultimamente se vienen detectando, asimismo,<br \/>\nfugas de dep\u00f3sitos y vertidos de productos t\u00f3xicos a redes de saneamiento, lo cual puede llegar a suponer otro importante contratiempo a la calidad de estas aguas<br \/>\nsubterr\u00e1neas de la Vega de Granada.<\/p>\n<h3 style=\"text-align: justify;\">Acu\u00edferos<\/h3>\n<p style=\"text-align: justify;\">Las aguas de este acu\u00edfero presentan una salinidad promedio de 1g\/l, una dureza total del orden de 58\u00b0 F y facies bicarbonatadas c\u00e1lcicas. Como es natural, existen<br \/>\nnotables diferencias de calidad de unos sectores a otros. Las aguas de mejor calidad se localizan en la cabecera del acu\u00edfero, en el sector suroriental (C\u00e1jar, La Zubia,<br \/>\nDescenso a una de las cavidades existentes en Sierra Elvira Armilla, Churriana&#8230;), as\u00ed como bajo el cauce del r\u00edo Genil hasta llegar a Fuente Vaqueros.<\/p>\n<p style=\"text-align: justify;\"><a href=\"https:\/\/i0.wp.com\/miradordeatarfe.es\/wp-content\/uploads\/2022\/07\/IMG_20220708_113616-scaled.jpg?ssl=1\"><img data-recalc-dims=\"1\" loading=\"lazy\" decoding=\"async\" class=\"alignnone size-full wp-image-55584\" src=\"https:\/\/i0.wp.com\/miradordeatarfe.es\/wp-content\/uploads\/2022\/07\/IMG_20220708_113616-scaled.jpg?resize=640%2C1139&#038;ssl=1\" alt=\"\" width=\"640\" height=\"1139\" srcset=\"https:\/\/i0.wp.com\/miradordeatarfe.es\/wp-content\/uploads\/2022\/07\/IMG_20220708_113616-scaled.jpg?w=1439&amp;ssl=1 1439w, https:\/\/i0.wp.com\/miradordeatarfe.es\/wp-content\/uploads\/2022\/07\/IMG_20220708_113616-scaled.jpg?resize=169%2C300&amp;ssl=1 169w, https:\/\/i0.wp.com\/miradordeatarfe.es\/wp-content\/uploads\/2022\/07\/IMG_20220708_113616-scaled.jpg?resize=575%2C1024&amp;ssl=1 575w, https:\/\/i0.wp.com\/miradordeatarfe.es\/wp-content\/uploads\/2022\/07\/IMG_20220708_113616-scaled.jpg?resize=768%2C1367&amp;ssl=1 768w, https:\/\/i0.wp.com\/miradordeatarfe.es\/wp-content\/uploads\/2022\/07\/IMG_20220708_113616-scaled.jpg?resize=863%2C1536&amp;ssl=1 863w, https:\/\/i0.wp.com\/miradordeatarfe.es\/wp-content\/uploads\/2022\/07\/IMG_20220708_113616-scaled.jpg?resize=1151%2C2048&amp;ssl=1 1151w, https:\/\/i0.wp.com\/miradordeatarfe.es\/wp-content\/uploads\/2022\/07\/IMG_20220708_113616-scaled.jpg?resize=1320%2C2349&amp;ssl=1 1320w\" sizes=\"auto, (max-width: 640px) 100vw, 640px\" \/><\/a><\/p>\n<p style=\"text-align: justify;\">(Foto S.G.E.G.)<\/p>\n<p style=\"text-align: justify;\">Por el contrario, las aguas m\u00e1s mineralizadas se encuentran en sectores afectados por flujos procedentes de terrenos yes\u00edferos del entorno, como son, principalmente, las \u00e1reas de Sierra Elvira-Alitaje, Aeropuerto-Romilla-L\u00e1char y Maracena-Pulianillas.<\/p>\n<p style=\"text-align: justify;\">Atarfe presenta parte de su t\u00e9rmino, como se coment\u00f3 al principio de este art\u00edculo, en el sistema acu\u00edfero de la Vega de Granada. En concreto, ocupa parte del borde centroseptentrional; en esta localizaci\u00f3n existe un bajo espesor del relleno aluvial permeable, que presenta, adem\u00e1s, una alta fracci\u00f3n arcillosa. Todo ello resta productividad a las captaciones de aguas, sobre todo en comparaci\u00f3n con las obtenidas en otros sectores del acu\u00edfero. Los terrenos situados al Sur y Este del n\u00facleo urbano, como Los<br \/>\nTeatinos, La Vi\u00f1uela y hasta el ventorrillo de La Mosca, presentan condiciones relativamente desfavorables para la obtenci\u00f3n de buenos rendimientos. Hacia el Oeste<br \/>\nlas condiciones hidrogeol\u00f3gicas son mejores y, sobre todo, hacia el l\u00edmite Suroeste del t\u00e9rmino, en direcci\u00f3n al cortijo de Santo Domingo y las madres del Rao, donde<br \/>\nanta\u00f1o exist\u00edan unos importantes nacimientos de agua, hoy secos por los descensos de nivel.<\/p>\n<p style=\"text-align: justify;\">En este \u00e1rea, las potencias del relleno aluvial son mayores y los tramos de arenas y gravas est\u00e1n m\u00e1s limpios de arcilla. Las aguas subterr\u00e1neas del t\u00e9rmino municipal presentan una calidad algo inferior a la media del acu\u00edfero; ello es debido a la concurrencia de varios factores. El de mayor relevancia, posiblemente sea el ligado a la baja tasa de recarga superficial del sector nororiental del acu\u00edfero, aguas de excelente calidad en la Vega de Granada, que act\u00faan mejorando la calidad de las del acu\u00edfero. Otro<br \/>\nfactor condicionante es el moderado aporte de aguas procedentes de terrenos yes\u00edferos del entorno. Por lo que respecta a los procesos de contaminaci\u00f3n, el poco espesor de la franja no saturada en toda el \u00e1rea que se comenta resta eficacia a los procesos de autodepuraci\u00f3n natural si bien la mayor proporci\u00f3n de arcilla existente puede actuar en sentido opuesto, aumentando la retenci\u00f3n y filtraci\u00f3n de contaminantes y disminuyendo su velocidad de propagaci\u00f3n.<\/p>\n<p style=\"text-align: justify;\">Las aguas de mejor calidad se localizan en el extremo suroccidental del t\u00e9rmino, donde se dispone de aguas de 0,9 g\/l de salinidad, con una dureza total del orden de 50\u00ba F y facies bicarbonatada c\u00e1lcica, aptas para el abastecimiento humano.<\/p>\n<p style=\"text-align: justify;\">Dejamos el comentario a las aguas del acu\u00edfero de la Vega de Granada, para entrar en la prolongaci\u00f3n hac\u00eda el Norte del t\u00e9rmino municipal de Atarfe, introduci\u00e9ndonos as\u00ed en el sector central del acu\u00edfero de Sierra Elvira, de la que s\u00f3lo quedan fuera de su jurisdicci\u00f3n los extremos oriental (Albolote) y occidental (Pinos Puente).<\/p>\n<p style=\"text-align: justify;\">El acu\u00edfero de Sierra Elvira es de naturaleza carbonatada (calizas y dolom\u00edas) y debe su permeabilidad a la fracturaci\u00f3n y disoluci\u00f3n de sus rocas (karstificaci\u00f3n). Presenta dos afloramientos, conectados entre s\u00ed, el oriental, conocido por el de La Ermita de los Tres Juanes, de 2 km2 de superficie, y el occidental, llamado de Los Morrones, con 8 km2 de extensi\u00f3n.<\/p>\n<p style=\"text-align: justify;\">Los recursos renovables medios de este acu\u00edfero son muy modestos en relaci\u00f3n con los aludidos anteriormente para el de la Vega de Granada, estim\u00e1ndose en unos 6 hm3\/a\u00f1o. La mitad de ellos proceden de la recarga pluviom\u00e9trica sobre el sistema y la otra mitad, aproximadamente, de aportaciones profundas desde sistemas vecinos. Estas aportaciones profundas son las responsables del termalismo y alta mineralizaci\u00f3n de las aguas, lo que imprime a \u00e9stas un alto valor para balneoterapia y como aguas minero-medicina1es. Excelente ejemplo de ello es la explotaci\u00f3n de Los Ba\u00f1os de Sierra Elvira, cuyas aguas atesoran virtudes terap\u00e9uticas y una temperatura de emergencia estable a lo largo de todo el a\u00f1o de 32\u00ba C.<br \/>\nFormaciones calizas del Macizo Elvirense<\/p>\n<p style=\"text-align: justify;\">(Grupo espele\u00f3logos Granadinos)<\/p>\n<p>Este acu\u00edfero no presenta salidas visibles, produci\u00e9ndose la descarga de forma oculta hacia el sistema acu\u00edfero de la Vega de Granada. El bombeo de estas aguas calientes<br \/>\npara usos industriales y para su utilizaci\u00f3n en regad\u00edo ha provocado un continuado descenso de niveles, muy acusado desde el a\u00f1o 1991. Entendiendo que la mayor<br \/>\npotencialidad de estas aguas es la minero-medicinal y termal, deber\u00edan adecuarse medidas de compatibilizaci\u00f3n de todos los usos, permitiendo y garantizando un desarrollo sostenible de este tipo de aguas.<\/p>\n<p style=\"text-align: justify;\">Las aguas presentan una moderada calidad general, condicionada por la alta temperatura de emergencia, de 25 a 35\u00b0 C., y por su elevada salinidad, del orden de 2 g\/l. No<br \/>\nobstante, conviene aclarar que se trata de aguas todav\u00eda\u00a0 exentas de contaminaci\u00f3n, cuya mineralizaci\u00f3n es debida exclusivamente a procesos naturales. Las aguas son de<br \/>\nfacies sulfatadas c\u00e1lcicas, si bien presentan tambi\u00e9n altos contenidos relativos de cloruros, magnesio y sodio.<\/p>\n<p>FOTO:\u00a0 Formaciones calizas del Macizo Elvirense. (Grupo espele\u00f3logos Granadinos)<\/p>\n<p>Art\u00edculo editado por Corporaci\u00f3n de Medios de Andaluc\u00eda y el Ayuntamiento de Atarfe, coordinado por Jos\u00e9 Enrique Granados y tiene por nombre \u00abAtarfe en el papel\u00bb<\/p>\n","protected":false},"excerpt":{"rendered":"<p>Atarfe es uno de los 28 municipios que presentan parte de su t\u00e9rmino sobre el&#8230;<\/p>\n","protected":false},"author":1,"featured_media":55583,"comment_status":"closed","ping_status":"closed","sticky":false,"template":"","format":"standard","meta":{"_coblocks_attr":"","_coblocks_dimensions":"","_coblocks_responsive_height":"","_coblocks_accordion_ie_support":"","jetpack_post_was_ever_published":false,"_jetpack_newsletter_access":"","_jetpack_dont_email_post_to_subs":false,"_jetpack_newsletter_tier_id":0,"_jetpack_memberships_contains_paywalled_content":false,"_jetpack_memberships_contains_paid_content":false,"footnotes":"","jetpack_publicize_message":"","jetpack_publicize_feature_enabled":true,"jetpack_social_post_already_shared":false,"jetpack_social_options":{"image_generator_settings":{"template":"highway","default_image_id":0,"enabled":false},"version":2}},"categories":[2,7537,9,44,15],"tags":[2783,81,598],"class_list":["post-55582","post","type-post","status-publish","format-standard","has-post-thumbnail","hentry","category-atarfe","category-atarfe-en-papel-de-ideal","category-medio-ambiente","category-noticias-de-hoy","category-ultimas-noticias","tag-aguas-termales","tag-atarfe","tag-sierra-elvira"],"jetpack_publicize_connections":[],"jetpack_featured_media_url":"https:\/\/i0.wp.com\/miradordeatarfe.es\/wp-content\/uploads\/2022\/07\/IMG_20220708_113624-scaled.jpg?fit=2560%2C1439&ssl=1","jetpack_likes_enabled":true,"jetpack_sharing_enabled":true,"_links":{"self":[{"href":"https:\/\/miradordeatarfe.es\/index.php?rest_route=\/wp\/v2\/posts\/55582","targetHints":{"allow":["GET"]}}],"collection":[{"href":"https:\/\/miradordeatarfe.es\/index.php?rest_route=\/wp\/v2\/posts"}],"about":[{"href":"https:\/\/miradordeatarfe.es\/index.php?rest_route=\/wp\/v2\/types\/post"}],"author":[{"embeddable":true,"href":"https:\/\/miradordeatarfe.es\/index.php?rest_route=\/wp\/v2\/users\/1"}],"replies":[{"embeddable":true,"href":"https:\/\/miradordeatarfe.es\/index.php?rest_route=%2Fwp%2Fv2%2Fcomments&post=55582"}],"version-history":[{"count":2,"href":"https:\/\/miradordeatarfe.es\/index.php?rest_route=\/wp\/v2\/posts\/55582\/revisions"}],"predecessor-version":[{"id":55586,"href":"https:\/\/miradordeatarfe.es\/index.php?rest_route=\/wp\/v2\/posts\/55582\/revisions\/55586"}],"wp:featuredmedia":[{"embeddable":true,"href":"https:\/\/miradordeatarfe.es\/index.php?rest_route=\/wp\/v2\/media\/55583"}],"wp:attachment":[{"href":"https:\/\/miradordeatarfe.es\/index.php?rest_route=%2Fwp%2Fv2%2Fmedia&parent=55582"}],"wp:term":[{"taxonomy":"category","embeddable":true,"href":"https:\/\/miradordeatarfe.es\/index.php?rest_route=%2Fwp%2Fv2%2Fcategories&post=55582"},{"taxonomy":"post_tag","embeddable":true,"href":"https:\/\/miradordeatarfe.es\/index.php?rest_route=%2Fwp%2Fv2%2Ftags&post=55582"}],"curies":[{"name":"wp","href":"https:\/\/api.w.org\/{rel}","templated":true}]}}