{"id":5560,"date":"2015-12-26T16:44:22","date_gmt":"2015-12-26T16:44:22","guid":{"rendered":"http:\/\/miradordeatarfe.es\/?p=5560"},"modified":"2015-12-22T16:47:40","modified_gmt":"2015-12-22T16:47:40","slug":"la-ermita-de-los-tres-juanes-de-atarfe-por-jose-enrique-granados","status":"publish","type":"post","link":"https:\/\/miradordeatarfe.es\/?p=5560","title":{"rendered":"La Ermita de los Tres Juanes de Atarfe, por Jos\u00e9 Enrique Granados"},"content":{"rendered":"<p>El 16 de julio de 1945 el semanario \u201cLa Prensa\u201d publicaba un reportaje sobre la construcci\u00f3n de la ermita de los Tres Juanes por parte de Juan de Dios S\u00e1nchez Pozo. El titular dec\u00eda lo siguiente: \u201cEl santuario de los Tres San Juanes, de Atarte, ser\u00e1 inaugurado el a\u00f1o pr\u00f3ximo\u201d.<!--more--><\/p>\n<p>\u201cEn el cerro denominado &#8216;El Castillejo&#8217;, a 861 metros sobre el nivel del mar y 263 sobre Atarfe, en la cima en que antiguamente estuvo enclavado el castillo llamado &#8216;El Puntal&#8217;, donde se hicieron fuertes los moros en sus luchas con los cristianos en los tiempos precursores de la reconquista de Granada, est\u00e1 termin\u00e1ndose la construcci\u00f3n de un bello santuario, cuya fundaci\u00f3n se debe a la iniciativa de un hombre modesto cuya perseverancia en tan noble empresa es realmente digna de admiraci\u00f3n.<\/p>\n<p>Elevase la nueva ermita sobre el pico m\u00e1s oriental de Sierra Elvira desde donde se divisa un bello panorama abarc\u00e1ndose unos 56 pueblos y aldeas, Sierra Nevada con sus elevadas crestas del Veleta y el Mule-hacen, la Sierra de Alhama, y a la izquierda una vista incomparable de Granada; a la izquierda del camino que bordeando el cerro de referencia conduce al Cortijo de Marug\u00e1n y al pueblo de Caparacena, a dos kil\u00f3metros de distancia de Atarfe, y, por consiguiente, con f\u00e1ciles v\u00edas de comunicaci\u00f3n tanto por ferrocarril como por carretera y tranv\u00eda.<\/p>\n<p>El recinto de la edificaci\u00f3n lo constituye una superficie de veinte mil metros cuadrados adoptando la forma de un rect\u00e1ngulo de cien metros de lado por doscientos de profundidad y en ella se han efectuado las obras de relleno y urbanizaci\u00f3n necesarias para la debida conformaci\u00f3n del terreno habi\u00e9ndose practicado excavaciones y barrenado algunos lugares rocosos para producir hoyos y recubrirlos de tierra a fin de nivelar aquel accidentado paraje.<\/p>\n<p>El edificio mide 226 metros cuadrados de planta cubierta, 84 que corresponden al \u00e1tico, cuatro a la sacrist\u00eda y otros cuatro que se destinar\u00e1n a la guarda de los ornamentos sagrados, quedando para las capillas y fieles una superficie de m\u00e1s de cien metros. Tiene cuatro fachadas, dando la principal con puerta de dos hojas, frente al pueblo de Atarfe y queda, adem\u00e1s de la explanada principal, en los alrededores del templo, una extensi\u00f3n de cerca de 19.780 metros para aglomeraciones de fieles con motivo de romer\u00edas y celebraci\u00f3n de actos religiosos al aire libre.<\/p>\n<p>La edificaci\u00f3n, en forma de cruz se ha efectuado sobre la rasante del terreno con acceso por una amplia escalinata con pelda\u00f1os de piedra.<\/p>\n<p>A m\u00e1s de la capilla mayor, consta de dos capillas laterales con graciosos arcos de bloque de cemento, y su ornamentaci\u00f3n es de estilo bizantino, con art\u00edsticas vidrieras emplomadas en sus huecos. Los suelos, a\u00fan por terminar, son de baldos\u00edn hidr\u00e1ulico rosa y blanco, con adorno de cenefa, completando el decorado algunos trabajos de cerrajer\u00eda art\u00edstica y z\u00f3calos de 1,80 de altura, de estuco, imitando m\u00e1rmol. En el interior de la b\u00f3veda que cubre la Capilla Mayor figurar\u00e1n pinturas al fresco representando pasajes b\u00edblicos de San Juan Bautista.\u201d<\/p>\n<p>En la fotograf\u00eda, el impulsor de la construcci\u00f3n de la ermita junto a varias personas, en las escalinatas de acceso al pilar que abastec\u00eda de agua a la ermita.<\/p>\n<p>Curiosidades elvirenses.<\/p>\n","protected":false},"excerpt":{"rendered":"<p>El 16 de julio de 1945 el semanario \u201cLa Prensa\u201d publicaba un reportaje sobre la&#8230;<\/p>\n","protected":false},"author":1,"featured_media":5561,"comment_status":"closed","ping_status":"closed","sticky":false,"template":"","format":"standard","meta":{"_coblocks_attr":"","_coblocks_dimensions":"","_coblocks_responsive_height":"","_coblocks_accordion_ie_support":"","jetpack_post_was_ever_published":false,"_jetpack_newsletter_access":"","_jetpack_dont_email_post_to_subs":false,"_jetpack_newsletter_tier_id":0,"_jetpack_memberships_contains_paywalled_content":false,"_jetpack_memberships_contains_paid_content":false,"footnotes":"","jetpack_publicize_message":"","jetpack_publicize_feature_enabled":true,"jetpack_social_post_already_shared":false,"jetpack_social_options":{"image_generator_settings":{"template":"highway","default_image_id":0,"enabled":false},"version":2}},"categories":[2,1225,38,44,15],"tags":[81,719,1876],"class_list":["post-5560","post","type-post","status-publish","format-standard","has-post-thumbnail","hentry","category-atarfe","category-ha-de-atarfe","category-opinion-de-jose-enrique-granados","category-noticias-de-hoy","category-ultimas-noticias","tag-atarfe","tag-ermita","tag-los-tres-juanes"],"jetpack_publicize_connections":[],"jetpack_featured_media_url":"https:\/\/i0.wp.com\/miradordeatarfe.es\/wp-content\/uploads\/2015\/12\/12341084_924914380927911_3599018050853741203_n.jpg?fit=960%2C743&ssl=1","jetpack_likes_enabled":true,"jetpack_sharing_enabled":true,"_links":{"self":[{"href":"https:\/\/miradordeatarfe.es\/index.php?rest_route=\/wp\/v2\/posts\/5560","targetHints":{"allow":["GET"]}}],"collection":[{"href":"https:\/\/miradordeatarfe.es\/index.php?rest_route=\/wp\/v2\/posts"}],"about":[{"href":"https:\/\/miradordeatarfe.es\/index.php?rest_route=\/wp\/v2\/types\/post"}],"author":[{"embeddable":true,"href":"https:\/\/miradordeatarfe.es\/index.php?rest_route=\/wp\/v2\/users\/1"}],"replies":[{"embeddable":true,"href":"https:\/\/miradordeatarfe.es\/index.php?rest_route=%2Fwp%2Fv2%2Fcomments&post=5560"}],"version-history":[{"count":1,"href":"https:\/\/miradordeatarfe.es\/index.php?rest_route=\/wp\/v2\/posts\/5560\/revisions"}],"predecessor-version":[{"id":5562,"href":"https:\/\/miradordeatarfe.es\/index.php?rest_route=\/wp\/v2\/posts\/5560\/revisions\/5562"}],"wp:featuredmedia":[{"embeddable":true,"href":"https:\/\/miradordeatarfe.es\/index.php?rest_route=\/wp\/v2\/media\/5561"}],"wp:attachment":[{"href":"https:\/\/miradordeatarfe.es\/index.php?rest_route=%2Fwp%2Fv2%2Fmedia&parent=5560"}],"wp:term":[{"taxonomy":"category","embeddable":true,"href":"https:\/\/miradordeatarfe.es\/index.php?rest_route=%2Fwp%2Fv2%2Fcategories&post=5560"},{"taxonomy":"post_tag","embeddable":true,"href":"https:\/\/miradordeatarfe.es\/index.php?rest_route=%2Fwp%2Fv2%2Ftags&post=5560"}],"curies":[{"name":"wp","href":"https:\/\/api.w.org\/{rel}","templated":true}]}}