{"id":5563,"date":"2015-12-30T10:48:02","date_gmt":"2015-12-30T09:48:02","guid":{"rendered":"http:\/\/miradordeatarfe.es\/?p=5563"},"modified":"2020-06-26T13:06:35","modified_gmt":"2020-06-26T11:06:35","slug":"la-sequia-por-jose-enrique-granados","status":"publish","type":"post","link":"https:\/\/miradordeatarfe.es\/?p=5563","title":{"rendered":"LA SEQUIA por Jos\u00e9 Enrique Granados"},"content":{"rendered":"<p>La noticia que ilustra la Gacetilla de hoy contrasta con la extrema sequia que estamos padeciendo durante este oto\u00f1o. Y es que aunque algunos nieguen la evidencia, es m\u00e1s que palpable el cambio que est\u00e1 sufriendo el planeta. <!--more--><\/p>\n<p style=\"text-align: justify;\">Los problemas ambientales y socioecon\u00f3micos generados por el cambio global constituyen el desaf\u00edo m\u00e1s importante al que se enfrenta nuestra sociedad. La atm\u00f3sfera y los oc\u00e9anos se est\u00e1n calentando y las concentraciones de di\u00f3xido de carbono han aumentado <span class=\"text_exposed_show\">hasta niveles sin precedentes desde hace por lo menos 800.000 a\u00f1os. <\/span><\/p>\n<div class=\"text_exposed_show\">\n<p style=\"text-align: justify;\">La mayor\u00eda de los modelos clim\u00e1ticos pronostican para la cuenca mediterr\u00e1nea un aumento de la temperatura, una disminuci\u00f3n de las precipitaciones y un aumento general de la variabilidad clim\u00e1tica<\/p>\n<p style=\"text-align: justify;\">Hoy rescatamos en nuestra p\u00e1gina, las terribles inundaciones que sufri\u00f3 la provincia de Granada durante los a\u00f1os sesenta del siglo pasado. Cuando consultas la hemeroteca, continuamente aparecen estas noticias, sobre todo los a\u00f1os 1962 y 1963.<\/p>\n<p style=\"text-align: justify;\">Fueron quiz\u00e1 las lluvias de febrero de 1963 las que m\u00e1s da\u00f1o ocasionaron al conjunto de la provincia de Granada. En la Hoja del Lunes del 25 de febrero de 1963 podemos leer que los da\u00f1os ocasionados por estas fuertes lluvias ascendieron a m\u00e1s de mil millones de pesetas (1.102.167.362 pesetas)afectando a la agricultura, caminos rurales, acequias de riego, conducciones el\u00e9ctricas, viviendas, carreteras, obras y servicios, industrias, comercio y ganader\u00eda. Los da\u00f1os alcanzaron a m\u00e1s de cien pueblos, quedando sin trabajo cerca de 27.000 hombres.<\/p>\n<p style=\"text-align: justify;\">En la fotograf\u00eda damnificados atarfe\u00f1os por aquellas inundaciones. Hay que destacar que es en esta fecha donde contextualiza Justo Navarro su \u00faltima novela titulada \u201cGran Granada\u201d de la que Alberto Granados en el Mirador de Atarfe, hace una excelente cr\u00edtica.<\/p>\n<p style=\"text-align: justify;\">Curiosidades elvirenses.<\/p>\n<\/div>\n","protected":false},"excerpt":{"rendered":"<p>La noticia que ilustra la Gacetilla de hoy contrasta con la extrema sequia que estamos&#8230;<\/p>\n","protected":false},"author":1,"featured_media":5708,"comment_status":"closed","ping_status":"closed","sticky":false,"template":"","format":"standard","meta":{"_coblocks_attr":"","_coblocks_dimensions":"","_coblocks_responsive_height":"","_coblocks_accordion_ie_support":"","jetpack_post_was_ever_published":false,"_jetpack_newsletter_access":"","_jetpack_dont_email_post_to_subs":false,"_jetpack_newsletter_tier_id":0,"_jetpack_memberships_contains_paywalled_content":false,"_jetpack_memberships_contains_paid_content":false,"footnotes":"","jetpack_publicize_message":"","jetpack_publicize_feature_enabled":true,"jetpack_social_post_already_shared":false,"jetpack_social_options":{"image_generator_settings":{"template":"highway","default_image_id":0,"enabled":false},"version":2}},"categories":[2,1225,38,44,15],"tags":[1878,1112,1877],"class_list":["post-5563","post","type-post","status-publish","format-standard","has-post-thumbnail","hentry","category-atarfe","category-ha-de-atarfe","category-opinion-de-jose-enrique-granados","category-noticias-de-hoy","category-ultimas-noticias","tag-agricultura","tag-lluvia","tag-sequia"],"jetpack_publicize_connections":[],"jetpack_featured_media_url":"https:\/\/i0.wp.com\/miradordeatarfe.es\/wp-content\/uploads\/2015\/12\/gra-pantano-575x323.jpg?fit=575%2C323&ssl=1","jetpack_likes_enabled":true,"jetpack_sharing_enabled":true,"_links":{"self":[{"href":"https:\/\/miradordeatarfe.es\/index.php?rest_route=\/wp\/v2\/posts\/5563","targetHints":{"allow":["GET"]}}],"collection":[{"href":"https:\/\/miradordeatarfe.es\/index.php?rest_route=\/wp\/v2\/posts"}],"about":[{"href":"https:\/\/miradordeatarfe.es\/index.php?rest_route=\/wp\/v2\/types\/post"}],"author":[{"embeddable":true,"href":"https:\/\/miradordeatarfe.es\/index.php?rest_route=\/wp\/v2\/users\/1"}],"replies":[{"embeddable":true,"href":"https:\/\/miradordeatarfe.es\/index.php?rest_route=%2Fwp%2Fv2%2Fcomments&post=5563"}],"version-history":[{"count":1,"href":"https:\/\/miradordeatarfe.es\/index.php?rest_route=\/wp\/v2\/posts\/5563\/revisions"}],"predecessor-version":[{"id":5564,"href":"https:\/\/miradordeatarfe.es\/index.php?rest_route=\/wp\/v2\/posts\/5563\/revisions\/5564"}],"wp:featuredmedia":[{"embeddable":true,"href":"https:\/\/miradordeatarfe.es\/index.php?rest_route=\/wp\/v2\/media\/5708"}],"wp:attachment":[{"href":"https:\/\/miradordeatarfe.es\/index.php?rest_route=%2Fwp%2Fv2%2Fmedia&parent=5563"}],"wp:term":[{"taxonomy":"category","embeddable":true,"href":"https:\/\/miradordeatarfe.es\/index.php?rest_route=%2Fwp%2Fv2%2Fcategories&post=5563"},{"taxonomy":"post_tag","embeddable":true,"href":"https:\/\/miradordeatarfe.es\/index.php?rest_route=%2Fwp%2Fv2%2Ftags&post=5563"}],"curies":[{"name":"wp","href":"https:\/\/api.w.org\/{rel}","templated":true}]}}