{"id":55650,"date":"2022-07-14T09:44:13","date_gmt":"2022-07-14T07:44:13","guid":{"rendered":"https:\/\/miradordeatarfe.es\/?p=55650"},"modified":"2022-07-14T09:44:13","modified_gmt":"2022-07-14T07:44:13","slug":"los-seniors-los-mas-concienciados-con-el-reciclaje-en-el-hogar","status":"publish","type":"post","link":"https:\/\/miradordeatarfe.es\/?p=55650","title":{"rendered":"Los seniors, los m\u00e1s concienciados con el reciclaje en el hogar"},"content":{"rendered":"<div class=\"press__body\">\n<div>\n<ul>\n<li>\n<h3 style=\"text-align: justify;\">El 84,9% de los adultos mayores de 55 a\u00f1os asegura tener distintos espacios en el hogar destinados a la separaci\u00f3n de los residuos.<\/h3>\n<\/li>\n<\/ul>\n<p style=\"text-align: justify;\">Adem\u00e1s, teniendo en cuenta la unidad familiar, las familias numerosas formadas por cinco o m\u00e1s miembros son las m\u00e1s comprometidas con el reciclaje de envases (86,7%). En general, el 82,9% de los encuestados, declaran tener, de media, 3 cubos, bolsas o espacios en casa para reciclar, destinando uno de ellos a los envases de pl\u00e1stico, metal y briks, los que van al contenedor amarillo.<\/p>\n<\/div>\n<\/div>\n<div class=\"press__main_text\">\n<div>\n<p style=\"text-align: justify;\">Prueba de ello es que, seg\u00fan el estudio <em>\u201cH\u00e1bitos de la Poblaci\u00f3n Espa\u00f1ola ante el reciclaje\u201d<\/em>, realizado por Instituto Catchment para Ecoembes, <strong>el 82,9% de los encuestados<\/strong> declara disponer de un espacio en su casa para depositar los envases en el cubo amarillo (envases de pl\u00e1stico, latas y briks). Una cifra que no ha dejado de crecer en los \u00faltimos a\u00f1os ya que, en 2015, eran un 72,5% los que afirmaban reciclar a diario. As\u00ed, los hogares espa\u00f1oles cuentan <strong>con una media de tres cubos o bolsas <\/strong>(m\u00e1s concretamente, 3,2), en los que separar los residuos y darles una segunda vida a trav\u00e9s del reciclaje.<\/p>\n<p style=\"text-align: justify;\">Atendiendo a razones sociol\u00f3gicas, el informe refleja que la separaci\u00f3n de residuos es un h\u00e1bito muy extendido en todas las franjas de edad, con diferencias en funci\u00f3n de la comunidad aut\u00f3noma. Sin embargo, el ejemplo en materia de reciclaje lo dan <strong>los adultos mayores de 55 a\u00f1os (84,9%),<\/strong> demostrando que llevan a\u00f1os poniendo en pr\u00e1ctica este gesto. A continuaci\u00f3n, se sit\u00faan los adultos de entre 35 y 54 a\u00f1os (82,5%), y los j\u00f3venes de 16 a 24 a\u00f1os (81,9%). A la cola, aunque con una mayor\u00eda recicladora, se encuentran la franja de ciudadanos de 26 a 34 a\u00f1os, con un 78,1% de recicladores habituales.<\/p>\n<p style=\"text-align: justify;\"><em>\u201cLos resultados de este estudio son un reflejo de c\u00f3mo el reciclaje es un h\u00e1bito que lleva ya muchos a\u00f1os asentado en la sociedad espa\u00f1ola y con el que los ciudadanos ponen en pr\u00e1ctica su compromiso ambiental. Estos datos nos permiten mirar al futuro con ilusi\u00f3n y optimismo, y nos empujan a seguir trabajando para dar pasos en firme hacia la econom\u00eda circular, apostando por el reciclaje para hacer de nuestro planeta un mundo mejor\u201d, <\/em>ha se\u00f1alado Nieves Rey, directora de Comunicaci\u00f3n y Marketing de Ecoembes.<\/p>\n<p style=\"text-align: justify;\">En cuanto al grupo social m\u00e1s concienciado con el reciclaje, <strong>los solteros son el colectivo m\u00e1s comprometido <\/strong>con la separaci\u00f3n de residuos dom\u00e9sticos (83,9%), seguidos muy de cerca por los casados (83,2%) y los viudos (83,1%). Por otro lado, teniendo en cuenta la unidad familiar, las formadas por <strong>cinco o m\u00e1s miembros<\/strong> son las m\u00e1s comprometidas (86,7% frente al 82,9% de media).<\/p>\n<p style=\"text-align: justify;\">Respecto al g\u00e9nero, las mujeres se encuentran unos puntos por encima de los hombres. En concreto, el 84,7% de las mujeres espa\u00f1olas asegura tener en sus hogares m\u00e1s de un espacio en casa para separar y tirar los residuos, y uno de ellos destinado al contenedor amarillo. Una cifra que en el caso de los hombres se sit\u00faa en el 81%.<\/p>\n<p style=\"text-align: justify;\">Los resultados del estudio tambi\u00e9n concluyen que la sociedad cada vez tiene menos dudas a la hora de depositar los residuos en el contenedor adecuado. As\u00ed, el <strong>90% de los encuestados<\/strong> dicen tener claro los del contenedor azul. En el caso del amarillo, los ciudadanos identifican m\u00e1s claramente con este contenedor las <strong>botellas de pl\u00e1stico, las tarrinas, las latas y los envoltorios de pl\u00e1stico<\/strong>, mientras que hay otros residuos, como los aerosoles y las bandejas de corcho blanco, que tambi\u00e9n deben depositarse en este contenedor, pero que todav\u00eda generan dudas.<\/p>\n<p>FOTO: ECOEMBES<\/p>\n<p>https:\/\/www.ecoembes.com\/es\/los-seniors-los-mas-concienciados-reciclaje-hogar<\/p>\n<\/div>\n<\/div>\n","protected":false},"excerpt":{"rendered":"<p>El 84,9% de los adultos mayores de 55 a\u00f1os asegura tener distintos espacios en el&#8230;<\/p>\n","protected":false},"author":1,"featured_media":55651,"comment_status":"closed","ping_status":"closed","sticky":false,"template":"","format":"standard","meta":{"_coblocks_attr":"","_coblocks_dimensions":"","_coblocks_responsive_height":"","_coblocks_accordion_ie_support":"","jetpack_post_was_ever_published":false,"_jetpack_newsletter_access":"","_jetpack_dont_email_post_to_subs":false,"_jetpack_newsletter_tier_id":0,"_jetpack_memberships_contains_paywalled_content":false,"_jetpack_memberships_contains_paid_content":false,"footnotes":"","jetpack_publicize_message":"","jetpack_publicize_feature_enabled":true,"jetpack_social_post_already_shared":true,"jetpack_social_options":{"image_generator_settings":{"template":"highway","default_image_id":0,"enabled":false},"version":2}},"categories":[7725,1161,44,6937,15,10],"tags":[6663,6561,2705],"class_list":["post-55650","post","type-post","status-publish","format-standard","has-post-thumbnail","hentry","category-atarfe-sostenible","category-ciudadania","category-noticias-de-hoy","category-sociedad","category-ultimas-noticias","category-salud","tag-hogar","tag-personas-mayores","tag-reciclaje"],"jetpack_publicize_connections":[],"jetpack_featured_media_url":"https:\/\/i0.wp.com\/miradordeatarfe.es\/wp-content\/uploads\/2022\/07\/Ecoembes-2.jpg?fit=960%2C395&ssl=1","jetpack_likes_enabled":true,"jetpack_sharing_enabled":true,"_links":{"self":[{"href":"https:\/\/miradordeatarfe.es\/index.php?rest_route=\/wp\/v2\/posts\/55650","targetHints":{"allow":["GET"]}}],"collection":[{"href":"https:\/\/miradordeatarfe.es\/index.php?rest_route=\/wp\/v2\/posts"}],"about":[{"href":"https:\/\/miradordeatarfe.es\/index.php?rest_route=\/wp\/v2\/types\/post"}],"author":[{"embeddable":true,"href":"https:\/\/miradordeatarfe.es\/index.php?rest_route=\/wp\/v2\/users\/1"}],"replies":[{"embeddable":true,"href":"https:\/\/miradordeatarfe.es\/index.php?rest_route=%2Fwp%2Fv2%2Fcomments&post=55650"}],"version-history":[{"count":1,"href":"https:\/\/miradordeatarfe.es\/index.php?rest_route=\/wp\/v2\/posts\/55650\/revisions"}],"predecessor-version":[{"id":55652,"href":"https:\/\/miradordeatarfe.es\/index.php?rest_route=\/wp\/v2\/posts\/55650\/revisions\/55652"}],"wp:featuredmedia":[{"embeddable":true,"href":"https:\/\/miradordeatarfe.es\/index.php?rest_route=\/wp\/v2\/media\/55651"}],"wp:attachment":[{"href":"https:\/\/miradordeatarfe.es\/index.php?rest_route=%2Fwp%2Fv2%2Fmedia&parent=55650"}],"wp:term":[{"taxonomy":"category","embeddable":true,"href":"https:\/\/miradordeatarfe.es\/index.php?rest_route=%2Fwp%2Fv2%2Fcategories&post=55650"},{"taxonomy":"post_tag","embeddable":true,"href":"https:\/\/miradordeatarfe.es\/index.php?rest_route=%2Fwp%2Fv2%2Ftags&post=55650"}],"curies":[{"name":"wp","href":"https:\/\/api.w.org\/{rel}","templated":true}]}}