{"id":55653,"date":"2022-07-15T09:10:05","date_gmt":"2022-07-15T07:10:05","guid":{"rendered":"https:\/\/miradordeatarfe.es\/?p=55653"},"modified":"2022-07-15T09:43:53","modified_gmt":"2022-07-15T07:43:53","slug":"que-han-hecho-los-romanos-por-nosotros","status":"publish","type":"post","link":"https:\/\/miradordeatarfe.es\/?p=55653","title":{"rendered":"\u00bfQu\u00e9 han hecho los romanos por nosotros?"},"content":{"rendered":"<div class=\"fn-post fn-singular\">\n<article class=\"post-95710 post type-post status-publish format-standard hentry category-opinion\">\n<div class=\"entry-body\">\n<h3 style=\"text-align: justify;\">En la genial pel\u00edcula \u00abLa vida de Brian\u00bb, de los no menos geniales Monty Python, el l\u00edder del Frente Popular de Judea, se preguntaba en uno de los concili\u00e1bulos de la Jerusal\u00e9n del a\u00f1o 33: \u00bfQu\u00e9 han hecho los romanos por nosotros?<\/h3>\n<p style=\"text-align: justify;\">Tras un corto silencio, uno de los presentes respond\u00eda:<\/p>\n<p style=\"text-align: justify;\">\u00ab\u2013 El acueducto.<\/p>\n<p style=\"text-align: justify;\">\u2013Ah s\u00ed s\u00ed, eso s\u00ed nos lo han dado.<\/p>\n<p style=\"text-align: justify;\">\u2013Y el alcantarillado.<\/p>\n<p style=\"text-align: justify;\">\u2013S\u00ed, de acuerdo, reconozco que el acueducto y el alcantarillado nos los han dado los romanos.<\/p>\n<p style=\"text-align: justify;\">\u2013Y las carreteras.<\/p>\n<p style=\"text-align: justify;\">\u2013Evidentemente las carreteras, eso no hay ni que mencionarlo, hombre. Pero aparte del alcantarillado, el acueducto y las carreteras\u2026<\/p>\n<p style=\"text-align: justify;\">\u2013La irrigaci\u00f3n, la sanidad, la ense\u00f1anza, el vino, los ba\u00f1os p\u00fablicos, el orden p\u00fablico.<\/p>\n<p style=\"text-align: justify;\">\u2013Bueno, pero aparte del alcantarillado, la sanidad, la ense\u00f1anza, el vino, el orden p\u00fablico, la irrigaci\u00f3n, las carreteras y los ba\u00f1os p\u00fablicos, \u00bfqu\u00e9 han hecho los romanos por nosotros?\u00bb.<\/p>\n<p style=\"text-align: justify;\">Bromas aparte, algo parecido es lo que parece que est\u00e1 ocurriendo en estos tiempos l\u00edquidos, en los que tras lidiar contra una pandemia, con la erupci\u00f3n de un volc\u00e1n, con Filomena, con una guerra en territorio Europeo \u00a0y contra el acoso y derribo de la oligarqu\u00eda econ\u00f3micamente, financiera, empresarial y medi\u00e1tica de este pa\u00eds, el Gobierno de Pedro S\u00e1nchez, se asemeja cada vez m\u00e1s a los romanos de Poncio Pilatos, mientras el Frente Popular de Judea y el Frente Judaico Popular, siglas bajo las que se agrupa la derecha y la ultraderecha patria y, lo que es peor, miles de ciudadanos mileuristas desclasados y desnortados, se preguntan a diario: \u00bfQu\u00e9 han hecho los romanos por nosotros\u00bb, o mejor dicho. \u00bfQu\u00e9 ha hecho el Gobierno por nosotros?<\/p>\n<p style=\"text-align: justify;\">El brutal desgaste a que est\u00e1 siendo sometido este Gobierno desde el frente pol\u00edtico, econ\u00f3mico, judicial y medi\u00e1tico, no puede ocultar una m\u00e1s que notable tarea legislativa, cosechada con la dificultad a\u00f1adida de tenerla que sacar adelante con dificil\u00edsimos equilibrios, fruto de su debilidad parlamentaria.<\/p>\n<p style=\"text-align: justify;\">Pero adem\u00e1s de un importante n\u00famero de leyes, la sociedad espa\u00f1ola le debe a los \u00abromanos\u00bb del Gobierno, que esa actividad legislativa se haya caracterizado por un extraordinario componente social, articulando desde el Parlamento todo un escudo que ha protegido empleos e ingresos de millones de espa\u00f1oles, que con toda seguridad se hubieran evaporado de haber sido otro el color gubernamental, como bien recordar\u00e1n todos los damnificados por las medidas de los gobiernos del PP durante la \u00faltima crisis que tritur\u00f3 empleos, ahorros, viviendas y la autoestima de todo un pa\u00eds que, seg\u00fan quienes despu\u00e9s han sido condenados por m\u00faltiples delitos econ\u00f3micos, viv\u00eda por encima de sus posibilidades.<\/p>\n<p style=\"text-align: justify;\">Los \u00abromanos\u00bb del Gobierno han elevado el salario m\u00ednimo interprofesional un 33,5 por ciento y aunque seg\u00fan los profetas del Apocalipsis, esa subida iba a suponer una dr\u00e1stica destrucci\u00f3n de empleo, mes tras mes se baten los records de contrataci\u00f3n, gracias tambi\u00e9n a otra de las cosas que han hecho los \u00abromanos\u00bb, como es la reforma laboral, que limita la contrataci\u00f3n temporal y ha conseguido las mayores cifras de empleo indefinido y de cotizantes a la seguridad social de nuestra historia.<\/p>\n<p style=\"text-align: justify;\">Pero tambi\u00e9n estos \u00abmalvados\u00bb romanos del Gobierno, han puesto en marcha el Ingreso M\u00ednimo Vital, que permite que decenas de miles de familias no tengan que ponerse a mendigar y puedan sobrevivir con unas m\u00ednimas condiciones de dignidad, que el Frente Judaico Popular vot\u00f3 sin demasiado entusiasmo, m\u00e1s por el qu\u00e9 dir\u00e1n, que por convencimiento de que era una medida de justicia elemental.<\/p>\n<p style=\"text-align: justify;\">Si seguimos pregunt\u00e1ndonos que m\u00e1s han hecho por nosotros los \u00abromanos\u00bb de Pedro S\u00e1nchez, podr\u00edamos a\u00f1adir que da tranquilidad a m\u00e1s de nueve millones de pensionistas que saben que aunque la inflaci\u00f3n siga desbocada, no ver\u00e1n mermado su poder adquisitivo, ya que sus pagas se incrementar\u00e1n en la misma medida que haya subido el coste de la vida. Si no estuvi\u00e9ramos gobernados por estos \u00abromanos\u00bb, esos pensionistas ser\u00edan al acabar este a\u00f1o un 10 por ciento m\u00e1s pobres, ya que en tiempos del proc\u00f3nsul Rajoy, sus pensiones se actualizaban con un m\u00edsero 0,25% anual.<\/p>\n<p style=\"text-align: justify;\">En mitad de una brutal pandemia que desplom\u00f3 nuestra actividad econ\u00f3mica a niveles de la guerra civil, los \u00abromanos\u00bb del Gobierno, fueron capaces de articular el milagro de los ERTEs y los cr\u00e9ditos ICO, que salvaron millones de empleos y decenas de miles de empresas, que con las pol\u00edticas austericidas empleadas por el Gobierno de Mariano Rajoy en la anterior crisis, llevar\u00edan a\u00f1os criando malvas.<\/p>\n<p style=\"text-align: justify;\">Pero no contentos con ello, los malvados \u00abromanos\u00bb han conseguido la segunda mayor cifra de fondos europeos para la reconstrucci\u00f3n de todos los concedidos por la UE, a pesar de que las arteras maniobras del Frente Popular de Judea, versi\u00f3n PP, para boicotear la consecuci\u00f3n de esos fondos, porque como ya dijo uno de sus centuriones, no importa que Espa\u00f1a caiga \u00abque ya la levantaremos nosotros\u00bb.<\/p>\n<p style=\"text-align: justify;\">Esos mismos romanos a los que la carcundia de este pa\u00eds ha negado el pan y la sal desde el primer d\u00eda, actuando como aut\u00e9nticos felones antipatriotas, son quienes han conseguido el record de vacunaciones contra la COVID en el mundo occidental, aunque el l\u00edder del Frente Judaico Popular, vaticin\u00f3 que necestar\u00edamos cuatro a\u00f1os para hacerlo. A d\u00eda de hoy se han administrado 107 millones de dosis y se han vacunado m\u00e1s de 40,6 millones de espa\u00f1oles, lo que supone el 85,7% de la poblaci\u00f3n.<\/p>\n<p style=\"text-align: justify;\">A los\u00bbromanos\u00bb tambi\u00e9n les debemos la Ley de Muerte Digna, que nos permite decidir nuestra muerte asistida de todos los alivios y cuidados paliativos m\u00e9dicos adecuados, as\u00ed como con todos los consuelos humanos posible, evitando el <a href=\"https:\/\/es.wikipedia.org\/wiki\/Sufrimiento\">sufrimiento<\/a> y manteniendo el <a href=\"https:\/\/es.wikipedia.org\/wiki\/Control\">contro<\/a>l y la autonom\u00eda, \u00a0conservando nuestra <a href=\"https:\/\/es.wikipedia.org\/wiki\/Dignidad\">dignidad<\/a> y libertad hasta el final de la existencia.<\/p>\n<p style=\"text-align: justify;\">Pero es que adem\u00e1s, estos romanos bolivarianos y bilduetarras han hecho posible que las 400.000 empleadas de hogar, dadas de alta como tales, puedan cobrar el paro desde este mismo mes de julio, cosa que no ocurr\u00eda en los tiempos del Frente de Liberaci\u00f3n de Judea.<\/p>\n<p style=\"text-align: justify;\">A pesar de todo lo anterior, desde esa confederaci\u00f3n judaica popular, integrada por las derechas patrias y sus terminales jur\u00eddicas, econ\u00f3micas y medi\u00e1ticas, se siguen preguntando, \u00bfqu\u00e9 han hecho los romanos por Espa\u00f1a? adem\u00e1s de los ERTE, los ICO, los Fondos Europeos, la subida del salario m\u00ednimo, el ingreso m\u00ednimo vital, la revalorizaci\u00f3n de las pensiones, la reforma laboral, el record de vacunaciones contra la Covid, el de empleo y el de cotizantes a la seguridad social, o la ley de muerte digna\u2026 Pues bien, podr\u00edamos a\u00f1adir que la Ley de la Vivienda, que limita la subida indiscriminada del precio de los alquileres; la Ley de Educaci\u00f3n, que bate records de becas a quienes m\u00e1s las necesitan y no a familias que ingresan m\u00e1s de 100.000 euros anuales; la Ley de Protecci\u00f3n a la Infancia, la Ley de Bienestar Animal, o la Ley de Cambio Clim\u00e1tico.<\/p>\n<p style=\"text-align: justify;\">Es posible que los \u00abromanos\u00bb del Gobierno hubieran podido hacer algo m\u00e1s por nosotros, pero lo que es seguro es que si el Gobierno hubiera estado en manos del Frente Popular de Judea, a estas horas el G\u00f3lgota estar\u00eda atestado de las cruces de nuestros pensionistas, de nuestros enfermos, de nuestros estudiantes, de nuestros trabajadores y del lucero del alba\u2026 \u00a1Hay que joderse con estos romanos!.<\/p>\n<div class=\"crumbs\"><a class=\"breadcrumb-item\" href=\"https:\/\/www.lavozdegranada.info\/category\/opinion\/\"><span class=\"breadcrumb-item-text\">El Club de La Opini\u00f3n<\/span><\/a><\/div>\n<div class=\"entry-meta\"><a class=\"entry-author hcard fn\" href=\"https:\/\/www.lavozdegranada.info\/author\/agustin-martinez\/\" target=\"_blank\" rel=\"noopener\"><i class=\"fa fa-user-circle-o\"><\/i> Agust\u00edn Mart\u00ednez<\/a><a class=\"entry-date updated\" href=\"https:\/\/www.lavozdegranada.info\/que-han-hecho-los-romanos-por-nosotros\/\">7 julio, 2022 5:50 am<\/a><a class=\"entry-comment-count\" href=\"https:\/\/www.lavozdegranada.info\/que-han-hecho-los-romanos-por-nosotros\/#comments\"><i class=\"fa fa-comment-o\"><\/i> 0<\/a><\/div>\n<\/div>\n<\/article>\n<\/div>\n<p>&nbsp;<\/p>\n","protected":false},"excerpt":{"rendered":"<p>En la genial pel\u00edcula \u00abLa vida de Brian\u00bb, de los no menos geniales Monty Python,&#8230;<\/p>\n","protected":false},"author":1,"featured_media":55654,"comment_status":"closed","ping_status":"closed","sticky":false,"template":"","format":"standard","meta":{"_coblocks_attr":"","_coblocks_dimensions":"","_coblocks_responsive_height":"","_coblocks_accordion_ie_support":"","jetpack_post_was_ever_published":false,"_jetpack_newsletter_access":"","_jetpack_dont_email_post_to_subs":false,"_jetpack_newsletter_tier_id":0,"_jetpack_memberships_contains_paywalled_content":false,"_jetpack_memberships_contains_paid_content":false,"footnotes":"","jetpack_publicize_message":"","jetpack_publicize_feature_enabled":true,"jetpack_social_post_already_shared":false,"jetpack_social_options":{"image_generator_settings":{"template":"highway","default_image_id":0,"enabled":false},"version":2}},"categories":[1161,44,7671,6937,15],"tags":[725,6933],"class_list":["post-55653","post","type-post","status-publish","format-standard","has-post-thumbnail","hentry","category-ciudadania","category-noticias-de-hoy","category-politica","category-sociedad","category-ultimas-noticias","tag-espana","tag-gobierno-de-coalicion"],"jetpack_publicize_connections":[],"jetpack_featured_media_url":"https:\/\/i0.wp.com\/miradordeatarfe.es\/wp-content\/uploads\/2022\/07\/gobierno-coalicion-foto-familia-tomada-pasadas-navidades_98.webp?fit=1900%2C1069&ssl=1","jetpack_likes_enabled":true,"jetpack_sharing_enabled":true,"_links":{"self":[{"href":"https:\/\/miradordeatarfe.es\/index.php?rest_route=\/wp\/v2\/posts\/55653","targetHints":{"allow":["GET"]}}],"collection":[{"href":"https:\/\/miradordeatarfe.es\/index.php?rest_route=\/wp\/v2\/posts"}],"about":[{"href":"https:\/\/miradordeatarfe.es\/index.php?rest_route=\/wp\/v2\/types\/post"}],"author":[{"embeddable":true,"href":"https:\/\/miradordeatarfe.es\/index.php?rest_route=\/wp\/v2\/users\/1"}],"replies":[{"embeddable":true,"href":"https:\/\/miradordeatarfe.es\/index.php?rest_route=%2Fwp%2Fv2%2Fcomments&post=55653"}],"version-history":[{"count":2,"href":"https:\/\/miradordeatarfe.es\/index.php?rest_route=\/wp\/v2\/posts\/55653\/revisions"}],"predecessor-version":[{"id":55656,"href":"https:\/\/miradordeatarfe.es\/index.php?rest_route=\/wp\/v2\/posts\/55653\/revisions\/55656"}],"wp:featuredmedia":[{"embeddable":true,"href":"https:\/\/miradordeatarfe.es\/index.php?rest_route=\/wp\/v2\/media\/55654"}],"wp:attachment":[{"href":"https:\/\/miradordeatarfe.es\/index.php?rest_route=%2Fwp%2Fv2%2Fmedia&parent=55653"}],"wp:term":[{"taxonomy":"category","embeddable":true,"href":"https:\/\/miradordeatarfe.es\/index.php?rest_route=%2Fwp%2Fv2%2Fcategories&post=55653"},{"taxonomy":"post_tag","embeddable":true,"href":"https:\/\/miradordeatarfe.es\/index.php?rest_route=%2Fwp%2Fv2%2Ftags&post=55653"}],"curies":[{"name":"wp","href":"https:\/\/api.w.org\/{rel}","templated":true}]}}