{"id":5567,"date":"2015-12-26T18:04:20","date_gmt":"2015-12-26T18:04:20","guid":{"rendered":"http:\/\/miradordeatarfe.es\/?p=5567"},"modified":"2015-12-22T18:11:40","modified_gmt":"2015-12-22T18:11:40","slug":"un-sistema-inservible","status":"publish","type":"post","link":"https:\/\/miradordeatarfe.es\/?p=5567","title":{"rendered":"Un sistema inservible"},"content":{"rendered":"<div class=\"col col--5\/12--md\">\n<div class=\"col__content intro-content\">\n<p>El sistema mundial de protecci\u00f3n de las personas refugiadas est\u00e1 inservible. Es evidente en todas partes, desde Australia hasta los enormes campos de acogida de Sud\u00e1n del Sur, pasando por las fr\u00edas calles de Estambul o los muros fuertemente fortificados de la Uni\u00f3n Europea.<\/p>\n<p><!--more--><\/p>\n<p>En todo el mundo, 19,5 millones de personas se han visto obligadas a buscar refugio fuera de su pa\u00eds. Los gobiernos tienen el deber de ayudarlas. Pero los pa\u00edses m\u00e1s ricos siguen tratando a las personas refugiadas como si fueran un problema de otros.<\/p>\n<p>Escondidos tras sus fronteras cerradas y temerosos de verse \u00abinundados\u00bb, permiten por conveniencia que otros pa\u00edses m\u00e1s pobres, principalmente de Oriente Medio, \u00c1frica y el sur de Asia, acojan a un incre\u00edble 86 por ciento de todas las personas refugiadas.<\/p>\n<p>Adem\u00e1s, haciendo caso omiso de la mayor\u00eda de las peticiones de ayuda humanitaria, dejan a los organismos de la ONU tan en bancarrota que ni siquiera pueden ya proporcionar alimentaci\u00f3n suficiente a muchas personas refugiadas.<\/p>\n<p>Esta situaci\u00f3n tiene que cambiar ya. Amnist\u00eda presenta ocho soluciones para que los l\u00edderes mundiales, en particular los pa\u00edses m\u00e1s ricos, puedan comenzar a atajar juntos esta <a href=\"https:\/\/www.amnesty.org\/es\/latest\/news\/2015\/10\/global-refugee-crisis-by-the-numbers\/\">ingente crisis humanitaria<\/a>.<\/p>\n<\/div>\n<\/div>\n<p>&nbsp;<\/p>\n<div class=\"key-facts--horizontal has-bg\">\n<h2 class=\"key-facts__title heading--spacer\">La crisis mundial de refugiados en cifras<\/h2>\n<div class=\"key-facts__grid\">\n<div class=\"key-facts__col--responsive key-facts__col--responsive--cols-3 key-facts__col--centered\">\n<p class=\"key-facts__description\">19,5 millones Personas refugiadas actualmente en todo el mundo<\/p>\n<\/div>\n<div class=\"key-facts__col--responsive key-facts__col--responsive--cols-3 key-facts__col--centered\">\n<p class=\"key-facts__description\">1,45 millones Personas refugiadas vulnerables que necesitar\u00e1n ser reasentadas al final de 2017<\/p>\n<\/div>\n<div class=\"key-facts__col--responsive key-facts__col--responsive--cols-3 key-facts__col--centered\">\n<p class=\"key-facts__description\">86 %\u00a0 Porcentaje de personas refugiadas acogidas en pa\u00edses en desarrollo<\/p>\n<div class=\"grid\">\n<div class=\"col col--5\/12--md\">\n<div class=\"col__content wysiwyg\">\n<h2>Ocho maneras de solucionar la crisis<\/h2>\n<p><strong>1.<\/strong> Una soluci\u00f3n importante es abrir <a href=\"https:\/\/www.amnesty.org\/es\/latest\/campaigns\/2015\/09\/what-can-europe-do-to-welcome-refugees\/\"><strong>rutas sin riesgos a un lugar seguro<\/strong><\/a> a las personas refugiadas. Este medida supone permitir que las personas se re\u00fanan con sus familiares y proporcionarles visados para que no tengan que gastar los ahorros de toda su vida ni que arriesgarse a morir ahogadas para llegar a un lugar seguro.<\/p>\n<p><strong>2.<\/strong> Tambi\u00e9n supone <strong>reasentar<\/strong> a todas las personas refugiadas que lo necesiten. El reasentamiento es una soluci\u00f3n esencial para la mayor\u00eda de las personas refugiadas m\u00e1s vulnerables, como las supervivientes de tortura y las que sufren problemas m\u00e9dicos graves.<\/p>\n<p>Ahora mismo necesitan con urgencia esta ayuda vital 1,15 millones de personas. Pero de momento, las naciones m\u00e1s ricas del mundo se ofrecen a reasentar a menos del 10 por ciento al a\u00f1o. Amnist\u00eda Internacional calcula que al final de 2017 necesitar\u00e1n reasentamiento 1,45 millones de personas refugiadas.<\/p>\n<h2>Salvar vidas<\/h2>\n<p><strong>3.<\/strong> Los l\u00edderes mundiales deben tambi\u00e9n dar prioridad a salvar vidas. Nadie deber\u00eda haber muerto cruzando una frontera; sin embargo, casi 7.000 personas se ahogaron en el Mediterr\u00e1neo s\u00f3lo en los a\u00f1os transcurridos desde que se produjo el primer gran naufragio en octubre de 2013.<\/p>\n<p>En mayo de 2015, miles de personas que hu\u00edan de la persecuci\u00f3n en Myanmar estuvieron sufriendo durante semanas a bordo de barcos, mientras Tailandia, Malasia e Indonesia discut\u00edan sobre qui\u00e9n deb\u00eda ayudarlas.<\/p>\n<div class=\"grid\">\n<div class=\"col col--5\/12--md\">\n<div class=\"col__content wysiwyg\">\n<p>Los Estados deben poner fin a estas situaciones invirtiendo en operaciones de b\u00fasqueda y salvamento y prestando de inmediato ayuda a las personas en dificultades.<\/p>\n<p><strong>4.<\/strong> Adem\u00e1s, viajen por tierra o por mar, a las personas que huyen de situaciones de persecuci\u00f3n o de guerras se les debe permitir cruzar las fronteras tengan o no documentos de viaje. Obligarlas a retroceder y levantar vallas colosales no hace m\u00e1s que forzar a las personas a tomar rutas m\u00e1s peligrosos en busca de seguridad.<\/p>\n<div class=\"container--full-bleed-padded\">\n<div class=\"grid\">\n<div class=\"col col--5\/12--md\">\n<div class=\"col__content wysiwyg\">\n<h2>Poner fin al tr\u00e1fico y al racismo<\/h2>\n<p><strong>5.<\/strong> Todos los pa\u00edses deben<strong> investigar y<\/strong> <strong>enjuiciar a las bandas de <\/strong><strong>traficantes<\/strong> que explotan a las personas refugiadas y migrantes, y poner la seguridad de las personas por encima de todo lo dem\u00e1s.\u00a0Amnist\u00eda estuvo recientemente con supervivientes en el Sudeste Asi\u00e1tico que contaron que los traficantes mataban a las personas en los barcos cuando sus familias no pod\u00edan pagar el rescate. A otras las arrojaban al mar y dejaban que se ahogaran, y otras mor\u00edan por falta de comida y agua.<\/p>\n<p><strong>6.<\/strong> Los gobiernos deben tambi\u00e9n dejar de culpar a las personas refugiadas y migrantes de sus problemas econ\u00f3micos y sociales y, en lugar de ello, <strong>combatir todas las clases de xenofobia y discriminaci\u00f3n racial<\/strong>. No hacerlo es totalmente injusto, fomenta las tensiones y el miedo a los extranjeros y, a veces, da lugar a violencia, e incluso a muertes.<\/p>\n<p>En Durban, Sud\u00e1frica, al menos cuatro personas murieron, muchas m\u00e1s resultaron heridas de gravedad y m\u00e1s de un millar, en su mayor\u00eda refugiados burundeses y congoleses, se vieron obligas a huir tras la violencia y los saqueos que estallaron en abril y mayo de 2015.<\/p>\n<p><strong>7.<\/strong> \u201cEn bancarrota\u201d, as\u00ed es c\u00f3mo Antonio Guterres, alto comisionado de las Naciones Unidas para los Refugiados, dijo que estaban los organismos de la ONU en septiembre de 2015. Sencillamente, los pa\u00edses ricos no cumplen sus elevadas promesas de proporcionar fondos para la ayuda a las personas refugiadas allende sus fronteras.<\/p>\n<p>Por ejemplo, la ONU ha recibido menos de la mitad de los fondos que necesita para ayudar a los cuatro millones de personas refugiadas de Siria. Debido a ello, el 80 por ciento de las personas refugiadas que viven fuera de los campos en Jordania se est\u00e1n viendo obligadas ahora a aceptar trabajos peligrosos y degradantes o a poner a sus hijos a mendigar.<\/p>\n<p>A la crisis olvidada de personas refugiadas de Sud\u00e1n del Sur se ha destinado s\u00f3lo un miserable 18 por ciento de los fondos precisos para necesidades absolutamente b\u00e1sicas como los alimentos y las medicinas.<\/p>\n<p>La gente muere mientras los gobiernos gastan miles de millones en controlar las fronteras. Cuando los ricos pa\u00edses del Grupo de los 20 se re\u00fanan en Turqu\u00eda en noviembre, todos los ojos estar\u00e1n puestos en ellos para ver si <strong>garantizan todos los fondos para las crisis de <\/strong><\/p>\n<div class=\"container--full-bleed-padded\">\n<div class=\"grid\">\n<div class=\"col col--5\/12--md\">\n<div class=\"col__content wysiwyg\">\n<h2>El asilo es un derecho humano<\/h2>\n<p><strong>8.<\/strong> El mundo tiene muy poca memoria. Tras la Segunda Guerra Mundial, la mayor\u00eda de los pa\u00edses acordaron proteger a las personas refugiadas por medio de la Convenci\u00f3n sobre el Estatuto de los Refugiados de 1951 y de organismos de la ONU como ACNUR.<\/p>\n<p>Las vallas de alambre de espino y la falta cr\u00f3nica de fondos han hecho a\u00f1icos esa visi\u00f3n de un mundo mejor. Al hacer caso omiso de las se\u00f1ales de aviso, los l\u00edderes mundiales han permitido que se produzca una inmensa crisis humanitaria global. A la larga, se resolver\u00e1 poniendo fin a los conflictos y la persecuci\u00f3n que obligan a las personas a huir.<\/p>\n<p>Pero nadie sabe cu\u00e1ndo ocurrir\u00e1 esto. Mientras tanto, necesitamos soluciones radicales, un liderazgo visionario y una cooperaci\u00f3n global a una escala no vista en 70 a\u00f1os, y ello pasa por establecer <strong>sistemas s\u00f3lidos de atenci\u00f3n a las personas refugiadas<\/strong>: permitirles solicitar asilo, tratar sus solicitudes con justicia, reasentar a las m\u00e1s vulnerables y atender necesidades b\u00e1sicas como la educaci\u00f3n y la atenci\u00f3n de la salud.<\/p>\n<p>Ninguna de estas ocho soluciones son imposibles de lograr si los pol\u00edticos escuchan a los millones de ciudadanos y ciudadanas que est\u00e1n dando la bienvenida a las personas refugiadas y ponen la solidaridad y la compasi\u00f3n por encima de la mezquina discusi\u00f3n sobre qui\u00e9n debe acoger a unos cuantos miles de estas personas.<\/p>\n<\/div>\n<\/div>\n<\/div>\n<\/div>\n<div class=\"image-block--shaded\">\n<div class=\"responsive--bg lazyloaded\" data-bgset=\"\/remote.axd\/amnestysgprdasset.blob.core.windows.net\/media\/10777\/217604_refugeeswelcome_week_of_actions.jpg?center=0.5%2c0.5&amp;preset=fixed_1472_42, \/remote.axd\/amnestysgprdasset.blob.core.windows.net\/media\/10777\/217604_refugeeswelcome_week_of_actions.jpg?center=0.5%2c0.5&amp;preset=fixed_1472_42_hi 2x [(min-width: 1272px)] | \/remote.axd\/amnestysgprdasset.blob.core.windows.net\/media\/10777\/217604_refugeeswelcome_week_of_actions.jpg?center=0.5%2c0.5&amp;preset=fixed_1224_52, \/remote.axd\/amnestysgprdasset.blob.core.windows.net\/media\/10777\/217604_refugeeswelcome_week_of_actions.jpg?center=0.5%2c0.5&amp;preset=fixed_1224_52_hi 2x [(min-width: 1040px)] | \/remote.axd\/amnestysgprdasset.blob.core.windows.net\/media\/10777\/217604_refugeeswelcome_week_of_actions.jpg?center=0.5%2c0.5&amp;preset=fixed_1039_62, \/remote.axd\/amnestysgprdasset.blob.core.windows.net\/media\/10777\/217604_refugeeswelcome_week_of_actions.jpg?center=0.5%2c0.5&amp;preset=fixed_1039_62_hi 2x [(min-width: 840px)] | \/remote.axd\/amnestysgprdasset.blob.core.windows.net\/media\/10777\/217604_refugeeswelcome_week_of_actions.jpg?center=0.5%2c0.5&amp;preset=fixed_839_72, \/remote.axd\/amnestysgprdasset.blob.core.windows.net\/media\/10777\/217604_refugeeswelcome_week_of_actions.jpg?center=0.5%2c0.5&amp;preset=fixed_839_72_hi 2x [(min-width: 640px)] | \/remote.axd\/amnestysgprdasset.blob.core.windows.net\/media\/10777\/217604_refugeeswelcome_week_of_actions.jpg?center=0.5%2c0.5&amp;preset=fixed_639_82, \/remote.axd\/amnestysgprdasset.blob.core.windows.net\/media\/10777\/217604_refugeeswelcome_week_of_actions.jpg?center=0.5%2c0.5&amp;preset=fixed_639_82_hi 2x [(min-width: 480px)] | \/remote.axd\/amnestysgprdasset.blob.core.windows.net\/media\/10777\/217604_refugeeswelcome_week_of_actions.jpg?center=0.5%2c0.5&amp;preset=fixed_479_122, \/remote.axd\/amnestysgprdasset.blob.core.windows.net\/media\/10777\/217604_refugeeswelcome_week_of_actions.jpg?center=0.5%2c0.5&amp;preset=fixed_479_122_hi 2x [(min-width: 346px)] | \/remote.axd\/amnestysgprdasset.blob.core.windows.net\/media\/10777\/217604_refugeeswelcome_week_of_actions.jpg?center=0.5%2c0.5&amp;preset=fixed_345_152, \/remote.axd\/amnestysgprdasset.blob.core.windows.net\/media\/10777\/217604_refugeeswelcome_week_of_actions.jpg?center=0.5%2c0.5&amp;preset=fixed_345_152_hi 2x\"><\/div>\n<p><span class=\"credits credits--header\">\u00a9 Amnesty International<\/span><\/div>\n<\/div>\n<\/div>\n<\/div>\n<\/div>\n<div class=\"image-block\"><\/div>\n<\/div>\n<\/div>\n<\/div>\n<\/div>\n<\/div>\n<\/div>\n<\/div>\n<\/div>\n<\/div>\n","protected":false},"excerpt":{"rendered":"<p>El sistema mundial de protecci\u00f3n de las personas refugiadas est\u00e1 inservible. Es evidente en todas&#8230;<\/p>\n","protected":false},"author":1,"featured_media":5568,"comment_status":"closed","ping_status":"closed","sticky":false,"template":"","format":"standard","meta":{"_coblocks_attr":"","_coblocks_dimensions":"","_coblocks_responsive_height":"","_coblocks_accordion_ie_support":"","jetpack_post_was_ever_published":false,"_jetpack_newsletter_access":"","_jetpack_dont_email_post_to_subs":false,"_jetpack_newsletter_tier_id":0,"_jetpack_memberships_contains_paywalled_content":false,"_jetpack_memberships_contains_paid_content":false,"footnotes":"","jetpack_publicize_message":"","jetpack_publicize_feature_enabled":true,"jetpack_social_post_already_shared":false,"jetpack_social_options":{"image_generator_settings":{"template":"highway","default_image_id":0,"enabled":false},"version":2}},"categories":[1161,44,15],"tags":[1837,1500,679,1136],"class_list":["post-5567","post","type-post","status-publish","format-standard","has-post-thumbnail","hentry","category-ciudadania","category-noticias-de-hoy","category-ultimas-noticias","tag-asilo","tag-medicinas","tag-refugiados","tag-siria"],"jetpack_publicize_connections":[],"jetpack_featured_media_url":"https:\/\/i0.wp.com\/miradordeatarfe.es\/wp-content\/uploads\/2015\/12\/210954_thailand-seasia-migrants.jpg?fit=401%2C286&ssl=1","jetpack_likes_enabled":true,"jetpack_sharing_enabled":true,"_links":{"self":[{"href":"https:\/\/miradordeatarfe.es\/index.php?rest_route=\/wp\/v2\/posts\/5567","targetHints":{"allow":["GET"]}}],"collection":[{"href":"https:\/\/miradordeatarfe.es\/index.php?rest_route=\/wp\/v2\/posts"}],"about":[{"href":"https:\/\/miradordeatarfe.es\/index.php?rest_route=\/wp\/v2\/types\/post"}],"author":[{"embeddable":true,"href":"https:\/\/miradordeatarfe.es\/index.php?rest_route=\/wp\/v2\/users\/1"}],"replies":[{"embeddable":true,"href":"https:\/\/miradordeatarfe.es\/index.php?rest_route=%2Fwp%2Fv2%2Fcomments&post=5567"}],"version-history":[{"count":1,"href":"https:\/\/miradordeatarfe.es\/index.php?rest_route=\/wp\/v2\/posts\/5567\/revisions"}],"predecessor-version":[{"id":5569,"href":"https:\/\/miradordeatarfe.es\/index.php?rest_route=\/wp\/v2\/posts\/5567\/revisions\/5569"}],"wp:featuredmedia":[{"embeddable":true,"href":"https:\/\/miradordeatarfe.es\/index.php?rest_route=\/wp\/v2\/media\/5568"}],"wp:attachment":[{"href":"https:\/\/miradordeatarfe.es\/index.php?rest_route=%2Fwp%2Fv2%2Fmedia&parent=5567"}],"wp:term":[{"taxonomy":"category","embeddable":true,"href":"https:\/\/miradordeatarfe.es\/index.php?rest_route=%2Fwp%2Fv2%2Fcategories&post=5567"},{"taxonomy":"post_tag","embeddable":true,"href":"https:\/\/miradordeatarfe.es\/index.php?rest_route=%2Fwp%2Fv2%2Ftags&post=5567"}],"curies":[{"name":"wp","href":"https:\/\/api.w.org\/{rel}","templated":true}]}}