{"id":55674,"date":"2022-07-19T10:41:20","date_gmt":"2022-07-19T08:41:20","guid":{"rendered":"https:\/\/miradordeatarfe.es\/?p=55674"},"modified":"2022-07-18T13:45:20","modified_gmt":"2022-07-18T11:45:20","slug":"yolanda-quiere-sumar-por-remedios-sanchez","status":"publish","type":"post","link":"https:\/\/miradordeatarfe.es\/?p=55674","title":{"rendered":"\u00abYOLANDA QUIERE SUMAR\u00bb por Remedios S\u00e1nchez"},"content":{"rendered":"<h3 style=\"text-align: justify;\">\u2018Sumar\u2019\u00a0 resulta una reelaboraci\u00f3n del malogrado movimiento asambleario del que surgi\u00f3 Pablo Iglesias y ya se ha visto c\u00f3mo termin\u00f3 por convertirse en un partido con los mismos vicios de los dem\u00e1s.<\/h3>\n<p style=\"text-align: justify;\">Este a\u00f1o es imposible hacer un an\u00e1lisis del Debate del Estado de la Naci\u00f3n porque es sabido que siempre los gana el Presidente del Gobierno, sea el que sea. Ni que Bildu o Esquerra Republicana (performance vergonzante de Rufi\u00e1n incluida) apoyen a S\u00e1nchez, ni la metedura de pata en el homenaje a Miguel \u00c1ngel Blanco calificando de \u201cpa\u00eds\u201d a la comunidad aut\u00f3noma vasca ni la inflaci\u00f3n galopante y globalizada han hecho mella en un gobierno que entr\u00f3 con mala cara y sali\u00f3 con una sonrisa y fortalecido tras el giro a la izquierda del PSOE para no molestar m\u00e1s de lo imprescindible a Unidas Podemos. \u00a0Y mientras esto suced\u00eda, el PP se desesperaba ante la incapacidad de Cuca Gamarra de adaptarse al giro estrat\u00e9gico- discursivo de S\u00e1nchez. La riojana lleg\u00f3 con el discurso escrito de casa (eso es un error de primero de pol\u00edtica) \u00a0y, tal fue su desconcierto, que fue incapaz de adaptarlo a lo que estaba sucediendo, evidenciando una torpeza que la inhabilita paras estos menesteres. Lo cual que, lo mismo que Moreno Bonilla triunf\u00f3 en Andaluc\u00eda por incomparecencia del contrario, S\u00e1nchez gan\u00f3 -y se gust\u00f3, como acostumbra- en la carrera se San Jer\u00f3nimo por lo mismo, mientras Feij\u00f3o ejerc\u00eda de juez de tenis sin voz ni voto y seguramente pensando en los ajustes que debe hacer a\u00fan en su estructura interna.<\/p>\n<p style=\"text-align: justify;\">Pero la protagonista, la diva\/divina de la semana ha sido Yolanda D\u00edaz que, aparte de ejercer de vicepresidenta serena y verso suelto, est\u00e1 tratando de refundar \u2018Podemos\u2019 sin que se le encolericen m\u00e1s de lo imprescindible los tiralevitas que la aceptaron como sucesora designada de Pablo en el partido violeta. D\u00edaz est\u00e1 tratando de salvar los or\u00edgenes de lo que verdaderamente fue \u2018Podemos\u2019 buscando preservarlos para \u2018Sumar\u2019, donde la clave -para ella- reside en escuchar a la gente. Y precisamente porque excluy\u00f3 a Echenique, Belarra y Montero la cosa le sali\u00f3 bien aprior\u00edsticamente y junt\u00f3 (con cuarenta grados a la sombra) a 5000 personas en este proceso de \u201cescucha activa\u201d, que es como se denomina eufem\u00edsticamente a intentar labrarse una imagen diferente de los colegas de bancada, a visibilizarse como \u201clo nuevo\u201d aunque se venga de heredar lo viejo. A m\u00ed, Yolanda y su inocencia me inspiran mucha ternura porque es como aquellos hippies de los sesenta: que pretend\u00edan arreglar el mundo con paz, sonrisas y amor mientras ca\u00edan las bombas en Vietnam. Hoy D\u00edaz y sus seguidores contin\u00faan sin asumir que estamos rodeados del capitalismo desaforado y que el porvenir no se decide desde La Moncloa. Lo marcan grupos de presi\u00f3n internacional y los trajeados del IBEX`35. Y la funci\u00f3n primordial del gobernante eficaz es tener la suficiente pericia para que los de arriba y los de abajo mantengan un equilibrio razonable sin que se percate ninguno de que se les tiene tomada la medida, adem\u00e1s.<\/p>\n<p style=\"text-align: justify;\">El problema de \u2018Sumar\u2019 es que resulta una reelaboraci\u00f3n del malogrado movimiento asambleario del que surgi\u00f3 Pablo Iglesias y ya se ha visto c\u00f3mo termin\u00f3 por convertirse en un partido con los mismos vicios de los dem\u00e1s. Si se a\u00f1ade que al proyecto de Yolanda D\u00edaz le falta contundencia y le sobra buenismo para sobrevivir (ahora que ha quedado claro que la pol\u00edtica es una selva donde los compa\u00f1eros son m\u00e1s peligrosos incluso que los contrincantes) el futuro pinta regular. Por eso dif\u00edcilmente le saldr\u00e1n las cuentas.<\/p>\n<p style=\"text-align: justify;\">\u00a0<\/p>\n","protected":false},"excerpt":{"rendered":"<p>\u2018Sumar\u2019\u00a0 resulta una reelaboraci\u00f3n del malogrado movimiento asambleario del que surgi\u00f3 Pablo Iglesias y ya&#8230;<\/p>\n","protected":false},"author":1,"featured_media":55675,"comment_status":"closed","ping_status":"closed","sticky":false,"template":"","format":"standard","meta":{"_coblocks_attr":"","_coblocks_dimensions":"","_coblocks_responsive_height":"","_coblocks_accordion_ie_support":"","jetpack_post_was_ever_published":false,"_jetpack_newsletter_access":"","_jetpack_dont_email_post_to_subs":false,"_jetpack_newsletter_tier_id":0,"_jetpack_memberships_contains_paywalled_content":false,"_jetpack_memberships_contains_paid_content":false,"footnotes":"","jetpack_publicize_message":"","jetpack_publicize_feature_enabled":true,"jetpack_social_post_already_shared":true,"jetpack_social_options":{"image_generator_settings":{"template":"highway","default_image_id":0,"enabled":false},"version":2}},"categories":[1161,44,7671,6914,15],"tags":[42,9438,9439],"class_list":["post-55674","post","type-post","status-publish","format-standard","has-post-thumbnail","hentry","category-ciudadania","category-noticias-de-hoy","category-politica","category-opinion-de-reme-sanchez","category-ultimas-noticias","tag-politica","tag-sumar","tag-yolanda-diaz"],"jetpack_publicize_connections":[],"jetpack_featured_media_url":"https:\/\/i0.wp.com\/miradordeatarfe.es\/wp-content\/uploads\/2022\/07\/sumar.jpeg?fit=1920%2C1080&ssl=1","jetpack_likes_enabled":true,"jetpack_sharing_enabled":true,"_links":{"self":[{"href":"https:\/\/miradordeatarfe.es\/index.php?rest_route=\/wp\/v2\/posts\/55674","targetHints":{"allow":["GET"]}}],"collection":[{"href":"https:\/\/miradordeatarfe.es\/index.php?rest_route=\/wp\/v2\/posts"}],"about":[{"href":"https:\/\/miradordeatarfe.es\/index.php?rest_route=\/wp\/v2\/types\/post"}],"author":[{"embeddable":true,"href":"https:\/\/miradordeatarfe.es\/index.php?rest_route=\/wp\/v2\/users\/1"}],"replies":[{"embeddable":true,"href":"https:\/\/miradordeatarfe.es\/index.php?rest_route=%2Fwp%2Fv2%2Fcomments&post=55674"}],"version-history":[{"count":1,"href":"https:\/\/miradordeatarfe.es\/index.php?rest_route=\/wp\/v2\/posts\/55674\/revisions"}],"predecessor-version":[{"id":55676,"href":"https:\/\/miradordeatarfe.es\/index.php?rest_route=\/wp\/v2\/posts\/55674\/revisions\/55676"}],"wp:featuredmedia":[{"embeddable":true,"href":"https:\/\/miradordeatarfe.es\/index.php?rest_route=\/wp\/v2\/media\/55675"}],"wp:attachment":[{"href":"https:\/\/miradordeatarfe.es\/index.php?rest_route=%2Fwp%2Fv2%2Fmedia&parent=55674"}],"wp:term":[{"taxonomy":"category","embeddable":true,"href":"https:\/\/miradordeatarfe.es\/index.php?rest_route=%2Fwp%2Fv2%2Fcategories&post=55674"},{"taxonomy":"post_tag","embeddable":true,"href":"https:\/\/miradordeatarfe.es\/index.php?rest_route=%2Fwp%2Fv2%2Ftags&post=55674"}],"curies":[{"name":"wp","href":"https:\/\/api.w.org\/{rel}","templated":true}]}}