{"id":55677,"date":"2022-07-22T12:14:56","date_gmt":"2022-07-22T10:14:56","guid":{"rendered":"https:\/\/miradordeatarfe.es\/?p=55677"},"modified":"2022-07-22T12:14:56","modified_gmt":"2022-07-22T10:14:56","slug":"pregon-de-fiestas-patronales-2022-atarfe-por-juan-de-dios-fernandez-galvez","status":"publish","type":"post","link":"https:\/\/miradordeatarfe.es\/?p=55677","title":{"rendered":"\u00abPREG\u00d3N DE FIESTAS PATRONALES 2022. ATARFE\u00bb por Juan de Dios Fern\u00e1ndez G\u00e1lvez"},"content":{"rendered":"<p style=\"text-align: justify;\">SALUDO<\/p>\n<p style=\"text-align: justify;\">A vosotras, Atarfe\u00f1as y Atarfe\u00f1os, a las personas que nos visit\u00e1is, qu\u00e9 ten\u00e9is ganas, muchas ganas, de empezar las fiestas, pero como amantes de la cultura, que est\u00e1is esta noche aqu\u00ed para o\u00edr el preg\u00f3n, para profundizar en la historia de nuestro pueblo, en una palabra, hab\u00e9is venido a disfrutar y aprender. Tengo la plena seguridad de que las cervezas y de despu\u00e9s no ha influido nada para vuestra presencia aqu\u00ed.<\/p>\n<p style=\"text-align: justify;\">A la Corporaci\u00f3n Municipal y al Equipo de gobierno, por tener a bien invitarme a dar el preg\u00f3n, es un honor y una gran responsabilidad. GRACIAS.<\/p>\n<p style=\"text-align: justify;\">Tambi\u00e9n quiero tener presente en este momento a muchos atarfe\u00f1os y atarfe\u00f1as que viven fuera, que emigraron por cuestiones laborales, que viven estas fechas desde la lejan\u00eda y la a\u00f1oranza. Para hacernos una idea de estas vivencias, voy a leer parte de un poema de mi gran amigo Paco Rajoy Varela (Paco el de Vitorino el barbero) que vive en Palma de Mallorca.<\/p>\n<p style=\"text-align: justify;\">Recuerdos de d\u00edas de verano,<br \/>\nEra julio, por Santa Ana y Santiago.<br \/>\nMa\u00f1anas de luz radiante, de azul intenso<br \/>\nEstruendo de cohetes, bruma de p\u00f3lvora en el cielo.<br \/>\nDiana floreada de cornetas y tambores.<br \/>\n\u2026<br \/>\nDe alegr\u00eda y colores se vest\u00eda la ma\u00f1ana.<br \/>\nTardes de carreras de cintas, de sacos y de cuca\u00f1as.<br \/>\nTardes calurosas de futbol y tiro al plato.<br \/>\nTardes de siestas, de dulce sue\u00f1o de verano.<br \/>\nEn una era, de carros rodeada,<br \/>\ntarde de toros en plaza improvisada.<br \/>\n\u2026<br \/>\nCaballito de la infancia en columpios de ilusiones.<br \/>\nVerbenas con orquestas en la plaza.<br \/>\nRitmo de m\u00fasica en los corazones.<br \/>\nPrimeros amores, primeras ilusiones.<br \/>\nDevota procesi\u00f3n de la Patrona Santa Ana<br \/>\nEn una noche de ser\u00e1 y silencio,<br \/>\nsobre un trono de flores de fervor y recogimiento.<br \/>\nCon un castillo de fuegos artificiales,<br \/>\npetardos y una gran traca,<br \/>\nlas fiestas se acaban.<br \/>\n\u2026<br \/>\nCuando me llam\u00f3 por tel\u00e9fono el Sr. Alcalde, me sorprendi\u00f3, lo primero que pens\u00e9 \u00bfA m\u00ed como pregonero? Y me respond\u00ed \u00a1Que mal tiene que estar la cosa para tener que recurrir a m\u00ed!, eso no se lo dije, solo lo pens\u00e9.<\/p>\n<p style=\"text-align: justify;\">Despu\u00e9s te entra la incertidumbre, \u00bfqu\u00e9 digo?, \u00bfde qu\u00e9 hablo?&#8230; yo solo s\u00e9 hablar de escuela, de educaci\u00f3n\u2026 \u00a1pues vaya rollo para empezar unas fiestas! Busqu\u00e9 qui\u00e9nes hab\u00edan sido las personas de los \u00faltimos pregones, por ver tem\u00e1ticas y nivel. Fabiola (preg\u00f3n on line) y M\u00aa Victoria Correa, \u00a1pues m\u00e1s acojonao! \u00a1vaya nivelazo! Lo vi y le\u00ed, respectivamente, \u2026 Juande, no lo pienses m\u00e1s, has dicho que s\u00ed\u2026 \u00a1Pues a la tarea!<\/p>\n<p style=\"text-align: justify;\">En los pregones, siempre se habla de la historia del pueblo, de sus val\u00edas, se resalta lo positivo para generar amor propio y amor por el terru\u00f1o, para generar autocomplacencia, euforia y salir con m\u00e1s se\u00f1as de identidad y m\u00e1s gana de fiesta. Pues eso voy a intentar hacer, \u00a1un poco de historia-recuerdo de nuestras fiestas! y \u00a1poner a Atarfe por las nubes!, siempre diciendo verdad, porque, como dec\u00eda la portera de la casa en la pel\u00edcula Al borde de un ataque de nervios, \u00a1ya quisiera yo mentir, pero las testigas de Jehov\u00e1 no podemos!<\/p>\n<p style=\"text-align: justify;\">NUESTRAS FIESTAS DE ANTA\u00d1O<\/p>\n<p style=\"text-align: justify;\">Recuerdo de ni\u00f1o, que hab\u00eda dos fiestas, unas, las de Santiago y Santa Ana, en julio: otras la Feria de ganado, en septiembre. He indagado un poco y he preguntado a personas que las han vivido en diferentes periodos. Pues os voy a contar.<\/p>\n<p style=\"text-align: justify;\">La Feria de ganado en septiembre aparece en 1925, con 3 o 4 d\u00edas de festejos. Las fiestas de julio eran menos d\u00edas, 1 o 2, ya que en esa fecha hab\u00eda mucho trabajo en el campo, especialmente en las eras. A mediados de los a\u00f1os 60, los emigrantes en centro Europa ven\u00edan de vacaciones en verano, en julio, a las fiestas y le dieron un importante empuje, hasta acabar por desaparecer la Feria, al industrializarse el campo. Esta se celebraba en una zona con acequia y agua donde ahora est\u00e1 el IES Il\u00edberis y el Clara Campoamor. Se exhib\u00eda, vend\u00eda y compraba ganado, vacas, cabras, gallinas, hab\u00eda concurso raza, de orde\u00f1o\u2026. Se hac\u00edan casetas con ca\u00f1as, para poner \u201cambig\u00fa\u201d y vender bebidas y comidas.<\/p>\n<p style=\"text-align: justify;\">Las fiestas patronales se celebraban en la calle Real y el Paseo de Santa Ana. Imaginaros el recorrido, empezando la calle Real por la parte m\u00e1s cercana a Albolote, lo primero era la Plaza del Ayuntamiento, que se cercaba con chapas (antes con ca\u00f1as) y Pepe Barranco pon\u00eda el Baile oficial, con su escenario, su orquesta, mesas y pista de baile y una amplia barra para vender bebidas. Hab\u00eda que pagar entrada. Despu\u00e9s ese lo montaban los Lucianos (due\u00f1os de la discoteca). Adem\u00e1s, hab\u00eda dos bailes m\u00e1s, el del Casino, para socios y familia, y otro en el cine de verano, en la calle Alhambra frente a los Herrerillos.<\/p>\n<p style=\"text-align: justify;\">A lo largo de la calle Real hab\u00eda casetas de turrones y golosinas, de churros, de escopeticas de plomo y la t\u00f3mbola, siendo el premio mayor la Chochona (mu\u00f1eca muy grande). Los bares eran el Chicote y en frente el Bar del Feo (Jim\u00e9nez), siguiendo por esa acera, ya en la manzana del Casino estaba los Tres Amigos a un lado y el Pe\u00f1a al otro. Por la zona que est\u00e1 hora Caixabank estaba el bar Las Canarias y, en la esquina del actual Mauri, el bar de Zapaticos (el bar de los callos).<\/p>\n<p style=\"text-align: justify;\">Las fiestas comenzaban, por la ma\u00f1ana temprano, diana floreada con el desfile de gigantes y cabezudos acompa\u00f1ados por la banda de m\u00fasica. Despu\u00e9s, a media ma\u00f1ana, en la plaza de la Iglesia, en un quiosco de m\u00fasica que hab\u00eda, tocaba la banda, normalmente al salir de misa. Atarfe ten\u00eda banda de m\u00fasica propia, muy buena. Rara vez ven\u00edan de fuera, la de Churriana y la del Regimiento C\u00f3rdoba 10.<\/p>\n<p style=\"text-align: justify;\">A lo largo del d\u00eda hab\u00eda carreras de cintas en bicicletas, cuca\u00f1as (de dos tipos, el palo alto engrasados con el jam\u00f3n en la punta y las de romper botijos con un palo y ojos vendados, unos botijos con caramelos y otro con agua o serr\u00edn), tambi\u00e9n hab\u00eda tiro al plato en las afueras. En las eras con carros montaban un c\u00edrculo y hac\u00edan corridas de toros, los toreros sol\u00edan ser todos los a\u00f1os los mismos: Luis Baena, Vicente Honorio (ambos de Atarfe) y El Nene, de Santa Fe.<\/p>\n<p style=\"text-align: justify;\">Los columpios estaban en el Paseo de Santa Ana, eran 3, la noria peque\u00f1a para peques, los patos para algo m\u00e1s grandes, que t\u00fa hac\u00edas fuerzas para balancearte e intentar da la vuelta\u2026, si te elevabas mucho el vigilante activaba una madera que con una goma y frenaba. Y para los y las j\u00f3venes el columpio de las cadenas, sillas de hierro colgadas que giraban casi volando.<\/p>\n<p style=\"text-align: justify;\">Los cohetes los tiraba Diego Lalana, pluriempleado del ayuntamiento (recog\u00eda basura, trasladaba ganado al matadero\u2026) A\u00f1os despu\u00e9s fue le Chacarr\u00f3s quien ocup\u00f3 el puesto. Siempre iban delante del evento lanzando los cohetes, por la ma\u00f1ana temprano, antes de la diana, para despertar con aire festivo y durante el d\u00eda volv\u00eda a lanzar cohetes como recordatorio de estar en fiestas.<\/p>\n<p style=\"text-align: justify;\">La ubicaci\u00f3n de la zona festiva fue cambiando, en 1983 se traslad\u00f3 a la zona del Secadero del Ma\u00edz, por las eras, frente a la ahora farmacia Milla. Dos a\u00f1os despu\u00e9s se hicieron frente al colegio Jim\u00e9nez Rueda, donde ahora est\u00e1 el parque Gabard\u00f3n, y tras un breve paso por la zona que ahora es el parque Pink Floyd, se traslad\u00f3 a la ubicaci\u00f3n actual.<\/p>\n<p style=\"text-align: justify;\">\u00a1Los tiempos cambian, las necesidades y posibilidades son diferentes y la respuesta se ajusta a ello! \u00a1Todo evoluciona!<\/p>\n<p style=\"text-align: justify;\">ATARFE POR LAS NUBES,<\/p>\n<p style=\"text-align: justify;\">S\u00ed, por las nubes, es donde ha estado durante mucho tiempo y es donde vuelve a estar ahora.<br \/>\nHay que recordar nuestro pasado, lleno de historia, de cultura y de industrias.<br \/>\nLa Il\u00edberis romana, con restos arqueol\u00f3gicos por el cortijo de las Monjas, con un Concilio en el siglo IV, en el que fueron un poquillo cabroncetes y pusieron los espartos para el celibato de obispos, presb\u00edteros y di\u00e1conos.<\/p>\n<p style=\"text-align: justify;\">La Medina Elvira \u00e1rabe, \u00e9poca de esplendor, nudo de comunicaciones, de artesan\u00eda y de vega. La Cora (provincia) de Ilvira, predecesora de la futura Garnata.<br \/>\nYa en \u00e9poca cristiana, el esplendor de la Vega, con su red de acequias, sus huertas y sus cultivos importantes, primero el lino y c\u00e1\u00f1amo, que abastec\u00eda a la armada real para las cuerdas y lianas de los barcos que surcaban el Atl\u00e1ntico a nuevo mundo.<\/p>\n<p style=\"text-align: justify;\">Despu\u00e9s, el tabaco, con compra directa por el monopolio de Tabacalera.Ya en los comienzos del siglo XX, la remolacha, que da pie a un amplio proceso de industrializaci\u00f3n, siendo Atarfe un referente industrial de la provincia de Granada y de Andaluc\u00eda, la Azucarera La Vega, la Alcoholera, la Cementera (la f\u00e1brica de la \u201cPorla\u201d -cemento marca Porlan), la f\u00e1brica de abonos Carrillo&#8230; Yo, cuando acab\u00e9 la carrera de maestro, en el a\u00f1o 1976, trabaj\u00e9 de pe\u00f3n en la azucarera, en la campa\u00f1a de verano y en la de invierno, hasta que me fui en enero a la mili. Tambi\u00e9n proliferan, en los a\u00f1os 70-80, telares y manipulado\/bordado para cortinas. Este periodo da nombre al equipo de futbol, Atarfe Industrial.<\/p>\n<p style=\"text-align: justify;\">En los a\u00f1os 80, la moderna industria europea, concentra los puntos de producci\u00f3n, se van trasladando nuestras f\u00e1bricas a otras zonas. La agricultura decae con la globalizaci\u00f3n, se traen los productos de pa\u00edses lejanos a precios m\u00e1s bajos\u2026 Una \u00e9poca de cambio econ\u00f3mico. \u00a1Un poco de industria, un poco de agricultura, \u2026, un poco de pol\u00edgonos industriales\u2026!<\/p>\n<p style=\"text-align: justify;\">Los seres humanos tenemos tendencia a a\u00f1orar tiempos pasados, a\u00f1oranza que nos impide ver lo bueno del presente. Realmente lo que no impide es valorar lo presente. De ah\u00ed la frase: \u00a1Todo tiempo pasado fue mejor! Claro, lo dicen las personas mayores de una generaci\u00f3n, que analizan el presente con ojos y par\u00e1metros del pasado, con necesidad de sobrevalorarse, con mirada egoc\u00e9ntrica. Eso no es de ahora, es de siempre\u2026La juventud de hoy est\u00e1 corrompida hasta el coraz\u00f3n, es mala, atea y perezosa. Jam\u00e1s ser\u00e1 lo que la juventud ha de ser, ni ser\u00e1 capaz de preservar nuestra cultura (Inscripci\u00f3n grabada en una tablilla babil\u00f3nica del siglo XI antes de Cristo)<br \/>\nTambi\u00e9n S\u00f3crates (470 ac) y Arist\u00f3teles (384 ac) dejaron frases en esta l\u00ednea<\/p>\n<p style=\"text-align: justify;\">La realidad es que \u00a1Todo tiempo pasado, \u2026 fue diferente! Y PUNTO\u00a1Pues miremos el Atarfe de hoy, con ojos de hoy y la vista puesta en el futuro! Pues tenemos un GRAN TESORO, tesoro que vemos todos los d\u00edas, pero que no valoramos porque estamos inmerso en un mundo del \u201ctener\u201d y no del \u201cser\u201d, de \u201cconfundir valor con precio\u201d, \u201clo que no cuesta, no vale\u201d \u2026 \u00bfA qu\u00e9 me refiero?<\/p>\n<p style=\"text-align: justify;\">\u00a1A la formaci\u00f3n que se da en nuestros colegios, a la formaci\u00f3n que reciben nuestras hijas e hijos! Atarfe destaca, a nivel nacional e internacional por la calidad de su oferta educativa y cultural. \u00bfA qu\u00e9 nos referimos cuando decimos \u201cuna oferta educativa de calidad\u201d en pleno siglo XXI?<\/p>\n<p style=\"text-align: justify;\">Desde 2007 se empez\u00f3, ante los muy escasos \u00e9xitos escolares, a estudiar las propuestas y experiencias educativas de la Uni\u00f3n europea, de la OCDE, la UNESCO para intentar analizar y dar respuesta a nuestra realidad educativa para mejorarla. Se empieza a trabajar, coordinadamente todos los colegios, para llegar m\u00e1s all\u00e1 de los meros procesos memor\u00edstico \u2013reproductivos, se ense\u00f1a a pensar, planteando tareas y proyectos que se han de resolver pensando, indagando y aprendiendo ante la necesidad de dar respuesta a problemas y situaciones pr\u00f3ximas y cercanas, a situaciones motivadoras. Aprender aplicando el m\u00e9todo cient\u00edfico, que no es hacer ciencia, sino potenciar mentes inquietas que se cuestionen lo que ven y se les dice, \u00a1ni se lo crean, ni lo nieguen!, lo investiguen, lo indaguen, lleguen a sus propias conclusiones y act\u00faen en consecuencia. La Feria de la Ciencia, con ya 13 ediciones, es un claro referente. Os cuento un ejemplo concreto.<\/p>\n<p style=\"text-align: justify;\">Dentro de la propuesta de Atarfe Sostenible para reducir los pl\u00e1sticos de un solo uso, se lanz\u00f3 el mensaje de que en Atarfe se gastaban m\u00e1s de 60.000 bolsas a la semana. Una clase de uno de los colegios, empez\u00f3 a investigar, a comprobar\u2026 entrevista por videoconferencia con una de las fruter\u00edas\u2026 , por equipo recaban datos, hacen c\u00e1lculos, estudian el proceso de degradaci\u00f3n de pl\u00e1sticos\u2026 sacan conclusiones, hacen informes\u2026 revisan las costumbres de su familia y &#8230; se \u00a1plantean UN RETO!, hacen propuestas para afrontar el problema, plantean alternativas, elaboran gr\u00e1ficas para ver si daba resultado lo propuesto, \u00bfse ha reducido el consumo?\u2026.<\/p>\n<p style=\"text-align: justify;\">El trabajar de esta forma trae reconocimientos, Veamos algunas concreciones:<br \/>\nEn M\u00e9xico, somos referentes de avance hacia los planteamientos internaciones de la educaci\u00f3n del siglo XXI. Durante algunos a\u00f1os, vinieron maestras, supervisores, cargos directivos de diferentes estados a visitar nuestras aulas, a hablar con nuestro profesorado para aprender. Esto acab\u00f3 con la firma de un convenio de colaboraci\u00f3n del Ayuntamiento de Atarfe con la Secretar\u00eda de Educaci\u00f3n P\u00fablica del Estado de Baja California Sur, para que docentes de los centros de Atarfe fuesen a M\u00e9xico a conocer su sistema y a explicar c\u00f3mo se trabaja aqu\u00ed. Y que docente de all\u00ed, vinieran a estar una semana conociendo nuestra forma de trabajar.<\/p>\n<p style=\"text-align: justify;\">Uno de nuestros colegios fue reconocido como el Colegio p\u00fablico mejor de Espa\u00f1a por la Fundaci\u00f3n Telef\u00f3nica. En dos ocasiones en el Encuentro internacional de Ciencia en Acci\u00f3n se ha premiado los trabajos presentado por centros de Atarfe. Un centro tiene la medalla de Alfonso X el Sabio, a la educaci\u00f3n\u2026Nuestro programa de control y lucha contra el absentismo escolar fue premiado por el Ministerio de Educaci\u00f3n. En dos ocasiones, Federaci\u00f3n Andaluza de Municipios y Provincias y la Junta<br \/>\nde Andaluc\u00eda nos han concedido el premio EducaCiudad. El curso pasado, se celebr\u00f3 aqu\u00ed en Atarfe el Encuentro internacional de Ciencia en Acci\u00f3n, con experiencias del resto de Espa\u00f1a, de Portugal, de Ruman\u00eda y de Ir\u00e1n. Fue tal el nivel y \u00e9xito, que Atarfe ha sido reconocida como Ciudad de la Ciencia y la Innovaci\u00f3n. El pasado mes de junio, la Confederaci\u00f3n Andaluza de Asociaciones de Padres y Madres (CODAPA), concedi\u00f3 uno de sus premios anuales a la Comunidad Educativa de Atarfe, por el trabajo coordinado e innovador de todos los sectores educativos y el Ayuntamiento\u2026 Y algunos m\u00e1s que no se reflejan por no aburrir al personal<\/p>\n<p style=\"text-align: justify;\">Son muchos los art\u00edculos en revistas pedag\u00f3gicas, lo libros, las paginas web que recogen experiencias de nuestros centros educativos.Estamos sembrando presente! en conocimiento, en mentes abiertas, en personas formadas para afrontar el futuro tan incierto como cambiante que se les espera, formando una ciudadan\u00eda activa, cr\u00edtica y con valores humanos. \u00a1Para recoger futuro! Personas cr\u00edticas y cultas, con potencial de trabajo y de convivencia.<\/p>\n<p style=\"text-align: justify;\">\u00a1GRACIAS! A LAS Y LOS DOCENTES QUE LO EST\u00c1N HACIENDO POSIBLE \u00a1\u00c1NIMO! A AQUELLOS OTROS QUE EST\u00c1 EN PROCESO DE INCORPORARSE A ESTAS FRUCT\u00cdFERAS PR\u00c1CTICAS EDUCATIVAS Y \u00a1ANIMO A FAMILIAS Y CIUDADAN\u00cdA A QUE LES VALOREN!<\/p>\n<p style=\"text-align: justify;\">Ahora, desde hace un par de a\u00f1os, todo este potencial de aprendizaje y de acci\u00f3n se est\u00e1 centrando en formar ciudadanas y ciudadanos para dar respuesta a la \u201cemergencia clim\u00e1tica\u201d. Los centros educativos, en la AGENDA FAMILIA-ESCUELA-COMUNIDAD, recoge la programaci\u00f3n que da respuesta al mandato de la ONU, en el Objetivo de Desarrollo Sostenible 4.7: \u201cPara 2030, garantizar que todos los alumnos adquieran los conocimientos te\u00f3ricos y pr\u00e1cticos necesarios para promover el desarrollo sostenible, los derechos humanos\u2026\u201d<\/p>\n<p style=\"text-align: justify;\">Junto a Atarfe SOStenible, se ha puesto en pr\u00e1ctica el proverbio africano: \u201cPara educar a una ni\u00f1a o a un ni\u00f1o, hace falta toda la tribu\u201d, contando con el apoyo de la mayor\u00eda de la corporaci\u00f3n municipal y equipo de gobierno, la mayor\u00eda de las asociaciones del pueblo y muchas vecinas y vecinos. Somos referentes de COMUNIDAD POR LA SOSTENIBILIDAD, buscando sinergias para formarnos para hacer posible que podamos seguir viviendo en este maravilloso planeta que estamos destruyendo. \u00a1Atarfe se est\u00e1 preparando para frenar esta cat\u00e1strofe! El pr\u00f3ximo martes 26 de julio, d\u00eda de Santa Ana, en los Cursos de verano de la Universidad Internacional Men\u00e9ndez Pelayo, en su sede del Palacio de la Magdalena en Santander, exponemos esta pionera experiencia comunitaria.<\/p>\n<p style=\"text-align: justify;\">\u00a1ATARFE\u00d1AS!, \u00a1ATARFE\u00d1OS!, \u00a1visitantes!, RECOGIENDO NUESTRO PASADO, SIENDO CONSCIENTES DE NUESTRO PRESENTE Y PREPAR\u00c1NDONOS PARA UN FUTURO SOSTENIBLE\u2026\u00a1MARCHEMOS A DIVERTIRNOS ESTOS D\u00cdAS! PERO CON LAS 3R: REDUCIR el despilfarro, REUTILIZAR los envases de pl\u00e1stico y RECICLAR correctamente.<\/p>\n<p style=\"text-align: justify;\">Con rotulador en la mano \u00a1LOS VASOS y BOTELLAS DE PL\u00c1STICO, CON VUESTRO NOMBRE!<\/p>\n<p style=\"text-align: justify;\">\u00a1QUEDAN PROCLAMADAS LAS FIESTAS PATRONALES DE ATARFE 2022!<br \/>\n\u00a1VIVA ATARFE! \u00a1POR UN FUTURO SOSTENIBLE PARA TODA LA HUMANIDAD!<br \/>\n\u00a1A DISFRUTAR, A DISFRUTAD QUE EL MUNDO NO SE VA A ACABAR<\/p>\n","protected":false},"excerpt":{"rendered":"<p>SALUDO A vosotras, Atarfe\u00f1as y Atarfe\u00f1os, a las personas que nos visit\u00e1is, qu\u00e9 ten\u00e9is ganas,&#8230;<\/p>\n","protected":false},"author":1,"featured_media":55678,"comment_status":"closed","ping_status":"closed","sticky":false,"template":"","format":"standard","meta":{"_coblocks_attr":"","_coblocks_dimensions":"","_coblocks_responsive_height":"","_coblocks_accordion_ie_support":"","jetpack_post_was_ever_published":false,"_jetpack_newsletter_access":"","_jetpack_dont_email_post_to_subs":false,"_jetpack_newsletter_tier_id":0,"_jetpack_memberships_contains_paywalled_content":false,"_jetpack_memberships_contains_paid_content":false,"footnotes":"","jetpack_publicize_message":"","jetpack_publicize_feature_enabled":true,"jetpack_social_post_already_shared":true,"jetpack_social_options":{"image_generator_settings":{"template":"highway","default_image_id":0,"enabled":false},"version":2}},"categories":[2,12,7725,6916,1161,3130,44,15],"tags":[6982,9440],"class_list":["post-55677","post","type-post","status-publish","format-standard","has-post-thumbnail","hentry","category-atarfe","category-cultura","category-atarfe-sostenible","category-ayuntamiento-de-atarfe","category-ciudadania","category-opinion-de-juan-de-dios-fernandez","category-noticias-de-hoy","category-ultimas-noticias","tag-juan-de-dios-f-galvez","tag-pregon-2022"],"jetpack_publicize_connections":[],"jetpack_featured_media_url":"https:\/\/i0.wp.com\/miradordeatarfe.es\/wp-content\/uploads\/2022\/07\/WhatsApp-Image-2022-07-22-at-11.24.30-AM.jpeg?fit=1600%2C1371&ssl=1","jetpack_likes_enabled":true,"jetpack_sharing_enabled":true,"_links":{"self":[{"href":"https:\/\/miradordeatarfe.es\/index.php?rest_route=\/wp\/v2\/posts\/55677","targetHints":{"allow":["GET"]}}],"collection":[{"href":"https:\/\/miradordeatarfe.es\/index.php?rest_route=\/wp\/v2\/posts"}],"about":[{"href":"https:\/\/miradordeatarfe.es\/index.php?rest_route=\/wp\/v2\/types\/post"}],"author":[{"embeddable":true,"href":"https:\/\/miradordeatarfe.es\/index.php?rest_route=\/wp\/v2\/users\/1"}],"replies":[{"embeddable":true,"href":"https:\/\/miradordeatarfe.es\/index.php?rest_route=%2Fwp%2Fv2%2Fcomments&post=55677"}],"version-history":[{"count":1,"href":"https:\/\/miradordeatarfe.es\/index.php?rest_route=\/wp\/v2\/posts\/55677\/revisions"}],"predecessor-version":[{"id":55679,"href":"https:\/\/miradordeatarfe.es\/index.php?rest_route=\/wp\/v2\/posts\/55677\/revisions\/55679"}],"wp:featuredmedia":[{"embeddable":true,"href":"https:\/\/miradordeatarfe.es\/index.php?rest_route=\/wp\/v2\/media\/55678"}],"wp:attachment":[{"href":"https:\/\/miradordeatarfe.es\/index.php?rest_route=%2Fwp%2Fv2%2Fmedia&parent=55677"}],"wp:term":[{"taxonomy":"category","embeddable":true,"href":"https:\/\/miradordeatarfe.es\/index.php?rest_route=%2Fwp%2Fv2%2Fcategories&post=55677"},{"taxonomy":"post_tag","embeddable":true,"href":"https:\/\/miradordeatarfe.es\/index.php?rest_route=%2Fwp%2Fv2%2Ftags&post=55677"}],"curies":[{"name":"wp","href":"https:\/\/api.w.org\/{rel}","templated":true}]}}