{"id":55689,"date":"2022-07-26T12:40:02","date_gmt":"2022-07-26T10:40:02","guid":{"rendered":"https:\/\/miradordeatarfe.es\/?p=55689"},"modified":"2022-07-26T12:40:02","modified_gmt":"2022-07-26T10:40:02","slug":"toda-la-noche-sin-tregua-para-luchar-contra-el-mayor-incendio-metropolitano-en-ocho-anos","status":"publish","type":"post","link":"https:\/\/miradordeatarfe.es\/?p=55689","title":{"rendered":"Toda la noche sin tregua para luchar contra el mayor incendio metropolitano en ocho a\u00f1os"},"content":{"rendered":"<p class=\"intro\">A la espera de medici\u00f3n definitiva, las primeras estimaciones superan ya las 250 hect\u00e1reas afectadas entre Pinos Puente, Atarfe y Albolote, si bien en su mayor\u00eda son matorral y monte bajo \u00b7 El fuego se ha estabilizado hacia las 04.05 horas<\/p>\n<div class=\"iframe-wrapper\"><iframe loading=\"lazy\" src=\"https:\/\/www.youtube.com\/embed\/9Wn_NvQJ8z8\" width=\"560\" height=\"315\" frameborder=\"0\" allowfullscreen=\"allowfullscreen\" data-mce-fragment=\"1\"><\/iframe><\/div>\n<p><strong>Bomberos forestales<\/strong> han permanecido durante toda la noche sin tregua luchando contra el mayor incendio declarado en el <strong>\u00c1rea Metropolitana de Granada<\/strong> en los \u00faltimos ocho a\u00f1os.<\/p>\n<p>El fuego se present\u00f3 virulento al <a href=\"https:\/\/www.ahoragranada.com\/noticias\/registrado-un-incendio-forestal-en-pinos-puente\/\" data-type=\"noticias\" data-id=\"209851\">poco de comenzar en <strong>Pinos Puente <\/strong>y extenderse hasta <strong>Atarfe y Albolote,<\/strong><\/a> sin embargo los esfuerzos por aire y por tierra lograron frenar a tiempo su avance.<\/p>\n<p>Las llamas han sido dadas por estabilizadas hacia las 04.05 horas de la noche de este martes por el Plan Infoca, como el primer paso para avanzar hacia su control.<\/p>\n<p>Faltaban seis minutos para que llegasen las cuatro de la tarde de este lunes, D\u00eda de Santiago, cuando se recibieron los primeros avisos en el 112 de que hab\u00eda un incendio forestal declarado en la zona posterior al Piorno en <strong>Pinos Puente<\/strong>, seg\u00fan ha explicado a <strong><a href=\"http:\/\/www.ahoragranada.com\">ahoraGranada <\/a><\/strong>el delegado de Desarrolo Sostenible, Manuel Francisco Garc\u00eda Delgado.<\/p>\n<figure class=\"wp-block-image size-full\"><img data-recalc-dims=\"1\" loading=\"lazy\" decoding=\"async\" class=\"wp-image-209910\" src=\"https:\/\/i0.wp.com\/ahoragranada-185c4.kxcdn.com\/wp-content\/uploads\/2022\/07\/GIF-INCPINATALB.gif?resize=640%2C360&#038;ssl=1\" alt=\"\" width=\"640\" height=\"360\" \/><figcaption>Algunas de las im\u00e1genes que dej\u00f3 el fuego en el incendio ocurrido en la zona Oeste del \u00c1rea Metropolitana. Fotos: \u00c1lex C\u00e1mara \/ Roberto Romera<\/figcaption><\/figure>\n<p>La evoluci\u00f3n del fuego deriv\u00f3 en que la zona de matorral ardi\u00f3 r\u00e1pidamente hasta su avance ya por encima del r\u00edo Cubillas hasta llegar a <strong>Los Morrones<\/strong>, en el t\u00e9rmino municipal de <strong>Atarfe<\/strong>, donde los medios a\u00e9reos lograron evitar que las llamas alcanzaran al completo un pinar existente en la parte m\u00e1s pr\u00f3xima a la <strong>Ermita de los Tres Juanes. <\/strong><\/p>\n<p>El fuego tambi\u00e9n mantuvo en vilo al t\u00e9rmino municipal de <strong>Albolote<\/strong>, donde las llamas tambi\u00e9n llegaron a entrar, si bien no con la virulencia temida y sin llegar al pinar existente a espaldas del Torre\u00f3n, el mayor espacio natural que posee la localidad y cuya carretera de acceso fue cortada.<\/p>\n<p>El delegado ha explicado que hab\u00eda riesgos para algunas de las urbanizaciones existentes en la zona, motivo por el que, adem\u00e1s de movilizar el mayor n\u00famero de operativos posibles, se declar\u00f3 el nivel 1 del Plan de Emergencias que permaneci\u00f3 activado durante dos horas.<\/p>\n<figure class=\"wp-block-image size-full\"><img data-recalc-dims=\"1\" loading=\"lazy\" decoding=\"async\" class=\"wp-image-209908\" src=\"https:\/\/i0.wp.com\/ahoragranada-185c4.kxcdn.com\/wp-content\/uploads\/2022\/07\/incendio-en-los-montes-proximos-a-Pinos-Puente-Atarfe-y-Albolote-AC-44.jpg?resize=640%2C360&#038;ssl=1\" sizes=\"auto, (max-width: 969px) 100vw, 969px\" srcset=\"https:\/\/ahoragranada-185c4.kxcdn.com\/wp-content\/uploads\/2022\/07\/incendio-en-los-montes-proximos-a-Pinos-Puente-Atarfe-y-Albolote-AC-44.jpg 969w, https:\/\/ahoragranada-185c4.kxcdn.com\/wp-content\/uploads\/2022\/07\/incendio-en-los-montes-proximos-a-Pinos-Puente-Atarfe-y-Albolote-AC-44-746x420.jpg 746w, https:\/\/ahoragranada-185c4.kxcdn.com\/wp-content\/uploads\/2022\/07\/incendio-en-los-montes-proximos-a-Pinos-Puente-Atarfe-y-Albolote-AC-44-370x207.jpg 370w\" alt=\"\" width=\"640\" height=\"360\" \/><figcaption>La lucha contra el fuego ha permanecido durante toda la madrugada. Foto: \u00c1lex C\u00e1mara<\/figcaption><\/figure>\n<p>No obstante, no hicieron falta desalojos coordinados, fundamentalmente en algunas urbanizaciones, \u00abaunque nunca corrieron riesgo ninguno ni por humo ni por llamas\u00bb, ha se\u00f1alado Garc\u00eda Delgado.<\/p>\n<p>Durante toda la noche han permanecido trabajando en la zona 95 profesionales entre bomberos forestales y t\u00e9cnicos del Plan Infoca, que han combatido a pie las llamas ante la ausencia de medios a\u00e9reos.<\/p>\n<p><strong>Caparacena <\/strong>se ha convertido en el punto neur\u00e1lgico para coordinar la lucha contra el fuego, con la instalaci\u00f3n del Puesto de Mando Avanzado por donde pasaron durante la tarde de este lunes tanto el alcalde de <strong>Atarfe<\/strong>, Pedro Mart\u00ednez, como el de <strong>Albolote<\/strong>, Salustiano Ure\u00f1a.<\/p>\n<figure class=\"wp-block-image size-full\"><img data-recalc-dims=\"1\" loading=\"lazy\" decoding=\"async\" class=\"wp-image-209896\" src=\"https:\/\/i0.wp.com\/ahoragranada-185c4.kxcdn.com\/wp-content\/uploads\/2022\/07\/incendio-en-los-montes-proximos-a-Pinos-Puente-Atarfe-y-Albolote-AC-32.jpg?resize=640%2C360&#038;ssl=1\" sizes=\"auto, (max-width: 969px) 100vw, 969px\" srcset=\"https:\/\/ahoragranada-185c4.kxcdn.com\/wp-content\/uploads\/2022\/07\/incendio-en-los-montes-proximos-a-Pinos-Puente-Atarfe-y-Albolote-AC-32.jpg 969w, https:\/\/ahoragranada-185c4.kxcdn.com\/wp-content\/uploads\/2022\/07\/incendio-en-los-montes-proximos-a-Pinos-Puente-Atarfe-y-Albolote-AC-32-746x420.jpg 746w, https:\/\/ahoragranada-185c4.kxcdn.com\/wp-content\/uploads\/2022\/07\/incendio-en-los-montes-proximos-a-Pinos-Puente-Atarfe-y-Albolote-AC-32-370x207.jpg 370w\" alt=\"\" width=\"640\" height=\"360\" \/><figcaption>Vecinos de Caparacena contemplan el avance de las llamas. Foto: \u00c1lex C\u00e1mara<\/figcaption><\/figure>\n<h3>Atarfe, el municipio m\u00e1s afectado<\/h3>\n<p>A la espera de que se haga una medici\u00f3n m\u00e1s precisa, las llamas de este lunes en <strong>Pinos Puente, Atarfe y Albolote<\/strong> se han extendido por m\u00e1s de 250 hect\u00e1reas en la zona de monte, si bien en su mayor\u00eda se trata de terreno de matorral y monte bajo.<\/p>\n<p>As\u00ed lo ha explicado el alcalde de <strong>Atarfe<\/strong>, Pedro Mart\u00ednez, el municipio en cuyo t\u00e9rmino municipal m\u00e1s afecci\u00f3n se ha producido en la evoluci\u00f3n del fuego, en torno al 80%, logrando salvar el pinar m\u00e1s pr\u00f3ximo a la Ermita de los Tres Juanes y por el que se tem\u00eda en caso de no poder controlar las llamas.<\/p>\n<p>En declaraciones a <strong><a href=\"http:\/\/www.ahoragranada.com\">ahoraGranada<\/a><\/strong>, Mart\u00ednez ha lamentado la situaci\u00f3n vivida durante este lunes por la tarde, en la que \u00ablas condiciones de viento posibilitaron el avance de las llamas\u00bb hasta las inmediaciones de <strong>Caparacena<\/strong>.<\/p>\n<p>\u00abHa habido momentos de mucho peligro\u00bb, ha relatado el alcalde metropolitano, quien asegur\u00f3 estar \u00abmuy preocupado\u00bb por las zonas recreativas que estuvieron en riesgo, como fueron La Moleona y el pinar existente.<\/p>\n<p>\u00abEs una pena ver todo esto, c\u00f3mo arde y luego c\u00f3mo cuesta tant\u00edsimos a\u00f1os recuperarlo, es la tristeza que queda\u00bb, ha relatado el regidor municipal atarfe\u00f1o, cuya localidad celebra estos d\u00edas las Fiestas de Santa Ana y que ha tenido que dividir sus efectivos para coordinar la ofrenda floral, que se celebraba en el momento en que se produjo el fuego.<\/p>\n<figure class=\"wp-block-image size-full\"><img data-recalc-dims=\"1\" loading=\"lazy\" decoding=\"async\" class=\"wp-image-209883\" src=\"https:\/\/i0.wp.com\/ahoragranada-185c4.kxcdn.com\/wp-content\/uploads\/2022\/07\/incendio-en-los-montes-proximos-a-Pinos-Puente-Atarfe-y-Albolote-AC-18.jpg?resize=640%2C360&#038;ssl=1\" sizes=\"auto, (max-width: 969px) 100vw, 969px\" srcset=\"https:\/\/ahoragranada-185c4.kxcdn.com\/wp-content\/uploads\/2022\/07\/incendio-en-los-montes-proximos-a-Pinos-Puente-Atarfe-y-Albolote-AC-18.jpg 969w, https:\/\/ahoragranada-185c4.kxcdn.com\/wp-content\/uploads\/2022\/07\/incendio-en-los-montes-proximos-a-Pinos-Puente-Atarfe-y-Albolote-AC-18-746x420.jpg 746w, https:\/\/ahoragranada-185c4.kxcdn.com\/wp-content\/uploads\/2022\/07\/incendio-en-los-montes-proximos-a-Pinos-Puente-Atarfe-y-Albolote-AC-18-370x207.jpg 370w\" alt=\"\" width=\"640\" height=\"360\" \/><figcaption>El fuego estuvo a punto de llegar a la zona de Los Moleones y los pinares existentes. Foto: \u00c1lex C\u00e1mara<\/figcaption><\/figure>\n<h4 class=\"section-title\">Galer\u00eda de la noticia<\/h4>\n<div class=\"fw gallery\"><a href=\"https:\/\/i0.wp.com\/ahoragranada-185c4.kxcdn.com\/wp-content\/uploads\/2022\/07\/incendio-en-los-montes-proximos-a-Pinos-Puente-Atarfe-y-Albolote-AC-1.jpg?ssl=1\"><img data-recalc-dims=\"1\" height=\"207\" width=\"370\" decoding=\"async\" src=\"https:\/\/i0.wp.com\/ahoragranada-185c4.kxcdn.com\/wp-content\/uploads\/2022\/07\/incendio-en-los-montes-proximos-a-Pinos-Puente-Atarfe-y-Albolote-AC-1-370x207.jpg?resize=370%2C207&#038;ssl=1\" alt=\"\" \/><\/a><a href=\"https:\/\/i0.wp.com\/ahoragranada-185c4.kxcdn.com\/wp-content\/uploads\/2022\/07\/incendio-en-los-montes-proximos-a-Pinos-Puente-Atarfe-y-Albolote-AC-2.jpg?ssl=1\"><img data-recalc-dims=\"1\" height=\"207\" width=\"370\" decoding=\"async\" src=\"https:\/\/i0.wp.com\/ahoragranada-185c4.kxcdn.com\/wp-content\/uploads\/2022\/07\/incendio-en-los-montes-proximos-a-Pinos-Puente-Atarfe-y-Albolote-AC-2-370x207.jpg?resize=370%2C207&#038;ssl=1\" alt=\"\" \/><\/a><a href=\"https:\/\/i0.wp.com\/ahoragranada-185c4.kxcdn.com\/wp-content\/uploads\/2022\/07\/incendio-en-los-montes-proximos-a-Pinos-Puente-Atarfe-y-Albolote-AC-3.jpg?ssl=1\"><img data-recalc-dims=\"1\" height=\"207\" width=\"370\" decoding=\"async\" src=\"https:\/\/i0.wp.com\/ahoragranada-185c4.kxcdn.com\/wp-content\/uploads\/2022\/07\/incendio-en-los-montes-proximos-a-Pinos-Puente-Atarfe-y-Albolote-AC-3-370x207.jpg?resize=370%2C207&#038;ssl=1\" alt=\"\" \/><\/a><a href=\"https:\/\/i0.wp.com\/ahoragranada-185c4.kxcdn.com\/wp-content\/uploads\/2022\/07\/incendio-en-los-montes-proximos-a-Pinos-Puente-Atarfe-y-Albolote-AC-4.jpg?ssl=1\"><img data-recalc-dims=\"1\" height=\"207\" width=\"370\" decoding=\"async\" src=\"https:\/\/i0.wp.com\/ahoragranada-185c4.kxcdn.com\/wp-content\/uploads\/2022\/07\/incendio-en-los-montes-proximos-a-Pinos-Puente-Atarfe-y-Albolote-AC-4-370x207.jpg?resize=370%2C207&#038;ssl=1\" alt=\"\" \/><\/a><a href=\"https:\/\/i0.wp.com\/ahoragranada-185c4.kxcdn.com\/wp-content\/uploads\/2022\/07\/incendio-en-los-montes-proximos-a-Pinos-Puente-Atarfe-y-Albolote-AC-5.jpg?ssl=1\"><img data-recalc-dims=\"1\" height=\"207\" width=\"370\" decoding=\"async\" src=\"https:\/\/i0.wp.com\/ahoragranada-185c4.kxcdn.com\/wp-content\/uploads\/2022\/07\/incendio-en-los-montes-proximos-a-Pinos-Puente-Atarfe-y-Albolote-AC-5-370x207.jpg?resize=370%2C207&#038;ssl=1\" alt=\"\" \/><\/a><a href=\"https:\/\/i0.wp.com\/ahoragranada-185c4.kxcdn.com\/wp-content\/uploads\/2022\/07\/incendio-en-los-montes-proximos-a-Pinos-Puente-Atarfe-y-Albolote-AC-6.jpg?ssl=1\"><img data-recalc-dims=\"1\" height=\"207\" width=\"370\" decoding=\"async\" src=\"https:\/\/i0.wp.com\/ahoragranada-185c4.kxcdn.com\/wp-content\/uploads\/2022\/07\/incendio-en-los-montes-proximos-a-Pinos-Puente-Atarfe-y-Albolote-AC-6-370x207.jpg?resize=370%2C207&#038;ssl=1\" alt=\"\" \/><\/a><a href=\"https:\/\/i0.wp.com\/ahoragranada-185c4.kxcdn.com\/wp-content\/uploads\/2022\/07\/incendio-en-los-montes-proximos-a-Pinos-Puente-Atarfe-y-Albolote-AC-7.jpg?ssl=1\"><img data-recalc-dims=\"1\" height=\"207\" width=\"370\" decoding=\"async\" src=\"https:\/\/i0.wp.com\/ahoragranada-185c4.kxcdn.com\/wp-content\/uploads\/2022\/07\/incendio-en-los-montes-proximos-a-Pinos-Puente-Atarfe-y-Albolote-AC-7-370x207.jpg?resize=370%2C207&#038;ssl=1\" alt=\"\" \/><\/a><a href=\"https:\/\/i0.wp.com\/ahoragranada-185c4.kxcdn.com\/wp-content\/uploads\/2022\/07\/incendio-en-los-montes-proximos-a-Pinos-Puente-Atarfe-y-Albolote-AC-8.jpg?ssl=1\"><img data-recalc-dims=\"1\" height=\"207\" width=\"370\" decoding=\"async\" src=\"https:\/\/i0.wp.com\/ahoragranada-185c4.kxcdn.com\/wp-content\/uploads\/2022\/07\/incendio-en-los-montes-proximos-a-Pinos-Puente-Atarfe-y-Albolote-AC-8-370x207.jpg?resize=370%2C207&#038;ssl=1\" alt=\"\" \/><\/a><a href=\"https:\/\/i0.wp.com\/ahoragranada-185c4.kxcdn.com\/wp-content\/uploads\/2022\/07\/incendio-en-los-montes-proximos-a-Pinos-Puente-Atarfe-y-Albolote-AC-9.jpg?ssl=1\"><img data-recalc-dims=\"1\" height=\"207\" width=\"370\" decoding=\"async\" src=\"https:\/\/i0.wp.com\/ahoragranada-185c4.kxcdn.com\/wp-content\/uploads\/2022\/07\/incendio-en-los-montes-proximos-a-Pinos-Puente-Atarfe-y-Albolote-AC-9-370x207.jpg?resize=370%2C207&#038;ssl=1\" alt=\"\" \/><\/a><a href=\"https:\/\/i0.wp.com\/ahoragranada-185c4.kxcdn.com\/wp-content\/uploads\/2022\/07\/incendio-en-los-montes-proximos-a-Pinos-Puente-Atarfe-y-Albolote-AC-10.jpg?ssl=1\"><img data-recalc-dims=\"1\" height=\"207\" width=\"370\" decoding=\"async\" src=\"https:\/\/i0.wp.com\/ahoragranada-185c4.kxcdn.com\/wp-content\/uploads\/2022\/07\/incendio-en-los-montes-proximos-a-Pinos-Puente-Atarfe-y-Albolote-AC-10-370x207.jpg?resize=370%2C207&#038;ssl=1\" alt=\"\" \/><\/a><a href=\"https:\/\/i0.wp.com\/ahoragranada-185c4.kxcdn.com\/wp-content\/uploads\/2022\/07\/incendio-en-los-montes-proximos-a-Pinos-Puente-Atarfe-y-Albolote-AC-11.jpg?ssl=1\"><img data-recalc-dims=\"1\" height=\"207\" width=\"370\" decoding=\"async\" src=\"https:\/\/i0.wp.com\/ahoragranada-185c4.kxcdn.com\/wp-content\/uploads\/2022\/07\/incendio-en-los-montes-proximos-a-Pinos-Puente-Atarfe-y-Albolote-AC-11-370x207.jpg?resize=370%2C207&#038;ssl=1\" alt=\"\" \/><\/a><a href=\"https:\/\/i0.wp.com\/ahoragranada-185c4.kxcdn.com\/wp-content\/uploads\/2022\/07\/incendio-en-los-montes-proximos-a-Pinos-Puente-Atarfe-y-Albolote-AC-12.jpg?ssl=1\"><img data-recalc-dims=\"1\" height=\"207\" width=\"370\" decoding=\"async\" src=\"https:\/\/i0.wp.com\/ahoragranada-185c4.kxcdn.com\/wp-content\/uploads\/2022\/07\/incendio-en-los-montes-proximos-a-Pinos-Puente-Atarfe-y-Albolote-AC-12-370x207.jpg?resize=370%2C207&#038;ssl=1\" alt=\"\" \/><\/a><a href=\"https:\/\/i0.wp.com\/ahoragranada-185c4.kxcdn.com\/wp-content\/uploads\/2022\/07\/incendio-en-los-montes-proximos-a-Pinos-Puente-Atarfe-y-Albolote-AC-13.jpg?ssl=1\"><img data-recalc-dims=\"1\" height=\"207\" width=\"370\" decoding=\"async\" src=\"https:\/\/i0.wp.com\/ahoragranada-185c4.kxcdn.com\/wp-content\/uploads\/2022\/07\/incendio-en-los-montes-proximos-a-Pinos-Puente-Atarfe-y-Albolote-AC-13-370x207.jpg?resize=370%2C207&#038;ssl=1\" alt=\"\" \/><\/a><a href=\"https:\/\/i0.wp.com\/ahoragranada-185c4.kxcdn.com\/wp-content\/uploads\/2022\/07\/incendio-en-los-montes-proximos-a-Pinos-Puente-Atarfe-y-Albolote-AC-14-1.jpg?ssl=1\"><img data-recalc-dims=\"1\" height=\"207\" width=\"370\" decoding=\"async\" src=\"https:\/\/i0.wp.com\/ahoragranada-185c4.kxcdn.com\/wp-content\/uploads\/2022\/07\/incendio-en-los-montes-proximos-a-Pinos-Puente-Atarfe-y-Albolote-AC-14-1-370x207.jpg?resize=370%2C207&#038;ssl=1\" alt=\"\" \/><\/a><a href=\"https:\/\/i0.wp.com\/ahoragranada-185c4.kxcdn.com\/wp-content\/uploads\/2022\/07\/incendio-en-los-montes-proximos-a-Pinos-Puente-Atarfe-y-Albolote-AC-15.jpg?ssl=1\"><img data-recalc-dims=\"1\" height=\"207\" width=\"370\" decoding=\"async\" src=\"https:\/\/i0.wp.com\/ahoragranada-185c4.kxcdn.com\/wp-content\/uploads\/2022\/07\/incendio-en-los-montes-proximos-a-Pinos-Puente-Atarfe-y-Albolote-AC-15-370x207.jpg?resize=370%2C207&#038;ssl=1\" alt=\"\" \/><\/a><a href=\"https:\/\/i0.wp.com\/ahoragranada-185c4.kxcdn.com\/wp-content\/uploads\/2022\/07\/incendio-en-los-montes-proximos-a-Pinos-Puente-Atarfe-y-Albolote-AC-16.jpg?ssl=1\"><img data-recalc-dims=\"1\" height=\"207\" width=\"370\" decoding=\"async\" src=\"https:\/\/i0.wp.com\/ahoragranada-185c4.kxcdn.com\/wp-content\/uploads\/2022\/07\/incendio-en-los-montes-proximos-a-Pinos-Puente-Atarfe-y-Albolote-AC-16-370x207.jpg?resize=370%2C207&#038;ssl=1\" alt=\"\" \/><\/a><a href=\"https:\/\/i0.wp.com\/ahoragranada-185c4.kxcdn.com\/wp-content\/uploads\/2022\/07\/incendio-en-los-montes-proximos-a-Pinos-Puente-Atarfe-y-Albolote-AC-17.jpg?ssl=1\"><img data-recalc-dims=\"1\" height=\"207\" width=\"370\" decoding=\"async\" src=\"https:\/\/i0.wp.com\/ahoragranada-185c4.kxcdn.com\/wp-content\/uploads\/2022\/07\/incendio-en-los-montes-proximos-a-Pinos-Puente-Atarfe-y-Albolote-AC-17-370x207.jpg?resize=370%2C207&#038;ssl=1\" alt=\"\" \/><\/a><a href=\"https:\/\/i0.wp.com\/ahoragranada-185c4.kxcdn.com\/wp-content\/uploads\/2022\/07\/incendio-en-los-montes-proximos-a-Pinos-Puente-Atarfe-y-Albolote-AC-18.jpg?ssl=1\"><img data-recalc-dims=\"1\" height=\"207\" width=\"370\" decoding=\"async\" src=\"https:\/\/i0.wp.com\/ahoragranada-185c4.kxcdn.com\/wp-content\/uploads\/2022\/07\/incendio-en-los-montes-proximos-a-Pinos-Puente-Atarfe-y-Albolote-AC-18-370x207.jpg?resize=370%2C207&#038;ssl=1\" alt=\"\" \/><\/a><a href=\"https:\/\/i0.wp.com\/ahoragranada-185c4.kxcdn.com\/wp-content\/uploads\/2022\/07\/incendio-en-los-montes-proximos-a-Pinos-Puente-Atarfe-y-Albolote-AC-19.jpg?ssl=1\"><img data-recalc-dims=\"1\" height=\"207\" width=\"370\" decoding=\"async\" src=\"https:\/\/i0.wp.com\/ahoragranada-185c4.kxcdn.com\/wp-content\/uploads\/2022\/07\/incendio-en-los-montes-proximos-a-Pinos-Puente-Atarfe-y-Albolote-AC-19-370x207.jpg?resize=370%2C207&#038;ssl=1\" alt=\"\" \/><\/a><a href=\"https:\/\/i0.wp.com\/ahoragranada-185c4.kxcdn.com\/wp-content\/uploads\/2022\/07\/incendio-en-los-montes-proximos-a-Pinos-Puente-Atarfe-y-Albolote-AC-20-1.jpg?ssl=1\"><img data-recalc-dims=\"1\" height=\"207\" width=\"370\" decoding=\"async\" src=\"https:\/\/i0.wp.com\/ahoragranada-185c4.kxcdn.com\/wp-content\/uploads\/2022\/07\/incendio-en-los-montes-proximos-a-Pinos-Puente-Atarfe-y-Albolote-AC-20-1-370x207.jpg?resize=370%2C207&#038;ssl=1\" alt=\"\" \/><\/a><a href=\"https:\/\/i0.wp.com\/ahoragranada-185c4.kxcdn.com\/wp-content\/uploads\/2022\/07\/incendio-en-los-montes-proximos-a-Pinos-Puente-Atarfe-y-Albolote-AC-22.jpg?ssl=1\"><img data-recalc-dims=\"1\" height=\"207\" width=\"370\" decoding=\"async\" src=\"https:\/\/i0.wp.com\/ahoragranada-185c4.kxcdn.com\/wp-content\/uploads\/2022\/07\/incendio-en-los-montes-proximos-a-Pinos-Puente-Atarfe-y-Albolote-AC-22-370x207.jpg?resize=370%2C207&#038;ssl=1\" alt=\"\" \/><\/a><a href=\"https:\/\/i0.wp.com\/ahoragranada-185c4.kxcdn.com\/wp-content\/uploads\/2022\/07\/incendio-en-los-montes-proximos-a-Pinos-Puente-Atarfe-y-Albolote-AC-23.jpg?ssl=1\"><img data-recalc-dims=\"1\" height=\"207\" width=\"370\" decoding=\"async\" src=\"https:\/\/i0.wp.com\/ahoragranada-185c4.kxcdn.com\/wp-content\/uploads\/2022\/07\/incendio-en-los-montes-proximos-a-Pinos-Puente-Atarfe-y-Albolote-AC-23-370x207.jpg?resize=370%2C207&#038;ssl=1\" alt=\"\" \/><\/a><a href=\"https:\/\/i0.wp.com\/ahoragranada-185c4.kxcdn.com\/wp-content\/uploads\/2022\/07\/incendio-en-los-montes-proximos-a-Pinos-Puente-Atarfe-y-Albolote-AC-24.jpg?ssl=1\"><img data-recalc-dims=\"1\" height=\"207\" width=\"370\" decoding=\"async\" src=\"https:\/\/i0.wp.com\/ahoragranada-185c4.kxcdn.com\/wp-content\/uploads\/2022\/07\/incendio-en-los-montes-proximos-a-Pinos-Puente-Atarfe-y-Albolote-AC-24-370x207.jpg?resize=370%2C207&#038;ssl=1\" alt=\"\" \/><\/a><a href=\"https:\/\/i0.wp.com\/ahoragranada-185c4.kxcdn.com\/wp-content\/uploads\/2022\/07\/incendio-en-los-montes-proximos-a-Pinos-Puente-Atarfe-y-Albolote-AC-25.jpg?ssl=1\"><img data-recalc-dims=\"1\" height=\"207\" width=\"370\" decoding=\"async\" src=\"https:\/\/i0.wp.com\/ahoragranada-185c4.kxcdn.com\/wp-content\/uploads\/2022\/07\/incendio-en-los-montes-proximos-a-Pinos-Puente-Atarfe-y-Albolote-AC-25-370x207.jpg?resize=370%2C207&#038;ssl=1\" alt=\"\" \/><\/a><a href=\"https:\/\/i0.wp.com\/ahoragranada-185c4.kxcdn.com\/wp-content\/uploads\/2022\/07\/incendio-en-los-montes-proximos-a-Pinos-Puente-Atarfe-y-Albolote-AC-26.jpg?ssl=1\"><img data-recalc-dims=\"1\" height=\"207\" width=\"370\" decoding=\"async\" src=\"https:\/\/i0.wp.com\/ahoragranada-185c4.kxcdn.com\/wp-content\/uploads\/2022\/07\/incendio-en-los-montes-proximos-a-Pinos-Puente-Atarfe-y-Albolote-AC-26-370x207.jpg?resize=370%2C207&#038;ssl=1\" alt=\"\" \/><\/a><a href=\"https:\/\/i0.wp.com\/ahoragranada-185c4.kxcdn.com\/wp-content\/uploads\/2022\/07\/incendio-en-los-montes-proximos-a-Pinos-Puente-Atarfe-y-Albolote-AC-27.jpg?ssl=1\"><img data-recalc-dims=\"1\" height=\"207\" width=\"370\" decoding=\"async\" src=\"https:\/\/i0.wp.com\/ahoragranada-185c4.kxcdn.com\/wp-content\/uploads\/2022\/07\/incendio-en-los-montes-proximos-a-Pinos-Puente-Atarfe-y-Albolote-AC-27-370x207.jpg?resize=370%2C207&#038;ssl=1\" alt=\"\" \/><\/a><a href=\"https:\/\/i0.wp.com\/ahoragranada-185c4.kxcdn.com\/wp-content\/uploads\/2022\/07\/incendio-en-los-montes-proximos-a-Pinos-Puente-Atarfe-y-Albolote-AC-28.jpg?ssl=1\"><img data-recalc-dims=\"1\" height=\"207\" width=\"370\" decoding=\"async\" src=\"https:\/\/i0.wp.com\/ahoragranada-185c4.kxcdn.com\/wp-content\/uploads\/2022\/07\/incendio-en-los-montes-proximos-a-Pinos-Puente-Atarfe-y-Albolote-AC-28-370x207.jpg?resize=370%2C207&#038;ssl=1\" alt=\"\" \/><\/a><a href=\"https:\/\/i0.wp.com\/ahoragranada-185c4.kxcdn.com\/wp-content\/uploads\/2022\/07\/incendio-en-los-montes-proximos-a-Pinos-Puente-Atarfe-y-Albolote-AC-29.jpg?ssl=1\"><img data-recalc-dims=\"1\" height=\"207\" width=\"370\" decoding=\"async\" src=\"https:\/\/i0.wp.com\/ahoragranada-185c4.kxcdn.com\/wp-content\/uploads\/2022\/07\/incendio-en-los-montes-proximos-a-Pinos-Puente-Atarfe-y-Albolote-AC-29-370x207.jpg?resize=370%2C207&#038;ssl=1\" alt=\"\" \/><\/a><a href=\"https:\/\/i0.wp.com\/ahoragranada-185c4.kxcdn.com\/wp-content\/uploads\/2022\/07\/incendio-en-los-montes-proximos-a-Pinos-Puente-Atarfe-y-Albolote-AC-30.jpg?ssl=1\"><img data-recalc-dims=\"1\" height=\"207\" width=\"370\" decoding=\"async\" src=\"https:\/\/i0.wp.com\/ahoragranada-185c4.kxcdn.com\/wp-content\/uploads\/2022\/07\/incendio-en-los-montes-proximos-a-Pinos-Puente-Atarfe-y-Albolote-AC-30-370x207.jpg?resize=370%2C207&#038;ssl=1\" alt=\"\" \/><\/a><a href=\"https:\/\/i0.wp.com\/ahoragranada-185c4.kxcdn.com\/wp-content\/uploads\/2022\/07\/incendio-en-los-montes-proximos-a-Pinos-Puente-Atarfe-y-Albolote-AC-31.jpg?ssl=1\"><img data-recalc-dims=\"1\" height=\"207\" width=\"370\" decoding=\"async\" src=\"https:\/\/i0.wp.com\/ahoragranada-185c4.kxcdn.com\/wp-content\/uploads\/2022\/07\/incendio-en-los-montes-proximos-a-Pinos-Puente-Atarfe-y-Albolote-AC-31-370x207.jpg?resize=370%2C207&#038;ssl=1\" alt=\"\" \/><\/a><a href=\"https:\/\/i0.wp.com\/ahoragranada-185c4.kxcdn.com\/wp-content\/uploads\/2022\/07\/incendio-en-los-montes-proximos-a-Pinos-Puente-Atarfe-y-Albolote-AC-32.jpg?ssl=1\"><img data-recalc-dims=\"1\" height=\"207\" width=\"370\" decoding=\"async\" src=\"https:\/\/i0.wp.com\/ahoragranada-185c4.kxcdn.com\/wp-content\/uploads\/2022\/07\/incendio-en-los-montes-proximos-a-Pinos-Puente-Atarfe-y-Albolote-AC-32-370x207.jpg?resize=370%2C207&#038;ssl=1\" alt=\"\" \/><\/a><a href=\"https:\/\/i0.wp.com\/ahoragranada-185c4.kxcdn.com\/wp-content\/uploads\/2022\/07\/incendio-en-los-montes-proximos-a-Pinos-Puente-Atarfe-y-Albolote-AC-33.jpg?ssl=1\"><img data-recalc-dims=\"1\" height=\"207\" width=\"370\" decoding=\"async\" src=\"https:\/\/i0.wp.com\/ahoragranada-185c4.kxcdn.com\/wp-content\/uploads\/2022\/07\/incendio-en-los-montes-proximos-a-Pinos-Puente-Atarfe-y-Albolote-AC-33-370x207.jpg?resize=370%2C207&#038;ssl=1\" alt=\"\" \/><\/a><a href=\"https:\/\/i0.wp.com\/ahoragranada-185c4.kxcdn.com\/wp-content\/uploads\/2022\/07\/incendio-en-los-montes-proximos-a-Pinos-Puente-Atarfe-y-Albolote-AC-34.jpg?ssl=1\"><img data-recalc-dims=\"1\" height=\"207\" width=\"370\" decoding=\"async\" src=\"https:\/\/i0.wp.com\/ahoragranada-185c4.kxcdn.com\/wp-content\/uploads\/2022\/07\/incendio-en-los-montes-proximos-a-Pinos-Puente-Atarfe-y-Albolote-AC-34-370x207.jpg?resize=370%2C207&#038;ssl=1\" alt=\"\" \/><\/a><a href=\"https:\/\/i0.wp.com\/ahoragranada-185c4.kxcdn.com\/wp-content\/uploads\/2022\/07\/incendio-en-los-montes-proximos-a-Pinos-Puente-Atarfe-y-Albolote-AC-35.jpg?ssl=1\"><img data-recalc-dims=\"1\" height=\"207\" width=\"370\" decoding=\"async\" src=\"https:\/\/i0.wp.com\/ahoragranada-185c4.kxcdn.com\/wp-content\/uploads\/2022\/07\/incendio-en-los-montes-proximos-a-Pinos-Puente-Atarfe-y-Albolote-AC-35-370x207.jpg?resize=370%2C207&#038;ssl=1\" alt=\"\" \/><\/a><a href=\"https:\/\/i0.wp.com\/ahoragranada-185c4.kxcdn.com\/wp-content\/uploads\/2022\/07\/incendio-en-los-montes-proximos-a-Pinos-Puente-Atarfe-y-Albolote-AC-36.jpg?ssl=1\"><img data-recalc-dims=\"1\" height=\"207\" width=\"370\" decoding=\"async\" src=\"https:\/\/i0.wp.com\/ahoragranada-185c4.kxcdn.com\/wp-content\/uploads\/2022\/07\/incendio-en-los-montes-proximos-a-Pinos-Puente-Atarfe-y-Albolote-AC-36-370x207.jpg?resize=370%2C207&#038;ssl=1\" alt=\"\" \/><\/a><a href=\"https:\/\/i0.wp.com\/ahoragranada-185c4.kxcdn.com\/wp-content\/uploads\/2022\/07\/incendio-en-los-montes-proximos-a-Pinos-Puente-Atarfe-y-Albolote-AC-37.jpg?ssl=1\"><img data-recalc-dims=\"1\" height=\"207\" width=\"370\" decoding=\"async\" src=\"https:\/\/i0.wp.com\/ahoragranada-185c4.kxcdn.com\/wp-content\/uploads\/2022\/07\/incendio-en-los-montes-proximos-a-Pinos-Puente-Atarfe-y-Albolote-AC-37-370x207.jpg?resize=370%2C207&#038;ssl=1\" alt=\"\" \/><\/a><a href=\"https:\/\/i0.wp.com\/ahoragranada-185c4.kxcdn.com\/wp-content\/uploads\/2022\/07\/incendio-en-los-montes-proximos-a-Pinos-Puente-Atarfe-y-Albolote-AC-38.jpg?ssl=1\"><img data-recalc-dims=\"1\" height=\"207\" width=\"370\" decoding=\"async\" src=\"https:\/\/i0.wp.com\/ahoragranada-185c4.kxcdn.com\/wp-content\/uploads\/2022\/07\/incendio-en-los-montes-proximos-a-Pinos-Puente-Atarfe-y-Albolote-AC-38-370x207.jpg?resize=370%2C207&#038;ssl=1\" alt=\"\" \/><\/a><a href=\"https:\/\/i0.wp.com\/ahoragranada-185c4.kxcdn.com\/wp-content\/uploads\/2022\/07\/incendio-en-los-montes-proximos-a-Pinos-Puente-Atarfe-y-Albolote-AC-39.jpg?ssl=1\"><img data-recalc-dims=\"1\" height=\"207\" width=\"370\" decoding=\"async\" src=\"https:\/\/i0.wp.com\/ahoragranada-185c4.kxcdn.com\/wp-content\/uploads\/2022\/07\/incendio-en-los-montes-proximos-a-Pinos-Puente-Atarfe-y-Albolote-AC-39-370x207.jpg?resize=370%2C207&#038;ssl=1\" alt=\"\" \/><\/a><a href=\"https:\/\/i0.wp.com\/ahoragranada-185c4.kxcdn.com\/wp-content\/uploads\/2022\/07\/incendio-en-los-montes-proximos-a-Pinos-Puente-Atarfe-y-Albolote-AC-40.jpg?ssl=1\"><img data-recalc-dims=\"1\" height=\"207\" width=\"370\" decoding=\"async\" src=\"https:\/\/i0.wp.com\/ahoragranada-185c4.kxcdn.com\/wp-content\/uploads\/2022\/07\/incendio-en-los-montes-proximos-a-Pinos-Puente-Atarfe-y-Albolote-AC-40-370x207.jpg?resize=370%2C207&#038;ssl=1\" alt=\"\" \/><\/a><a href=\"https:\/\/i0.wp.com\/ahoragranada-185c4.kxcdn.com\/wp-content\/uploads\/2022\/07\/incendio-en-los-montes-proximos-a-Pinos-Puente-Atarfe-y-Albolote-AC-41.jpg?ssl=1\"><img data-recalc-dims=\"1\" height=\"207\" width=\"370\" decoding=\"async\" src=\"https:\/\/i0.wp.com\/ahoragranada-185c4.kxcdn.com\/wp-content\/uploads\/2022\/07\/incendio-en-los-montes-proximos-a-Pinos-Puente-Atarfe-y-Albolote-AC-41-370x207.jpg?resize=370%2C207&#038;ssl=1\" alt=\"\" \/><\/a><a href=\"https:\/\/i0.wp.com\/ahoragranada-185c4.kxcdn.com\/wp-content\/uploads\/2022\/07\/incendio-en-los-montes-proximos-a-Pinos-Puente-Atarfe-y-Albolote-AC-42.jpg?ssl=1\"><img data-recalc-dims=\"1\" height=\"207\" width=\"370\" decoding=\"async\" src=\"https:\/\/i0.wp.com\/ahoragranada-185c4.kxcdn.com\/wp-content\/uploads\/2022\/07\/incendio-en-los-montes-proximos-a-Pinos-Puente-Atarfe-y-Albolote-AC-42-370x207.jpg?resize=370%2C207&#038;ssl=1\" alt=\"\" \/><\/a><a href=\"https:\/\/i0.wp.com\/ahoragranada-185c4.kxcdn.com\/wp-content\/uploads\/2022\/07\/incendio-en-los-montes-proximos-a-Pinos-Puente-Atarfe-y-Albolote-AC-43.jpg?ssl=1\"><img data-recalc-dims=\"1\" height=\"207\" width=\"370\" decoding=\"async\" src=\"https:\/\/i0.wp.com\/ahoragranada-185c4.kxcdn.com\/wp-content\/uploads\/2022\/07\/incendio-en-los-montes-proximos-a-Pinos-Puente-Atarfe-y-Albolote-AC-43-370x207.jpg?resize=370%2C207&#038;ssl=1\" alt=\"\" \/><\/a><a href=\"https:\/\/i0.wp.com\/ahoragranada-185c4.kxcdn.com\/wp-content\/uploads\/2022\/07\/incendio-en-los-montes-proximos-a-Pinos-Puente-Atarfe-y-Albolote-AC-44.jpg?ssl=1\"><img data-recalc-dims=\"1\" height=\"207\" width=\"370\" decoding=\"async\" src=\"https:\/\/i0.wp.com\/ahoragranada-185c4.kxcdn.com\/wp-content\/uploads\/2022\/07\/incendio-en-los-montes-proximos-a-Pinos-Puente-Atarfe-y-Albolote-AC-44-370x207.jpg?resize=370%2C207&#038;ssl=1\" alt=\"\" \/><\/a><a href=\"https:\/\/i0.wp.com\/ahoragranada-185c4.kxcdn.com\/wp-content\/uploads\/2022\/07\/incendio-en-los-montes-proximos-a-Pinos-Puente-Atarfe-y-Albolote-AC-45.jpg?ssl=1\"><img data-recalc-dims=\"1\" height=\"207\" width=\"370\" decoding=\"async\" src=\"https:\/\/i0.wp.com\/ahoragranada-185c4.kxcdn.com\/wp-content\/uploads\/2022\/07\/incendio-en-los-montes-proximos-a-Pinos-Puente-Atarfe-y-Albolote-AC-45-370x207.jpg?resize=370%2C207&#038;ssl=1\" alt=\"\" \/><\/a><\/div>\n<div id=\"gallery-banner\" class=\"\">\n<div class=\"publicidad\">\u00a0<\/div>\n<\/div>\n<div id=\"content-related\">\u00a0<\/div>\n<article class=\"fw main hentry post-209863 noticias type-noticias status-publish has-post-thumbnail hentry secciones-area-metropolitana etiquetas-galerias-de-fotos etiquetas-incendio-en-albolote etiquetas-incendio-en-atarfe etiquetas-incendio-en-pinos-puente etiquetas-incendio-en-sierra-elvira etiquetas-incendios-forestales etiquetas-sucesos etiquetas-sucesos-en-granada etiquetas-videos\">\n<section class=\"fw\">\n<div id=\"content-related\"><\/p>\n<div>\n<div class=\"item\">\n<figure><a href=\"https:\/\/www.ahoragranada.com\/noticias\/registrado-un-incendio-forestal-en-pinos-puente\/\"><img data-recalc-dims=\"1\" loading=\"lazy\" decoding=\"async\" class=\"attachment-thumbnail size-thumbnail wp-post-image\" src=\"https:\/\/i0.wp.com\/ahoragranada-185c4.kxcdn.com\/wp-content\/uploads\/2022\/07\/incendio-en-los-montes-proximos-a-Pinos-Puente-Atarfe-y-Albolote-AC-14-370x207.jpg?resize=370%2C207&#038;ssl=1\" sizes=\"auto, (max-width: 370px) 100vw, 370px\" srcset=\"https:\/\/ahoragranada-185c4.kxcdn.com\/wp-content\/uploads\/2022\/07\/incendio-en-los-montes-proximos-a-Pinos-Puente-Atarfe-y-Albolote-AC-14-370x207.jpg 370w, https:\/\/ahoragranada-185c4.kxcdn.com\/wp-content\/uploads\/2022\/07\/incendio-en-los-montes-proximos-a-Pinos-Puente-Atarfe-y-Albolote-AC-14-746x420.jpg 746w, https:\/\/ahoragranada-185c4.kxcdn.com\/wp-content\/uploads\/2022\/07\/incendio-en-los-montes-proximos-a-Pinos-Puente-Atarfe-y-Albolote-AC-14.jpg 969w\" alt=\"\" width=\"370\" height=\"207\" \/><\/a><\/figure>\n<h4><a href=\"https:\/\/www.ahoragranada.com\/noticias\/registrado-un-incendio-forestal-en-pinos-puente\/\">M\u00e1s de 90 efectivos del Infoca a pie y nueve a\u00e9reos para combatir el fuego en Atarfe, Albolote y Pinos Puente<\/a><\/h4>\n<\/div>\n<div class=\"item\">\n<figure><a href=\"https:\/\/www.ahoragranada.com\/noticias\/toda-la-noche-sin-tregua-para-luchar-contra-el-mayor-incendio-metropolitano-en-ocho-anos\/\"><img data-recalc-dims=\"1\" loading=\"lazy\" decoding=\"async\" class=\"attachment-thumbnail size-thumbnail wp-post-image\" src=\"https:\/\/i0.wp.com\/ahoragranada-185c4.kxcdn.com\/wp-content\/uploads\/2022\/07\/GIF-INCPINATALB-370x207.gif?resize=370%2C207&#038;ssl=1\" sizes=\"auto, (max-width: 370px) 100vw, 370px\" srcset=\"https:\/\/ahoragranada-185c4.kxcdn.com\/wp-content\/uploads\/2022\/07\/GIF-INCPINATALB-370x207.gif 370w, https:\/\/ahoragranada-185c4.kxcdn.com\/wp-content\/uploads\/2022\/07\/GIF-INCPINATALB-746x420.gif 746w\" alt=\"\" width=\"370\" height=\"207\" \/><\/a><\/figure>\n<h4><a href=\"https:\/\/www.ahoragranada.com\/noticias\/toda-la-noche-sin-tregua-para-luchar-contra-el-mayor-incendio-metropolitano-en-ocho-anos\/\">Toda la noche sin tregua para luchar contra el mayor incendio metropolitano en ocho a\u00f1os<\/a><\/h4>\n<\/div>\n<\/div>\n<\/div>\n<\/section>\n<\/article>\n<div class=\"w33 pl7 left col2\">\n<h4 class=\"section-title\">Noticias relacionadas<\/h4>\n<div class=\"related\">\n<article class=\"fw style3 post-209868 noticias type-noticias status-publish has-post-thumbnail hentry secciones-galerias-de-fotos etiquetas-galerias-de-fotos etiquetas-incendio-en-albolote etiquetas-incendio-en-atarfe etiquetas-incendio-en-pinos-puente etiquetas-incendios-forestales-en-granada\">\n<section class=\"fw\">\n<figure><a href=\"https:\/\/www.ahoragranada.com\/noticias\/las-fotos-del-fuego-que-tuvo-en-vilo-a-pinos-puente-atarfe-y-albolote\/\"><img data-recalc-dims=\"1\" loading=\"lazy\" decoding=\"async\" class=\"attachment-thumbnail size-thumbnail wp-post-image\" src=\"https:\/\/i0.wp.com\/ahoragranada-185c4.kxcdn.com\/wp-content\/uploads\/2022\/07\/incendio-en-los-montes-proximos-a-Pinos-Puente-Atarfe-y-Albolote-AC-28-370x207.jpg?resize=370%2C207&#038;ssl=1\" sizes=\"auto, (max-width: 370px) 100vw, 370px\" srcset=\"https:\/\/ahoragranada-185c4.kxcdn.com\/wp-content\/uploads\/2022\/07\/incendio-en-los-montes-proximos-a-Pinos-Puente-Atarfe-y-Albolote-AC-28-370x207.jpg 370w, https:\/\/ahoragranada-185c4.kxcdn.com\/wp-content\/uploads\/2022\/07\/incendio-en-los-montes-proximos-a-Pinos-Puente-Atarfe-y-Albolote-AC-28-746x420.jpg 746w, https:\/\/ahoragranada-185c4.kxcdn.com\/wp-content\/uploads\/2022\/07\/incendio-en-los-montes-proximos-a-Pinos-Puente-Atarfe-y-Albolote-AC-28.jpg 969w\" alt=\"\" width=\"370\" height=\"207\" \/><\/a><\/figure>\n<div class=\"article__container\">INCENDIO FORESTAL<\/p>\n<h3><a href=\"https:\/\/www.ahoragranada.com\/noticias\/las-fotos-del-fuego-que-tuvo-en-vilo-a-pinos-puente-atarfe-y-albolote\/\">Las fotos del fuego que tuvo en vilo a Pinos Puente, Atarfe y Albolote<\/a><\/h3>\n<\/div>\n<\/section>\n<\/article>\n<article class=\"fw style3 video post-209851 noticias type-noticias status-publish has-post-thumbnail hentry secciones-pinos-puente etiquetas-area-metropolitana etiquetas-incendio-en-albolote etiquetas-incendio-en-atarfe etiquetas-incendio-en-pinos-puente etiquetas-incendios-forestales etiquetas-pinos-puente etiquetas-sucesos etiquetas-sucesos-en-granada\">\n<section class=\"fw\">\n<figure><a href=\"https:\/\/www.ahoragranada.com\/noticias\/registrado-un-incendio-forestal-en-pinos-puente\/\"><img data-recalc-dims=\"1\" loading=\"lazy\" decoding=\"async\" class=\"attachment-thumbnail size-thumbnail wp-post-image\" src=\"https:\/\/i0.wp.com\/ahoragranada-185c4.kxcdn.com\/wp-content\/uploads\/2022\/07\/incendio-en-los-montes-proximos-a-Pinos-Puente-Atarfe-y-Albolote-AC-14-370x207.jpg?resize=370%2C207&#038;ssl=1\" sizes=\"auto, (max-width: 370px) 100vw, 370px\" srcset=\"https:\/\/ahoragranada-185c4.kxcdn.com\/wp-content\/uploads\/2022\/07\/incendio-en-los-montes-proximos-a-Pinos-Puente-Atarfe-y-Albolote-AC-14-370x207.jpg 370w, https:\/\/ahoragranada-185c4.kxcdn.com\/wp-content\/uploads\/2022\/07\/incendio-en-los-montes-proximos-a-Pinos-Puente-Atarfe-y-Albolote-AC-14-746x420.jpg 746w, https:\/\/ahoragranada-185c4.kxcdn.com\/wp-content\/uploads\/2022\/07\/incendio-en-los-montes-proximos-a-Pinos-Puente-Atarfe-y-Albolote-AC-14.jpg 969w\" alt=\"\" width=\"370\" height=\"207\" \/><\/a><\/figure>\n<div class=\"article__container\">INCENDIO FORESTAL<\/p>\n<h3><a href=\"https:\/\/www.ahoragranada.com\/noticias\/registrado-un-incendio-forestal-en-pinos-puente\/\">M\u00e1s de 90 efectivos del Infoca a pie y nueve a\u00e9reos para combatir el fuego en Atarfe, Albolote y Pinos Puente<\/a><\/h3>\n<\/div>\n<\/section>\n<\/article>\n<\/div>\n<\/div>\n<div class=\"w100 pr7 left col1\">\n<div class=\"more \">\n<h4 class=\"section-title\">Te puede interesar<\/h4>\n<article class=\"w50 left small style3 post-209868 noticias type-noticias status-publish has-post-thumbnail hentry secciones-galerias-de-fotos etiquetas-galerias-de-fotos etiquetas-incendio-en-albolote etiquetas-incendio-en-atarfe etiquetas-incendio-en-pinos-puente etiquetas-incendios-forestales-en-granada\">\n<section class=\"fw\">\n<figure><a href=\"https:\/\/www.ahoragranada.com\/noticias\/las-fotos-del-fuego-que-tuvo-en-vilo-a-pinos-puente-atarfe-y-albolote\/\"><img data-recalc-dims=\"1\" loading=\"lazy\" decoding=\"async\" class=\"attachment-thumbnail size-thumbnail wp-post-image\" src=\"https:\/\/i0.wp.com\/ahoragranada-185c4.kxcdn.com\/wp-content\/uploads\/2022\/07\/incendio-en-los-montes-proximos-a-Pinos-Puente-Atarfe-y-Albolote-AC-28-370x207.jpg?resize=370%2C207&#038;ssl=1\" sizes=\"auto, (max-width: 370px) 100vw, 370px\" srcset=\"https:\/\/ahoragranada-185c4.kxcdn.com\/wp-content\/uploads\/2022\/07\/incendio-en-los-montes-proximos-a-Pinos-Puente-Atarfe-y-Albolote-AC-28-370x207.jpg 370w, https:\/\/ahoragranada-185c4.kxcdn.com\/wp-content\/uploads\/2022\/07\/incendio-en-los-montes-proximos-a-Pinos-Puente-Atarfe-y-Albolote-AC-28-746x420.jpg 746w, https:\/\/ahoragranada-185c4.kxcdn.com\/wp-content\/uploads\/2022\/07\/incendio-en-los-montes-proximos-a-Pinos-Puente-Atarfe-y-Albolote-AC-28.jpg 969w\" alt=\"\" width=\"370\" height=\"207\" \/><\/a><\/figure>\n<div class=\"article__container\">INCENDIO FORESTAL<\/p>\n<h3 class=\"pr7\"><a href=\"https:\/\/www.ahoragranada.com\/noticias\/las-fotos-del-fuego-que-tuvo-en-vilo-a-pinos-puente-atarfe-y-albolote\/\">Las fotos del fuego que tuvo en vilo a Pinos Puente, Atarfe y Albolote<\/a><\/h3>\n<\/div>\n<\/section>\n<\/article>\n<article class=\"w50 left small style3 video post-209851 noticias type-noticias status-publish has-post-thumbnail hentry secciones-pinos-puente etiquetas-area-metropolitana etiquetas-incendio-en-albolote etiquetas-incendio-en-atarfe etiquetas-incendio-en-pinos-puente etiquetas-incendios-forestales etiquetas-pinos-puente etiquetas-sucesos etiquetas-sucesos-en-granada\">\n<section class=\"fw\">\n<figure><a href=\"https:\/\/www.ahoragranada.com\/noticias\/registrado-un-incendio-forestal-en-pinos-puente\/\"><img data-recalc-dims=\"1\" loading=\"lazy\" decoding=\"async\" class=\"attachment-thumbnail size-thumbnail wp-post-image\" src=\"https:\/\/i0.wp.com\/ahoragranada-185c4.kxcdn.com\/wp-content\/uploads\/2022\/07\/incendio-en-los-montes-proximos-a-Pinos-Puente-Atarfe-y-Albolote-AC-14-370x207.jpg?resize=370%2C207&#038;ssl=1\" sizes=\"auto, (max-width: 370px) 100vw, 370px\" srcset=\"https:\/\/ahoragranada-185c4.kxcdn.com\/wp-content\/uploads\/2022\/07\/incendio-en-los-montes-proximos-a-Pinos-Puente-Atarfe-y-Albolote-AC-14-370x207.jpg 370w, https:\/\/ahoragranada-185c4.kxcdn.com\/wp-content\/uploads\/2022\/07\/incendio-en-los-montes-proximos-a-Pinos-Puente-Atarfe-y-Albolote-AC-14-746x420.jpg 746w, https:\/\/ahoragranada-185c4.kxcdn.com\/wp-content\/uploads\/2022\/07\/incendio-en-los-montes-proximos-a-Pinos-Puente-Atarfe-y-Albolote-AC-14.jpg 969w\" alt=\"\" width=\"370\" height=\"207\" \/><\/a><\/figure>\n<div class=\"article__container\">INCENDIO FORESTAL<\/p>\n<h3 class=\"pr7\"><a href=\"https:\/\/www.ahoragranada.com\/noticias\/registrado-un-incendio-forestal-en-pinos-puente\/\">M\u00e1s de 90 efectivos del Infoca a pie y nueve a\u00e9reos para combatir el fuego en Atarfe, Albolote y Pinos Puente<\/a><\/h3>\n<\/div>\n<\/section>\n<\/article>\n<article class=\"w50 left small style3 post-152469 noticias type-noticias status-publish has-post-thumbnail hentry secciones-albolote etiquetas-albolote etiquetas-area-metropolitana etiquetas-incendio-en-albolote etiquetas-incendios-domesticos\">\n<section class=\"fw\">\n<div class=\"article__container\">\u00a0<\/div>\n<\/section>\n<\/article>\n<article class=\"w50 left small style3 post-109566 noticias type-noticias status-publish has-post-thumbnail hentry secciones-albolote secciones-area-metropolitana etiquetas-albolote etiquetas-area-metropolitana etiquetas-granada etiquetas-incendio-en-albolote etiquetas-muere-bebe-en-albolote etiquetas-sucesos\">\n<section class=\"fw\"><\/section>\n<\/article>\n<\/div>\n<\/div>\n<div id=\"missed\" class=\"fw\">\n<div class=\"fw\">\n<article class=\"post-209770 noticias type-noticias status-publish has-post-thumbnail hentry secciones-la-capital etiquetas-expediente-sala-prince etiquetas-realejo etiquetas-sala-prince-granada etiquetas-tribunal-supremo etiquetas-tribunales\">\n<section class=\"fw\">\n<div class=\"article__container\">\u00a0<\/div>\n<\/section>\n<\/article>\n<\/div>\n<div class=\"fw\">\u00a0<\/div>\n<\/div>\n<p><ins id=\"aswift_2_expand\" tabindex=\"0\" title=\"Advertisement\" aria-label=\"Advertisement\"><\/ins><ins id=\"aswift_2_anchor\"><strong>AHORA GRANADA<\/strong><\/ins><\/p>\n<blockquote class=\"wp-embedded-content\" data-secret=\"MPTuOCPLnV\"><p><a href=\"https:\/\/www.ahoragranada.com\/noticias\/toda-la-noche-sin-tregua-para-luchar-contra-el-mayor-incendio-metropolitano-en-ocho-anos\/\">Toda la noche sin tregua para luchar contra el mayor incendio metropolitano en ocho a\u00f1os<\/a><\/p><\/blockquote>\n<p><iframe loading=\"lazy\" class=\"wp-embedded-content\" sandbox=\"allow-scripts\" security=\"restricted\" style=\"position: absolute; visibility: hidden;\" title=\"\u00abToda la noche sin tregua para luchar contra el mayor incendio metropolitano en ocho a\u00f1os\u00bb \u2014 Ahora Granada\" src=\"https:\/\/www.ahoragranada.com\/noticias\/toda-la-noche-sin-tregua-para-luchar-contra-el-mayor-incendio-metropolitano-en-ocho-anos\/embed\/#?secret=DXwRFonMdf#?secret=MPTuOCPLnV\" data-secret=\"MPTuOCPLnV\" width=\"600\" height=\"338\" frameborder=\"0\" marginwidth=\"0\" marginheight=\"0\" scrolling=\"no\"><\/iframe><\/p>\n<p>&nbsp;<\/p>\n","protected":false},"excerpt":{"rendered":"<p>A la espera de medici\u00f3n definitiva, las primeras estimaciones superan ya las 250 hect\u00e1reas afectadas&#8230;<\/p>\n","protected":false},"author":1,"featured_media":55690,"comment_status":"closed","ping_status":"closed","sticky":false,"template":"","format":"standard","meta":{"_coblocks_attr":"","_coblocks_dimensions":"","_coblocks_responsive_height":"","_coblocks_accordion_ie_support":"","jetpack_post_was_ever_published":false,"_jetpack_newsletter_access":"","_jetpack_dont_email_post_to_subs":false,"_jetpack_newsletter_tier_id":0,"_jetpack_memberships_contains_paywalled_content":false,"_jetpack_memberships_contains_paid_content":false,"footnotes":"","jetpack_publicize_message":"","jetpack_publicize_feature_enabled":true,"jetpack_social_post_already_shared":true,"jetpack_social_options":{"image_generator_settings":{"template":"highway","default_image_id":0,"enabled":false},"version":2}},"categories":[2,7725,6916,1161,44,15],"tags":[81,7706,4616],"class_list":["post-55689","post","type-post","status-publish","format-standard","has-post-thumbnail","hentry","category-atarfe","category-atarfe-sostenible","category-ayuntamiento-de-atarfe","category-ciudadania","category-noticias-de-hoy","category-ultimas-noticias","tag-atarfe","tag-incendio","tag-la-moleona"],"jetpack_publicize_connections":[],"jetpack_featured_media_url":"https:\/\/i0.wp.com\/miradordeatarfe.es\/wp-content\/uploads\/2022\/07\/incendio-en-los-montes-proximos-a-Pinos-Puente-Atarfe-y-Albolote-AC-17.jpg?fit=969%2C545&ssl=1","jetpack_likes_enabled":true,"jetpack_sharing_enabled":true,"_links":{"self":[{"href":"https:\/\/miradordeatarfe.es\/index.php?rest_route=\/wp\/v2\/posts\/55689","targetHints":{"allow":["GET"]}}],"collection":[{"href":"https:\/\/miradordeatarfe.es\/index.php?rest_route=\/wp\/v2\/posts"}],"about":[{"href":"https:\/\/miradordeatarfe.es\/index.php?rest_route=\/wp\/v2\/types\/post"}],"author":[{"embeddable":true,"href":"https:\/\/miradordeatarfe.es\/index.php?rest_route=\/wp\/v2\/users\/1"}],"replies":[{"embeddable":true,"href":"https:\/\/miradordeatarfe.es\/index.php?rest_route=%2Fwp%2Fv2%2Fcomments&post=55689"}],"version-history":[{"count":1,"href":"https:\/\/miradordeatarfe.es\/index.php?rest_route=\/wp\/v2\/posts\/55689\/revisions"}],"predecessor-version":[{"id":55691,"href":"https:\/\/miradordeatarfe.es\/index.php?rest_route=\/wp\/v2\/posts\/55689\/revisions\/55691"}],"wp:featuredmedia":[{"embeddable":true,"href":"https:\/\/miradordeatarfe.es\/index.php?rest_route=\/wp\/v2\/media\/55690"}],"wp:attachment":[{"href":"https:\/\/miradordeatarfe.es\/index.php?rest_route=%2Fwp%2Fv2%2Fmedia&parent=55689"}],"wp:term":[{"taxonomy":"category","embeddable":true,"href":"https:\/\/miradordeatarfe.es\/index.php?rest_route=%2Fwp%2Fv2%2Fcategories&post=55689"},{"taxonomy":"post_tag","embeddable":true,"href":"https:\/\/miradordeatarfe.es\/index.php?rest_route=%2Fwp%2Fv2%2Ftags&post=55689"}],"curies":[{"name":"wp","href":"https:\/\/api.w.org\/{rel}","templated":true}]}}