{"id":55692,"date":"2022-07-27T13:03:59","date_gmt":"2022-07-27T11:03:59","guid":{"rendered":"https:\/\/miradordeatarfe.es\/?p=55692"},"modified":"2022-07-27T13:04:26","modified_gmt":"2022-07-27T11:04:26","slug":"el-incendio-forestal-quemo-mas-de-250-hectareas-entre-atarfe-pinos-puente-santa-fe-y-albolote","status":"publish","type":"post","link":"https:\/\/miradordeatarfe.es\/?p=55692","title":{"rendered":"El incendio forestal quem\u00f3 m\u00e1s de 250 hect\u00e1reas entre Atarfe, Pinos Puente, Santa Fe y Albolote"},"content":{"rendered":"<div class=\"voc-article-container\">\n<article class=\"voc-article voc-article--detail voc-article--detail--base voc-article--photo-bottom\">\n<div class=\"voc-info-container\">\n<h2 class=\"voc-sub-title\">La superficie calcinada es la equivalente a m\u00e1s de 350 campos de f\u00fatbol y la zona m\u00e1s sensible que ardi\u00f3 fue una masa arb\u00f3rea de Sierra Elvira<\/h2>\n<\/div>\n<\/article>\n<\/div>\n<div class=\"voc-detail\" data-voc-share-selection=\"\">\n<p class=\"voc-paragraph\">El incendio forestal declarado en el Cerro del Infante de Pinos Puente la tarde del lunes ha calcinado, al menos, 250 hect\u00e1reas de masa forestal, seg\u00fan estiman bomberos del Infoca de los que estuvieron sofocando las llamas. De momento, el Infoca no ha comunicado la cifra oficial de la superficie arrasada por las llamas.<\/p>\n<p class=\"voc-paragraph\">El fuego, que comenz\u00f3 pasadas las 16 horas, fue estabilizado a las 4 horas de ayer y se dio por controlado a las 12 del mediod\u00eda del martes. Las llamas han afectado a los t\u00e9rminos municipales de Pinos Puente, Atarfe y Albolote llev\u00e1ndose por delante vegetaci\u00f3n de sotobosque, matorral y masa arb\u00f3rea, principalmente, en la zona de Sierra Elvira. La superficie calcinada es la equivalente a 357 campos de f\u00fatbol, teniendo en cuenta que un terreno de juego mide 0,7 hect\u00e1reas.<\/p>\n<p class=\"voc-paragraph\">La noche se hizo larga para los bomberos del Infoca que se emplearon a fondo para conseguir a las cuatro de la madrugada de ayer martes tener estabilizado el incendio, es decir, crear una l\u00ednea perimetral para evitar que el fuego siga avanzando. Ocho horas despu\u00e9s, los operarios del Infoca lo dieron por controlado.<\/p>\n<p class=\"voc-paragraph\">El Seprona, Servicio de Protecci\u00f3n de la Naturaleza, de la Guardia Civil es el encargado de investigar las causas que han originado este incendio forestal. De momento, no se descarta que una negligencia humana o la misma intencionalidad de alg\u00fan pir\u00f3mano est\u00e9 detr\u00e1s de este siniestro. Dicho de otra manera, Bomberos de Granada ha acudido ya en este verano en m\u00e1s de dos ocasiones al Cerro del Infante de Pinos Puente, lugar donde se origin\u00f3 el fuego, y la mayor\u00eda de las veces que ha ardido la zona ha sido por peque\u00f1os fuegos en \u00e1reas donde hay abandonadas bolsas grandes de basura con restos de marihuana. \u00abEs una zona donde acudimos con bastante frecuencia por culpa de las basuras generadas por los cultivos de marihuana que dejan all\u00ed abandonadas\u00bb, apunta un bombero de la capital granadina consultado por IDEAL.<\/p>\n<div class=\"voc-detail__cmp voc-detail__cmp--title voc-detail__cmp--no-margin\">\n<h3 class=\"voc-detail__title\">Sin heridos<\/h3>\n<\/div>\n<p class=\"voc-paragraph\">La suerte quiso que no hubiera heridos, ni siquiera hizo falta evacuar grandes urbanizaciones como la del Torre\u00f3n de Albolote pese a que estaba activado el nivel 1 de emergencias. Todo estaba preparado para efectuar los desalojos de viviendas cercanas al fuego. \u00abSolo si las llamas se acercaban mucho hubi\u00e9ramos avisado a la gente para que abandonara sus viviendas, pero no hizo falta\u00bb, apuntaron ayer desde Protecci\u00f3n Civil, un colectivo que mantuvo a 35 voluntarios al pie del ca\u00f1\u00f3n durante la madrugada, principalmente, de las agrupaciones de Atarfe, Albolote, Santa Fe y Granada, entre otras.<\/p>\n<p class=\"voc-paragraph\">Los bomberos forestales del Infoca continuaban ayer tarde refrescando toda la superficie quemada para evitar que las llamas volvieran a renacer entre los restos calcinados. Estaba previsto que al menos quedara un ret\u00e9n en la zona durante la noche para vigilar el \u00e1rea quemada.<\/p>\n<p><a class=\"voc-author\" title=\"JOS\u00c9 R. VILLALBA\"><strong>JOS\u00c9 R. VILLALBA<\/strong> <\/a><br \/>\n<time datetime=\"2022-07-27T06:19:09Z\"><\/time><\/p>\n<p>FOTO: <span class=\"voc-photo-caption\">Un helic\u00f3ptero del Infoca sobre la superficie que ard\u00eda el lunes por la tarde. \/ <\/span><span class=\"voc-photo-author\">pepe mar\u00edn<\/span><\/p>\n<p>https:\/\/www.ideal.es\/granada\/quemadas-hectareas-incendio-20220727191511-nt.html<\/p>\n<\/div>\n","protected":false},"excerpt":{"rendered":"<p>La superficie calcinada es la equivalente a m\u00e1s de 350 campos de f\u00fatbol y la&#8230;<\/p>\n","protected":false},"author":1,"featured_media":55693,"comment_status":"closed","ping_status":"closed","sticky":false,"template":"","format":"standard","meta":{"_coblocks_attr":"","_coblocks_dimensions":"","_coblocks_responsive_height":"","_coblocks_accordion_ie_support":"","jetpack_post_was_ever_published":false,"_jetpack_newsletter_access":"","_jetpack_dont_email_post_to_subs":false,"_jetpack_newsletter_tier_id":0,"_jetpack_memberships_contains_paywalled_content":false,"_jetpack_memberships_contains_paid_content":false,"footnotes":"","jetpack_publicize_message":"","jetpack_publicize_feature_enabled":true,"jetpack_social_post_already_shared":true,"jetpack_social_options":{"image_generator_settings":{"template":"highway","default_image_id":0,"enabled":false},"version":2}},"categories":[2,1161,9,44,15],"tags":[2974,9443],"class_list":["post-55692","post","type-post","status-publish","format-standard","has-post-thumbnail","hentry","category-atarfe","category-ciudadania","category-medio-ambiente","category-noticias-de-hoy","category-ultimas-noticias","tag-fuego","tag-incendio-sierra-elvira"],"jetpack_publicize_connections":[],"jetpack_featured_media_url":"https:\/\/i0.wp.com\/miradordeatarfe.es\/wp-content\/uploads\/2022\/07\/fuego.jpg?fit=624%2C385&ssl=1","jetpack_likes_enabled":true,"jetpack_sharing_enabled":true,"_links":{"self":[{"href":"https:\/\/miradordeatarfe.es\/index.php?rest_route=\/wp\/v2\/posts\/55692","targetHints":{"allow":["GET"]}}],"collection":[{"href":"https:\/\/miradordeatarfe.es\/index.php?rest_route=\/wp\/v2\/posts"}],"about":[{"href":"https:\/\/miradordeatarfe.es\/index.php?rest_route=\/wp\/v2\/types\/post"}],"author":[{"embeddable":true,"href":"https:\/\/miradordeatarfe.es\/index.php?rest_route=\/wp\/v2\/users\/1"}],"replies":[{"embeddable":true,"href":"https:\/\/miradordeatarfe.es\/index.php?rest_route=%2Fwp%2Fv2%2Fcomments&post=55692"}],"version-history":[{"count":3,"href":"https:\/\/miradordeatarfe.es\/index.php?rest_route=\/wp\/v2\/posts\/55692\/revisions"}],"predecessor-version":[{"id":55696,"href":"https:\/\/miradordeatarfe.es\/index.php?rest_route=\/wp\/v2\/posts\/55692\/revisions\/55696"}],"wp:featuredmedia":[{"embeddable":true,"href":"https:\/\/miradordeatarfe.es\/index.php?rest_route=\/wp\/v2\/media\/55693"}],"wp:attachment":[{"href":"https:\/\/miradordeatarfe.es\/index.php?rest_route=%2Fwp%2Fv2%2Fmedia&parent=55692"}],"wp:term":[{"taxonomy":"category","embeddable":true,"href":"https:\/\/miradordeatarfe.es\/index.php?rest_route=%2Fwp%2Fv2%2Fcategories&post=55692"},{"taxonomy":"post_tag","embeddable":true,"href":"https:\/\/miradordeatarfe.es\/index.php?rest_route=%2Fwp%2Fv2%2Ftags&post=55692"}],"curies":[{"name":"wp","href":"https:\/\/api.w.org\/{rel}","templated":true}]}}