{"id":5570,"date":"2015-12-23T07:34:24","date_gmt":"2015-12-23T07:34:24","guid":{"rendered":"http:\/\/miradordeatarfe.es\/?p=5570"},"modified":"2015-12-23T08:43:47","modified_gmt":"2015-12-23T08:43:47","slug":"el-parque-de-las-ciencias-celebra-la-navidad-con-una-programacion-especial-de-actividades-para-todos-los-publicos","status":"publish","type":"post","link":"https:\/\/miradordeatarfe.es\/?p=5570","title":{"rendered":"El Parque de las Ciencias celebra la Navidad con una programaci\u00f3n especial de actividades para todos los p\u00fablicos"},"content":{"rendered":"<div class=\"\">\n<div class=\"subtitulo_texto_educacion\" style=\"text-align: justify;\">Talleres, demostraciones, actuaciones musicales y la tradicional propuesta de &#8216;Juguetes conCiencia&#8217; integran la oferta del museo para los d\u00edas de vacaciones<\/div>\n<p style=\"text-align: justify;\"><!--more--><\/p>\n<p>El Parque de las Ciencias de Granada ofrece hasta el 5 de enero una programaci\u00f3n especial para el periodo vacacional bajo el t\u00edtulo de &#8216;Navidad con ciencia&#8217; y con actividades dirigidas al p\u00fablico de todas las edades. Talleres, demostraciones, m\u00fasica y astronom\u00eda se suman a la oferta habitual del museo durante estos d\u00edas, cuyos visitantes tienen tambi\u00e9n la oportunidad de ver la exposici\u00f3n \u2018Momias. Testigos del pasado\u2019, que se clausura el pr\u00f3ximo 10 de enero.<br class=\"\" \/><\/p>\n<div class=\"caja_imagen_derecha_texto_educacion\" style=\"text-align: justify;\">\n<div class=\"texto_parrafo_texto_educacion\"><br class=\"\" \/>\u2018Juguetes conCiencia\u2019 es una de las principales propuestas para estas fechas. A trav\u00e9s de este taller el Parque de las Ciencias quiere acercar a las familias al uso de material l\u00fadico con car\u00e1cter cient\u00edfico: juguetes antiguos y modernos en los que la ciencia, la imaginaci\u00f3n y la creatividad juegan un papel fundamental. <br class=\"\" \/> <br class=\"\" \/>Los artilugios que se muestran requieren diferentes tipos de energ\u00eda para accionarlos y est\u00e1n basados en variados principios f\u00edsicos para su funcionamiento. Unos se centran en la \u00f3ptica, otros en el magnetismo y la mayor\u00eda ayudan a conocer mediante el juego distintos aspectos de la f\u00edsica y la mec\u00e1nica.<br class=\"\" \/> <br class=\"\" \/>La Navidad de 2015 est\u00e1 as\u00ed repleta de actividades ideadas para disfrutar en familia. \u00c1reas tan diversas como la naturaleza, la prevenci\u00f3n, la rob\u00f3tica o la biolog\u00eda centran los talleres que se ofertar\u00e1n a diario. El programa comienza el viernes 18 de diciembre con la tradicional recogida de aceituna en el \u00c1rea Etnobot\u00e1nica del museo y a la que podr\u00e1n asistir y participar los visitantes que lo deseen. <br class=\"\" \/> <br class=\"\" \/>Tambi\u00e9n habr\u00e1 talleres como \u2018Entre Robots\u2019, en el que el p\u00fablico podr\u00e1 dise\u00f1ar su propio robot; \u2018Macetohuertos\u2019 dar\u00e1 las claves para cultivar un huerto o un jard\u00edn embotellado; &#8216;Seguridad bajo cero&#8217; explicar\u00e1 medidas de prevenci\u00f3n y seguridad usando nitr\u00f3geno l\u00edquido y en &#8216;\u00a1Me ha picado! Picaduras y venenos en los insectos&#8217; se vincular\u00e1 el conocimiento de los insectos con los efectos de su picadura en la piel humana.<br class=\"\" \/> <br class=\"\" \/>Los m\u00e1s peque\u00f1os podr\u00e1n disfrutar durante todas las vacaciones de los espacios del museo creados espec\u00edficamente para el fomento de la curiosidad a partir de estas edades. Las Salas &#8216;Explora&#8217;, \u2018Explora el desv\u00e1n del museo\u2019, \u2018Explora con Seguridad\u2019 y el \u2018Planetario Explora\u2019 abrir\u00e1n todos los d\u00edas y en el hall del Edificio P\u00e9ndulo podr\u00e1n tocar el piano con los pies gracias a la instalaci\u00f3n de un piano de circuitos electr\u00f3nicos.<br class=\"\" \/> <br class=\"\" \/>La m\u00fasica tambi\u00e9n estar\u00e1 presente en el museo los d\u00edas 19 y 23 de diciembre. El s\u00e1bado 19, a las 12.00 horas, el Coro Gospel Sounds actuar\u00e1 en la Terraza interior del Macroscopio en un concierto abierto al p\u00fablico y el mi\u00e9rcoles 23 de diciembre, de 12 a 14 horas, los visitantes del museo podr\u00e1n disfrutar de m\u00fasica en directo por los diferentes espacios del Parque de las Ciencias gracias a la colaboraci\u00f3n de Iniciativas Musicales.<\/div>\n<\/div>\n<\/div>\n<div class=\"separador_seccion_texto_educacion\" style=\"text-align: justify;\"><\/div>\n<div class=\"sangrado_seccion00px_texto_educacion\">\n<div class=\"negrita_texto_educacion texto_parrafo_texto_educacion\" style=\"text-align: justify;\">Exposiciones temporales<\/div>\n<div class=\"\" style=\"text-align: justify;\">\n<div class=\"texto_parrafo_texto_educacion\">A todo ello hay que sumarle las exposiciones temporales &#8216;Momias. Testigos del pasado&#8217;, &#8216;SOS. La ciencia de prevenir&#8217; y &#8216;Piel de cera&#8217;, as\u00ed como de los talleres que se organizan en ellas, y el contenido permanente del museo: los pabellones &#8216;Viaje al Cuerpo Humano&#8217;, &#8216;Al \u00c1ndalus y la Ciencia&#8217;, &#8216;Cultura de la Prevenci\u00f3n&#8217;; las salas &#8216;Eureka&#8217;, &#8216;Percepci\u00f3n&#8217; y &#8216;Biosfera&#8217;; el Planetario Digital; los exteriores; el Taller Rapaces en Vuelo; la Torre de Observaci\u00f3n y el Jard\u00edn de la Astronom\u00eda, entre otros.<br class=\"\" \/> <br class=\"\" \/>Este a\u00f1o tambi\u00e9n se ofrece la posibilidad de visitar la exposici\u00f3n &#8217;20 a\u00f1os del Parque de las Ciencias. Un proyecto para crecer&#8217;, instalada en el Centro de Exposiciones CajaGranada de Puerta Real. La muestra refleja la esencia del museo combinando propuestas interactivas y talleres guiados con un recorrido por estas dos \u00faltimas d\u00e9cadas a trav\u00e9s de textos, v\u00eddeos, objetos, fotograf\u00edas, etc., que recuerdan los principales hitos y an\u00e9cdotas desde su inauguraci\u00f3n en 1995. <br class=\"\" \/> <br class=\"\" \/>Adem\u00e1s, en el marco de la exposici\u00f3n y con motivo del periodo navide\u00f1o se han organizado lecturas de cuentos en el Planetario Burbuja. As\u00ed, bajo el t\u00edtulo &#8216;Lee y viaja por el espacio con Ori\u00f3n el Cazador y El rat\u00f3n en la Luna&#8217; se organizar\u00e1 una sesi\u00f3n diaria de martes a s\u00e1bado a las 19.30 horas y los domingos a las 13.00 horas.<br class=\"\" \/> <br class=\"\" \/>En el periodo festivo el Parque de las Ciencias tendr\u00e1 un horario especial. Los domingos y los d\u00edas 24 y 31 de diciembre abrir\u00e1 de 10 a 15.00 horas. El resto de d\u00edas tendr\u00e1 horario ininterrumpido de 10 a 19.00 horas exceptuando los lunes, y los d\u00edas 25 de diciembre y 1 y 6 de enero que permanecer\u00e1 cerrado.<\/div>\n<\/div>\n<div class=\"separador_seccion_texto_educacion\" style=\"text-align: justify;\"><\/div>\n<\/div>\n","protected":false},"excerpt":{"rendered":"<p>Talleres, demostraciones, actuaciones musicales y la tradicional propuesta de &#8216;Juguetes conCiencia&#8217; integran la oferta del&#8230;<\/p>\n","protected":false},"author":1,"featured_media":5571,"comment_status":"closed","ping_status":"closed","sticky":false,"template":"","format":"standard","meta":{"_coblocks_attr":"","_coblocks_dimensions":"","_coblocks_responsive_height":"","_coblocks_accordion_ie_support":"","jetpack_post_was_ever_published":false,"_jetpack_newsletter_access":"","_jetpack_dont_email_post_to_subs":false,"_jetpack_newsletter_tier_id":0,"_jetpack_memberships_contains_paywalled_content":false,"_jetpack_memberships_contains_paid_content":false,"footnotes":"","jetpack_publicize_message":"","jetpack_publicize_feature_enabled":true,"jetpack_social_post_already_shared":false,"jetpack_social_options":{"image_generator_settings":{"template":"highway","default_image_id":0,"enabled":false},"version":2}},"categories":[12,44,15],"tags":[90,129,133],"class_list":["post-5570","post","type-post","status-publish","format-standard","has-post-thumbnail","hentry","category-cultura","category-noticias-de-hoy","category-ultimas-noticias","tag-cultura","tag-granada","tag-parque-de-las-ciencias"],"jetpack_publicize_connections":[],"jetpack_featured_media_url":"https:\/\/i0.wp.com\/miradordeatarfe.es\/wp-content\/uploads\/2015\/12\/1450431871901_navidad_2015_parque_de_las_ciencias.jpg?fit=285%2C190&ssl=1","jetpack_likes_enabled":true,"jetpack_sharing_enabled":true,"_links":{"self":[{"href":"https:\/\/miradordeatarfe.es\/index.php?rest_route=\/wp\/v2\/posts\/5570","targetHints":{"allow":["GET"]}}],"collection":[{"href":"https:\/\/miradordeatarfe.es\/index.php?rest_route=\/wp\/v2\/posts"}],"about":[{"href":"https:\/\/miradordeatarfe.es\/index.php?rest_route=\/wp\/v2\/types\/post"}],"author":[{"embeddable":true,"href":"https:\/\/miradordeatarfe.es\/index.php?rest_route=\/wp\/v2\/users\/1"}],"replies":[{"embeddable":true,"href":"https:\/\/miradordeatarfe.es\/index.php?rest_route=%2Fwp%2Fv2%2Fcomments&post=5570"}],"version-history":[{"count":1,"href":"https:\/\/miradordeatarfe.es\/index.php?rest_route=\/wp\/v2\/posts\/5570\/revisions"}],"predecessor-version":[{"id":5572,"href":"https:\/\/miradordeatarfe.es\/index.php?rest_route=\/wp\/v2\/posts\/5570\/revisions\/5572"}],"wp:featuredmedia":[{"embeddable":true,"href":"https:\/\/miradordeatarfe.es\/index.php?rest_route=\/wp\/v2\/media\/5571"}],"wp:attachment":[{"href":"https:\/\/miradordeatarfe.es\/index.php?rest_route=%2Fwp%2Fv2%2Fmedia&parent=5570"}],"wp:term":[{"taxonomy":"category","embeddable":true,"href":"https:\/\/miradordeatarfe.es\/index.php?rest_route=%2Fwp%2Fv2%2Fcategories&post=5570"},{"taxonomy":"post_tag","embeddable":true,"href":"https:\/\/miradordeatarfe.es\/index.php?rest_route=%2Fwp%2Fv2%2Ftags&post=5570"}],"curies":[{"name":"wp","href":"https:\/\/api.w.org\/{rel}","templated":true}]}}