{"id":55735,"date":"2022-09-02T10:05:34","date_gmt":"2022-09-02T08:05:34","guid":{"rendered":"https:\/\/miradordeatarfe.es\/?p=55735"},"modified":"2022-08-27T14:14:15","modified_gmt":"2022-08-27T12:14:15","slug":"agustina-la-musa-de-lorca-ejecutada-en-el-mismo-barranco-que-el-poeta","status":"publish","type":"post","link":"https:\/\/miradordeatarfe.es\/?p=55735","title":{"rendered":"Agustina, la musa de Lorca ejecutada en el mismo barranco que el poeta"},"content":{"rendered":"<h3 class=\"voc-sub-title\" style=\"text-align: justify;\">Fue la primera mujer pol\u00edtica en Granada y rompi\u00f3 con los moldes establecidos. Sufri\u00f3 el machismo en primera persona hasta su triste final, cuando suplic\u00f3 \u00abclemencia a las estrellas\u00bb<\/h3>\n<p class=\"voc-paragraph\" style=\"text-align: justify;\">\u00abLe he metido dos tiros a Lorca por maric\u00f3n\u00bb. La frase retumba al leerla como lo hicieron aquellas balas. Es de sobra conocida, pero est\u00e1 incompleta. El que la pronunci\u00f3, Juan Luis Trescastro, a\u00f1adi\u00f3: \u00abY a Agustina por puta\u00bb. La segunda parte de esta afirmaci\u00f3n ha quedado en el olvido, como ella, Agustina, una mujer extraordinaria que nunca ha recibido el reconocimiento que merec\u00eda. Su apasionante vida se vio truncada una semana como esta, en agosto de 1936, hace ya 86 a\u00f1os.<\/p>\n<div class=\"voc-detail__cmp\" style=\"text-align: justify;\">\n<div class=\"voc-article-container\">\n<article class=\"voc-article voc-article--cmp-related voc-article--photo-left voc-article--photo-left--right-xs voc-home-tit-st\">\n<div class=\"voc-img-container \"><a class=\"voc-horizontal  voc-img-icon-link\" href=\"https:\/\/www.ideal.es\/culturas\/encontrar-lorca-barranco-victimas-viznar-20220819183058-nt.html#vca=modulos&amp;vso=ideal&amp;vmc=noticias-rel-cmp&amp;vli=culturas\"><img data-recalc-dims=\"1\" decoding=\"async\" class=\"lazy alignleft\" src=\"https:\/\/i0.wp.com\/static2.ideal.es\/www\/multimedia\/202208\/19\/media\/cortadas\/viznar-kDdD-U1701013205617sC-624x385%40Ideal.jpg?w=640&#038;ssl=1\" alt=\"\u00abEl fin no es encontrar a Lorca, sino a los 300 que hay en el barranco de V\u00edznar\u00bb\" data-original=\"\n                                                \/\/static2.ideal.es\/www\/multimedia\/202208\/19\/media\/cortadas\/viznar-kDdD-U1701013205617sC-624x385@Ideal.jpg\n                                            \" \/><\/a>Su trayectoria la conoce bien Enriqueta Barranco, especialista en ginecolog\u00eda y obstetricia e historiadora en sus ratos libres. A principios del a\u00f1o 2000 empez\u00f3 a interesarse por ella a ra\u00edz de una investigaci\u00f3n y, desde entonces, nunca ha dejado de indagar -cuenta con dos libros publicados sobre su figura-. \u00abFue &#8216;una genia&#8217; fuera de su tiempo, adem\u00e1s de la primera mujer que se present\u00f3 en Granada a unas elecciones, es decir, la primera mujer pol\u00edtica\u00bb, asegura.<\/div>\n<\/article>\n<\/div>\n<\/div>\n<p class=\"voc-paragraph\" style=\"text-align: justify;\">Nacida en 1891, la familia de Agustina se dedicaba al comercio de pieles y calzado. Cuando su padre falleci\u00f3, ella se qued\u00f3 con la zapater\u00eda. Estaba situada en la calle Mesones, n\u00famero 6, donde actualmente hay una tienda. All\u00ed estaba tambi\u00e9n su casa natal, de la que la sacaron el d\u00eda que la detuvieron y ejecutaron. \u00abVend\u00eda calzado y aprovechaba para colocar en el escaparte sus escritos. Escrib\u00eda sobre su visi\u00f3n feminista de la vida, espiritismo, teosof\u00eda\u2026 Hasta tiene un libro, &#8216;Idearium futurismo&#8217;, en el que ya usaba el lenguaje propio de los SMS\u00bb, comenta Enriqueta.<\/p>\n<div class=\"voc-detail__cmp voc-detail__cmp--title voc-detail__cmp--no-margin\" style=\"text-align: justify;\">\n<h3>\u00a0<\/h3>\n<h3>\u00a0<\/h3>\n<h3 class=\"voc-detail__title\">Una \u00e1vida lectora<\/h3>\n<\/div>\n<p class=\"voc-paragraph\" style=\"text-align: justify;\">Siempre le result\u00f3 muy complicado reivindicar el papel de la mujer. Para empezar, no estaba bien visto que las mujeres leyeran, ya que \u00abcuanto m\u00e1s incultas, m\u00e1s sumisas\u00bb, as\u00ed que tuvo que leer a escondidas hasta que los hombres de su familia decidieron darle permiso. \u00abVest\u00eda como le daba la gana, se met\u00edan con ella y la llamaban loca. En aquella \u00e9poca estaba muy mal visto que una mujer llevara pantalones, pero ella se los pon\u00eda porque se sent\u00eda libre. Cuando hicieron el inventario de su casa despu\u00e9s de morir pr\u00e1cticamente todo lo que ten\u00eda eran pantalones y blusas\u00bb, cuenta Enriqueta.<\/p>\n<div class=\"voc-detail__cmp\" style=\"text-align: justify;\">\n<div class=\"voc-article-container\">\n<article class=\"voc-article voc-article--cmp-photo-text\">\n<div class=\"voc-img-container\">\n<div class=\"voc-horizontal voc-img-icon-link\"><img data-recalc-dims=\"1\" decoding=\"async\" class=\"lazy alignleft\" src=\"https:\/\/i0.wp.com\/static1.ideal.es\/www\/multimedia\/202208\/19\/media\/cortadas\/agustina3-kUnE--624x385%40Ideal.jpg?w=640&#038;ssl=1\" alt=\"Imagen original de Agustina y fotograf\u00eda restaurada por Luda Merino.\" data-original=\"\/\/static1.ideal.es\/www\/multimedia\/202208\/19\/media\/cortadas\/agustina3-kUnE--624x385@Ideal.jpg\" \/><\/div>\n<p class=\"figure-caption \">Imagen original de Agustina y fotograf\u00eda restaurada por Luda Merino. \/ <span class=\"voc-photo-author\"> Restaurando su dignidad <\/span><\/p>\n<\/div>\n<\/article>\n<\/div>\n<\/div>\n<p class=\"voc-paragraph\" style=\"text-align: justify;\">En medio de esta intensa investigaci\u00f3n, Enriqueta encontr\u00f3 la presencia de im\u00e1genes agustinianas en la obra de Federico Garc\u00eda Lorca. Fueron amigos y acab\u00f3 convirti\u00e9ndose en su musa. Lo inspir\u00f3 para &#8216;La zapatera prodigiosa&#8217;, donde \u00abidealiza al personaje\u00bb, y para &#8216;La casa de Bernarda Alba&#8217;, en la que una de las mujeres se llama Amelia. Ese era el nombre que Agustina, artista sin l\u00edmites, usaba para firmar sus pinturas. \u00abHay bastantes m\u00e1s referencias a ella, pero es un terreno que no se ha explorado\u00bb, agrega Enriqueta Barranco.<\/p>\n<div class=\"voc-detail__cmp voc-detail__cmp--title voc-detail__cmp--no-margin\" style=\"text-align: justify;\">\n<h3 class=\"voc-detail__title\">Muerte<\/h3>\n<\/div>\n<p class=\"voc-paragraph\" style=\"text-align: justify;\">Aunque siempre se habla de la madrugada del 18 de agosto como el d\u00eda del fusilamiento de Lorca, la historiadora asegura que no se sabe con exactitud cu\u00e1ndo fueron asesinados \u00e9l y Agustina. Se conoce que fue en agosto, probablemente esta semana, pero hay \u00abuna nebulosa\u00bb en torno a la fecha. \u00abDurante todo el mes hubo ejecuciones, cada noche sonaban los tiros\u00bb, a\u00f1ade. Lo que s\u00ed est\u00e1 confirmado es que ambos fueron sacados de sus casas y llevados a la colonia de Alfacar, un lugar en el que \u00abesperaban hasta ser ejecutados, aunque ellos no lo sab\u00edan\u00bb. \u00abDespu\u00e9s los llevaron al barranco de V\u00edznar, donde los fusilaron\u00bb, agrega Barranco.<\/p>\n<div class=\"voc-detail__cmp\" style=\"text-align: justify;\">\n<div class=\"voc-article-container\">\n<article class=\"voc-article voc-article--cmp-related voc-article--photo-left voc-article--photo-left--right-xs voc-home-tit-st\">\n<div class=\"voc-img-container \"><a class=\"voc-horizontal  voc-img-icon-link\" href=\"https:\/\/www.ideal.es\/granada\/area-metropolitana\/recuperados-restos-victimas-20220819120001-nt.html#vca=modulos&amp;vso=ideal&amp;vmc=noticias-rel-cmp&amp;vli=culturas\"><img data-recalc-dims=\"1\" decoding=\"async\" class=\"lazy alignright\" src=\"https:\/\/i0.wp.com\/static1.ideal.es\/www\/multimedia\/202208\/19\/media\/cortadas\/viznar-koyH-U17010185885878XC-624x385%40Ideal.jpg?w=640&#038;ssl=1\" alt=\"Recuperados los restos de 49 v\u00edctimas del franquismo, 20 de ellas mujeres en V\u00edznar\" data-original=\"\n                                                \/\/static1.ideal.es\/www\/multimedia\/202208\/19\/media\/cortadas\/viznar-koyH-U17010185885878XC-624x385@Ideal.jpg\n                                            \" \/><\/a><\/div>\n<\/article>\n<\/div>\n<\/div>\n<p class=\"voc-paragraph\" style=\"text-align: justify;\">Antes de morir, Agustina se dirigi\u00f3 al cielo y pronunci\u00f3 sus \u00faltimas palabras: pidi\u00f3 clemencia a las estrellas. \u00abElla pensaba que por encima estaban los esp\u00edritus\u00bb, argumenta Enriqueta. Y all\u00ed, en el mismo lugar en el que le arrebataron la vida a su amigo, Lorca, se la robaron a ella. El proceso post mortem est\u00e1, seg\u00fan la historiadora experta en su figura, \u00abplagado de mentiras\u00bb. \u00abLos testigos pagados que hab\u00eda en los juicios para incautar los bienes dec\u00edan que era comunista. Ella nunca se manifest\u00f3 as\u00ed. Era una mujer libre y la mataron, como a much\u00edsimas otras, por cualquier pronunciamiento p\u00fablico\u00bb, lamenta.<\/p>\n<p class=\"voc-paragraph\" style=\"text-align: justify;\">En el barranco de V\u00edznar contin\u00faan los trabajos para tratar de exhumar a las aproximadamente 300 v\u00edctimas documentadas del franquismo que all\u00ed permanecen. Si apareciese Agustina, por ahora no hay rastro de ning\u00fan familiar con el que comparar su ADN. Lo que s\u00ed se conserva es una fotograf\u00eda de su rostro, esencial para una posible reconstrucci\u00f3n facial en caso de dar con sus restos. Est\u00e1 en blanco y negro, pero Luda Merino, estudiante universitaria que gestiona la cuenta de Twitter Restaurando su dignidad (@RestaurandoDign), la ha editado a color para honrar su memoria. Enriqueta Barranco busca adem\u00e1s un productor para realizar un documental sobre Agustina. Todo sea por recordar a la mujer valiente que pidi\u00f3 clemencia a las estrellas antes de morir.<\/p>\n<p>&nbsp;<\/p>\n<div class=\"voc-article-container\">\n<article class=\"voc-article voc-article--detail voc-article--detail--reportaje-plus voc-article--photo-bottom\">\n<div class=\"voc-img-container  \">\u00a0<\/div>\n<\/article>\n<\/div>\n<div class=\"voc-grid voc-grid--ab-c voc-grid--col-2-hidden-sm voc-grid--tablet-like-mobile\">\n<div class=\"voc-grid__col\">\n<div class=\"voc-detail\" data-voc-share-selection=\"\">\n<div class=\"voc-author-timesocial \">\n<div class=\"voc-author-timesocial__signature\"><picture class=\"voc-image-signature\"><\/picture>\n<div class=\"voc-author-timesocial__info\">\n<div class=\"voc-author-info\"><strong>LAURA VELASCO <\/strong><\/div>\n<div>\u00a0<\/div>\n<div>FOTO:<span class=\"voc-photo-caption\">A la derecha, retrato de Agustina en color tras la edici\u00f3n de Luda Merino. A la izquierda. arriba, imagen de Lorca. Debajo, el n\u00famero 6 de calle Mesones, donde estaba tanto la casa como la zapater\u00eda de Agustina. \/ <\/span><span class=\"voc-photo-author\">Restaurando su dignidad\/Alfredo Aguilar<\/span><\/div>\n<div>\u00a0<\/div>\n<\/div>\n<div>https:\/\/www.ideal.es\/culturas\/agustina-musa-lorca-ejecutada-barranco-viznar-poeta-20220819181440-nt.html<\/div>\n<\/div>\n<\/div>\n<\/div>\n<\/div>\n<\/div>\n","protected":false},"excerpt":{"rendered":"<p>Fue la primera mujer pol\u00edtica en Granada y rompi\u00f3 con los moldes establecidos. Sufri\u00f3 el&#8230;<\/p>\n","protected":false},"author":1,"featured_media":55736,"comment_status":"closed","ping_status":"closed","sticky":false,"template":"","format":"standard","meta":{"_coblocks_attr":"","_coblocks_dimensions":"","_coblocks_responsive_height":"","_coblocks_accordion_ie_support":"","jetpack_post_was_ever_published":false,"_jetpack_newsletter_access":"","_jetpack_dont_email_post_to_subs":false,"_jetpack_newsletter_tier_id":0,"_jetpack_memberships_contains_paywalled_content":false,"_jetpack_memberships_contains_paid_content":false,"footnotes":"","jetpack_publicize_message":"","jetpack_publicize_feature_enabled":true,"jetpack_social_post_already_shared":true,"jetpack_social_options":{"image_generator_settings":{"template":"highway","default_image_id":0,"enabled":false},"version":2}},"categories":[1161,7721,44,7671,15],"tags":[9451,9452,490,9453],"class_list":["post-55735","post","type-post","status-publish","format-standard","has-post-thumbnail","hentry","category-ciudadania","category-mujeres-que-cambiaron-la-historia","category-noticias-de-hoy","category-politica","category-ultimas-noticias","tag-agustina","tag-amiga-de-lorca","tag-asesinato","tag-viznar"],"jetpack_publicize_connections":[],"jetpack_featured_media_url":"https:\/\/i0.wp.com\/miradordeatarfe.es\/wp-content\/uploads\/2022\/08\/agustina-gonzalez2-kUnE-U1701013113336xV-984x608%40Ideal.jpg?fit=984%2C608&ssl=1","jetpack_likes_enabled":true,"jetpack_sharing_enabled":true,"_links":{"self":[{"href":"https:\/\/miradordeatarfe.es\/index.php?rest_route=\/wp\/v2\/posts\/55735","targetHints":{"allow":["GET"]}}],"collection":[{"href":"https:\/\/miradordeatarfe.es\/index.php?rest_route=\/wp\/v2\/posts"}],"about":[{"href":"https:\/\/miradordeatarfe.es\/index.php?rest_route=\/wp\/v2\/types\/post"}],"author":[{"embeddable":true,"href":"https:\/\/miradordeatarfe.es\/index.php?rest_route=\/wp\/v2\/users\/1"}],"replies":[{"embeddable":true,"href":"https:\/\/miradordeatarfe.es\/index.php?rest_route=%2Fwp%2Fv2%2Fcomments&post=55735"}],"version-history":[{"count":1,"href":"https:\/\/miradordeatarfe.es\/index.php?rest_route=\/wp\/v2\/posts\/55735\/revisions"}],"predecessor-version":[{"id":55737,"href":"https:\/\/miradordeatarfe.es\/index.php?rest_route=\/wp\/v2\/posts\/55735\/revisions\/55737"}],"wp:featuredmedia":[{"embeddable":true,"href":"https:\/\/miradordeatarfe.es\/index.php?rest_route=\/wp\/v2\/media\/55736"}],"wp:attachment":[{"href":"https:\/\/miradordeatarfe.es\/index.php?rest_route=%2Fwp%2Fv2%2Fmedia&parent=55735"}],"wp:term":[{"taxonomy":"category","embeddable":true,"href":"https:\/\/miradordeatarfe.es\/index.php?rest_route=%2Fwp%2Fv2%2Fcategories&post=55735"},{"taxonomy":"post_tag","embeddable":true,"href":"https:\/\/miradordeatarfe.es\/index.php?rest_route=%2Fwp%2Fv2%2Ftags&post=55735"}],"curies":[{"name":"wp","href":"https:\/\/api.w.org\/{rel}","templated":true}]}}