{"id":5577,"date":"2015-12-24T08:46:45","date_gmt":"2015-12-24T08:46:45","guid":{"rendered":"http:\/\/miradordeatarfe.es\/?p=5577"},"modified":"2015-12-23T08:49:46","modified_gmt":"2015-12-23T08:49:46","slug":"el-secreto-de-amila-la-pelicula-que-nos-acerca-la-realidad-de-los-ninos-con-enfermedades-raras","status":"publish","type":"post","link":"https:\/\/miradordeatarfe.es\/?p=5577","title":{"rendered":"El secreto de Amila\u2019, la pel\u00edcula que nos acerca la realidad de los ni\u00f1os con Enfermedades Raras"},"content":{"rendered":"<p style=\"text-align: justify;\">Fede es un ni\u00f1o de nueve a\u00f1os que, desde que naci\u00f3, ha sufrido diversos problemas de salud que le han obligado a pasar varias temporadas ingresada en un hospital. All\u00ed tiene a sus mejores amigos: Mai, Pelos y Amila. Este es el argumento de \u2018El secreto de Amila\u2019, una pel\u00edcula de animaci\u00f3n que nace de la mano de las productoras Baleuko, Talape y Draftoon en colaboraci\u00f3n con la Federaci\u00f3n Espa\u00f1ola de Enfermedades Raras (FEDER).<!--more--><\/p>\n<blockquote><p>Tras la rueda de prensa en Donostia (Gipuzkoa), podremos ver un primer v\u00eddeo sobre la pel\u00edcula. A esta presentaci\u00f3n asisti\u00f3 la ni\u00f1a que ha inspirado al personaje de Amila, junto con su madre, el equipo formado por los actores B\u00e1rbara Goenaga, Gorka Aginagalde, el Director Gorka V\u00e1zquez, el productor Egoitz Rodr\u00edguez y Juan Carri\u00f3n, Presidente de FEDER.<\/p><\/blockquote>\n<p style=\"text-align: justify;\">Gracias a la implicaci\u00f3n de la producci\u00f3n, FEDER ha podido realizar sus aportaciones al gui\u00f3n de Xegun Altolagirre, Gorka V\u00e1zquez y Roberto Alfaro. Como resultado, <strong>\u2018El secreto de Amila\u2019 se configura como una historia maravillosa que une el mundo m\u00e1gico y el humano<\/strong>. Una uni\u00f3n que busca la sensibilidad con los peque\u00f1os que conviven con Enfermedades Poco Frecuentes a trav\u00e9s de un imaginario creativo y una aventura fant\u00e1stica y on\u00edrica.<\/p>\n<p style=\"text-align: justify;\"><em>\u201c2 de cada 3 Enfermedades Raras aparecen antes de los dos a\u00f1os, de forma que los ni\u00f1os y ni\u00f1as con estas patolog\u00edas conviven desde su infancia con una complejidad y caracter\u00edsticas concretas\u201d<\/em>, ha explicado Juan Carri\u00f3n. Por eso, <em>\u201ciniciativas como\u00a0 \u2018El secreto de Amila\u2019, indispensables para reflejar las capacidades de estos peque\u00f1os y mostrar a estos ni\u00f1os como uno m\u00e1s a pesar de su enfermedad\u201d<\/em> ha a\u00f1adido, en la misma l\u00ednea, Juana M\u00aa S\u00e1enz, Delegada de FEDER en Pa\u00eds Vasco.<\/p>\n<p style=\"text-align: justify;\">Para ello, este filme aborda de manera actual, social y sensible esta realidad de la mano de Olentzero, un referente del imaginario infantil vasco caracterizado conocido por la transmisi\u00f3n de valores universales.<b><\/b><\/p>\n<h3 style=\"text-align: justify;\">La amistad frente a todo<\/h3>\n<p style=\"text-align: justify;\">Fede es un peque\u00f1o con Osteog\u00e9nesis Imperfecta, tambi\u00e9n conocida como la enfermedad de \u2018huesos de cristal\u2019. No obstante, esto no le ha impedido poner en marcha sus ocurriencias de bombeo, sus bromas y sus juegos. De hecho, su hermana peque\u00f1a, Mai, es mucho m\u00e1s responsable que \u00e9l.<br \/>\n<b><br \/>\n<\/b>Ambos, junto con la alegre Amila, el desconfiado Pelos y Lorentzo -y Olentzero a la par-, tendr\u00e1n que hacer frente a Tasuri, un ser maligno y vengativo conocedor del secreto de Amila.<\/p>\n<p style=\"text-align: justify;\">El alma de todos ellos viene dada de la capacidad de los actores y actrices que han dado vida a cada uno de estos protagonistas. De esta forma, la dif\u00edcil tarea de humanizar a estos j\u00f3venes ha quedado en mano de B\u00e1rbara Goenaga, Miren Ibarguren, Gorka Otxoa, Jon Plazaola y Gorka Aginagalde.<\/p>\n<p style=\"text-align: justify;\">As\u00ed, \u2018El secreto de Amila\u2019 se configura no s\u00f3lo como una pel\u00edcula de animaci\u00f3n, sino como un transmisor de valores positivos utilizando como base la diversi\u00f3n del p\u00fablico infantil.<b><\/b><\/p>\n<p style=\"text-align: justify;\">Una aventura entre dos mundos<\/p>\n<p style=\"text-align: justify;\">Amila, Fede, Mai y Pelos son grandes amigos que tratan de divertirse en el Hospital, sin embargo, todo cambiar\u00e1 de repente. \u2018El secreto de Amila\u2019 viaja entre dos mundos: el fant\u00e1stico en el que vivimos y el paralelo donde habitan creencias, ideas y sue\u00f1os.<\/p>\n<p style=\"text-align: justify;\">\u00bfC\u00f3mo termina la aventura? Es precisamente esa peque\u00f1a l\u00ednea que separa ambos mundos la que traer\u00e1 la respuesta.<\/p>\n<p style=\"text-align: justify;\"><strong>En cines desde el 4 de diciembre.<\/strong><\/p>\n","protected":false},"excerpt":{"rendered":"<p>Fede es un ni\u00f1o de nueve a\u00f1os que, desde que naci\u00f3, ha sufrido diversos problemas&#8230;<\/p>\n","protected":false},"author":1,"featured_media":5578,"comment_status":"closed","ping_status":"closed","sticky":false,"template":"","format":"standard","meta":{"_coblocks_attr":"","_coblocks_dimensions":"","_coblocks_responsive_height":"","_coblocks_accordion_ie_support":"","jetpack_post_was_ever_published":false,"_jetpack_newsletter_access":"","_jetpack_dont_email_post_to_subs":false,"_jetpack_newsletter_tier_id":0,"_jetpack_memberships_contains_paywalled_content":false,"_jetpack_memberships_contains_paid_content":false,"footnotes":"","jetpack_publicize_message":"","jetpack_publicize_feature_enabled":true,"jetpack_social_post_already_shared":false,"jetpack_social_options":{"image_generator_settings":{"template":"highway","default_image_id":0,"enabled":false},"version":2}},"categories":[12,44,15],"tags":[90,1881],"class_list":["post-5577","post","type-post","status-publish","format-standard","has-post-thumbnail","hentry","category-cultura","category-noticias-de-hoy","category-ultimas-noticias","tag-cultura","tag-pelicula"],"jetpack_publicize_connections":[],"jetpack_featured_media_url":"https:\/\/i0.wp.com\/miradordeatarfe.es\/wp-content\/uploads\/2015\/12\/PRUEBA-2-1080x675.jpg?fit=1080%2C675&ssl=1","jetpack_likes_enabled":true,"jetpack_sharing_enabled":true,"_links":{"self":[{"href":"https:\/\/miradordeatarfe.es\/index.php?rest_route=\/wp\/v2\/posts\/5577","targetHints":{"allow":["GET"]}}],"collection":[{"href":"https:\/\/miradordeatarfe.es\/index.php?rest_route=\/wp\/v2\/posts"}],"about":[{"href":"https:\/\/miradordeatarfe.es\/index.php?rest_route=\/wp\/v2\/types\/post"}],"author":[{"embeddable":true,"href":"https:\/\/miradordeatarfe.es\/index.php?rest_route=\/wp\/v2\/users\/1"}],"replies":[{"embeddable":true,"href":"https:\/\/miradordeatarfe.es\/index.php?rest_route=%2Fwp%2Fv2%2Fcomments&post=5577"}],"version-history":[{"count":1,"href":"https:\/\/miradordeatarfe.es\/index.php?rest_route=\/wp\/v2\/posts\/5577\/revisions"}],"predecessor-version":[{"id":5579,"href":"https:\/\/miradordeatarfe.es\/index.php?rest_route=\/wp\/v2\/posts\/5577\/revisions\/5579"}],"wp:featuredmedia":[{"embeddable":true,"href":"https:\/\/miradordeatarfe.es\/index.php?rest_route=\/wp\/v2\/media\/5578"}],"wp:attachment":[{"href":"https:\/\/miradordeatarfe.es\/index.php?rest_route=%2Fwp%2Fv2%2Fmedia&parent=5577"}],"wp:term":[{"taxonomy":"category","embeddable":true,"href":"https:\/\/miradordeatarfe.es\/index.php?rest_route=%2Fwp%2Fv2%2Fcategories&post=5577"},{"taxonomy":"post_tag","embeddable":true,"href":"https:\/\/miradordeatarfe.es\/index.php?rest_route=%2Fwp%2Fv2%2Ftags&post=5577"}],"curies":[{"name":"wp","href":"https:\/\/api.w.org\/{rel}","templated":true}]}}