{"id":55777,"date":"2022-09-05T08:07:13","date_gmt":"2022-09-05T06:07:13","guid":{"rendered":"https:\/\/miradordeatarfe.es\/?p=55777"},"modified":"2022-08-29T18:15:12","modified_gmt":"2022-08-29T16:15:12","slug":"una-nueva-generacion-coge-los-mandos-asi-redefinen-los-mileniales-la-economia","status":"publish","type":"post","link":"https:\/\/miradordeatarfe.es\/?p=55777","title":{"rendered":"Una nueva generaci\u00f3n coge los mandos: as\u00ed redefinen los mileniales la econom\u00eda"},"content":{"rendered":"<h3 class=\"a_st\" style=\"text-align: justify;\">Los nacidos entre 1981 y 1996 ser\u00e1n la mayor fuerza laboral en 2030. Han crecido entre dos grandes crisis, est\u00e1n hiperconectados, tienen mayor conciencia medioambiental y buscan un nuevo equilibrio entre vida personal y laboral<\/h3>\n<p class=\"\" style=\"text-align: justify;\">Es<a href=\"https:\/\/elpais.com\/economia\/2018\/09\/07\/actualidad\/1536333092_303809.html\" target=\"_blank\" rel=\"noopener\" data-link-track-dtm=\"\"> una generaci\u00f3n castigada por dos graves crisis<\/a>, que ha crecido con el bum digital, hiperconectada, con una alta concienciaci\u00f3n medioambiental, que busca un reequilibrio entre la carrera profesional y su vida personal y cuya preocupaci\u00f3n financiera va en aumento a medida que ven las pensiones de sus padres como una quimera. Son los mileniales. Su impacto en la econom\u00eda ya se deja notar y ser\u00e1 a\u00fan m\u00e1s evidente en los pr\u00f3ximos a\u00f1os, cuando su peso demogr\u00e1fico sea mayor. Las empresas ya saben que deben readaptar sus pol\u00edticas para estar en la misma frecuencia de onda de este colectivo llamado a transformar el mundo.<\/p>\n<p class=\"\" style=\"text-align: justify;\">A medida que pasan los a\u00f1os, los mileniales conquistan m\u00e1s espacio en el mercado laboral. Los nacidos entre 1981 y 1996, que tienen entre 26 y 41 a\u00f1os, representan actualmente alrededor de un tercio de la poblaci\u00f3n activa en Espa\u00f1a, seg\u00fan los datos de la encuesta de poblaci\u00f3n activa (EPA). Una proporci\u00f3n que seguir\u00e1 creciendo con la progresiva jubilaci\u00f3n de los <i>baby boomers<\/i> y los pertenecientes a la generaci\u00f3n X. Tanto es as\u00ed que en 2030 se convertir\u00e1n en la principal fuerza laboral. Llega la hora de la verdad para un grupo de personas que \u201cno ha parado de darse golpes contra la pared\u201d, en palabras de Pedro Rey, profesor de econom\u00eda del comportamiento en Esade.<\/p>\n<div class=\"raw_html\" style=\"text-align: justify;\">\n<div>\n<div class=\"width\">\n<div id=\"paro\">\n<div id=\"g-paro-box\" class=\"ai2html\">\n<div id=\"g-paro-tableta\" class=\"g-artboard\" data-aspect-ratio=\"0.869\">\n<div>\u00a0<\/div>\n<p><a href=\"https:\/\/i0.wp.com\/miradordeatarfe.es\/wp-content\/uploads\/2022\/08\/Screenshot-2022-08-29-at-18-10-23-Una-nueva-generacion-coge-los-mandos-asi-redefinen-los-mileniales-la-economia.png?ssl=1\"><img data-recalc-dims=\"1\" loading=\"lazy\" decoding=\"async\" class=\"alignnone size-full wp-image-55778\" src=\"https:\/\/i0.wp.com\/miradordeatarfe.es\/wp-content\/uploads\/2022\/08\/Screenshot-2022-08-29-at-18-10-23-Una-nueva-generacion-coge-los-mandos-asi-redefinen-los-mileniales-la-economia.png?resize=640%2C684&#038;ssl=1\" alt=\"\" width=\"640\" height=\"684\" srcset=\"https:\/\/i0.wp.com\/miradordeatarfe.es\/wp-content\/uploads\/2022\/08\/Screenshot-2022-08-29-at-18-10-23-Una-nueva-generacion-coge-los-mandos-asi-redefinen-los-mileniales-la-economia.png?w=727&amp;ssl=1 727w, https:\/\/i0.wp.com\/miradordeatarfe.es\/wp-content\/uploads\/2022\/08\/Screenshot-2022-08-29-at-18-10-23-Una-nueva-generacion-coge-los-mandos-asi-redefinen-los-mileniales-la-economia.png?resize=281%2C300&amp;ssl=1 281w\" sizes=\"auto, (max-width: 640px) 100vw, 640px\" \/><\/a><\/p>\n<div id=\"g-ai2-1\" class=\"g-Grafico g-aiAbs g-aiPointText\">\u00a0<\/div>\n<div id=\"g-ai2-34\" class=\"g-Grafico g-aiAbs g-aiPointText\">\n<p class=\"g-pstyle6\">Fuente: INE\u00a0 EL PA\u00cdS<\/p>\n<\/div>\n<\/div>\n<\/div>\n<\/div>\n<\/div>\n<\/div>\n<\/div>\n<p class=\"\" style=\"text-align: justify;\">Y es que para muchos miembros de esta generaci\u00f3n la incertidumbre se ha convertido en su compa\u00f1era de vida. Tras experimentar la frustraci\u00f3n de conseguir un trabajo en plena Gran Recesi\u00f3n,<a href=\"https:\/\/elpais.com\/noticias\/crisis-economica-coronavirus-covid-19\/\" target=\"_blank\" rel=\"noopener\" data-link-track-dtm=\"\"> la crisis provocada por la pandemia les dio la puntilla<\/a>. Un 66% asegura haber visto reducir sus ingresos a consecuencia de la emergencia sanitaria, seg\u00fan el estudio El impacto generacional del coronavirus, de la agencia de investigaci\u00f3n 40dB. Y ante la escalada de precios, que los ha impulsado a repensar algunas de sus prioridades, esta generaci\u00f3n se ha asomado a un mundo que desconoc\u00eda.<\/p>\n<p class=\"\" style=\"text-align: justify;\">Mientras luchan contra el estr\u00e9s financiero, muchos apuestan por h\u00e1bitos de consumo m\u00e1s sostenibles. El cuidado del medio ambiente sigue en la cima de sus preocupaciones, indica B\u00e1rbara Calder\u00f3n, responsable de Marketing Intelligence en BBVA. \u201cTienen la inquietud de ser parte activa del cambio que debe dar la sociedad y esperan de sus empresas que los ayuden a cambiar sus comportamientos <a href=\"https:\/\/elpais.com\/noticias\/cambio-climatico\/\" target=\"_blank\" rel=\"noopener\" data-link-track-dtm=\"\">para transitar hacia un mundo m\u00e1s verde e inclusivo<\/a>\u201d, a\u00f1ade. La adaptaci\u00f3n de los espacios, a trav\u00e9s de la implantaci\u00f3n de papeleras para reciclaje, aparcamiento de bicis y paneles solares, gana fuerza entre las demandas de esta generaci\u00f3n. Pero al margen del compromiso con la sostenibilidad, los mileniales buscan algo m\u00e1s en las compa\u00f1\u00edas para las que prestan servicio: la presencia de un proyecto que les permita crecer y un buen equilibrio entre la vida privada y profesional.<\/p>\n<p class=\"\" style=\"text-align: justify;\">Los mileniales han empezado desde muy j\u00f3venes a vivir la vida a trav\u00e9s de las pantallas. Cuando Apple lanz\u00f3 su primer iPhone en 2007, los mayores ten\u00edan apenas 25 a\u00f1os. No es balad\u00ed que esta generaci\u00f3n pase una media de casi siete horas conectada cada d\u00eda, seg\u00fan un estudio de la plataforma de investigaci\u00f3n de mercados GWI. La mayor\u00eda de ese tiempo <a href=\"https:\/\/elpais.com\/noticias\/redes-sociales\/\" target=\"_blank\" rel=\"noopener\" data-link-track-dtm=\"\">se lo comen las redes sociales<\/a> \u2014\u00adalrededor de dos horas y media diarias\u2014, con Facebook, YouTube e Instagram que destacan como sus plataformas favoritas.<\/p>\n<p class=\"\" style=\"text-align: justify;\">Unas herramientas que para Ana Gil (31 a\u00f1os) tienen una doble cara. \u201cHay cuentas que difunden consejos valiosos en temas de sostenibilidad y alimentaci\u00f3n. Pero el exceso de informaci\u00f3n a veces abruma y tienes que saber a qui\u00e9n est\u00e1s siguiendo\u201d, apunta. Son precisamente los nativos digitales los que sufren los niveles de ansiedad m\u00e1s altos debido a la hiperconectividad. El informe de Sodexo Mix generacional en las empresas espa\u00f1olas concluye que tres de cada diez mileniales se sienten mucho o bastante estresados por la inmediatez que suponen los servicios online que emplean diariamente y que les han metido en una espiral de cortoplacismo. \u201cSiempre est\u00e1s compar\u00e1ndote con los dem\u00e1s y acabas pensando que est\u00e1s atrasado en la vida\u201d, confiesa Kevin V\u00e1squez (26 a\u00f1os), que ha puesto un l\u00edmite de uso diario de una hora y media en su cuenta de Instagram para tomarse un respiro del mundo virtual.<\/p>\n<p class=\"\" style=\"text-align: justify;\">La irrupci\u00f3n de los medios digitales tiene su parte de responsabilidad en el aumento del estr\u00e9s digital, al abrir la puerta a unos cambios de consumo en la recepci\u00f3n de las noticias. \u201cHace 20 a\u00f1os, los usuarios pod\u00edan, como mucho, leer el peri\u00f3dico por la ma\u00f1ana, ver el telediario en tres franjas horarias durante el d\u00eda y escuchar la radio una vez cada hora. En cambio, ahora la informaci\u00f3n circula en cada momento de la jornada y los consumidores est\u00e1n llamados cada segundo a entender lo que est\u00e1 ocurriendo en el mundo y a opinar sobre ello\u201d, se\u00f1ala Javier Vello, de EY Transforma.<\/p>\n<p class=\"\" style=\"text-align: justify;\">\u00bfTiene remedio la tecnolog\u00eda? La cura m\u00e1s eficaz es la autorregulaci\u00f3n, advierte Mila P\u00e9rez, profesora de Deusto Business School: \u201cLos usuarios deben entender cu\u00e1les son sus prioridades y valorar los momentos de descanso. Las organizaciones, tanto las empresas como las universidades, est\u00e1n poniendo en marcha cada vez m\u00e1s programas de bienestar y de mindfullness para ayudar a todos aquellos que no logran controlar la ansiedad digital\u201d.<\/p>\n<figure class=\"a_m a_m-h\" style=\"text-align: justify;\"><span class=\"_db a_m_w _pr lb_btn\"><img data-recalc-dims=\"1\" loading=\"lazy\" decoding=\"async\" class=\"_re lazyload a_m-h alignleft\" src=\"https:\/\/i0.wp.com\/imagenes.elpais.com\/resizer\/8luonLWQxiVJxmeFtvmNM0brTXM%3D\/414x0\/cloudfront-eu-central-1.images.arcpublishing.com\/prisa\/QPKODT7YV5CFHHTUMUMOWSSX2Q.jpg?resize=414%2C276&#038;ssl=1\" srcset=\"https:\/\/imagenes.elpais.com\/resizer\/8luonLWQxiVJxmeFtvmNM0brTXM=\/414x0\/cloudfront-eu-central-1.images.arcpublishing.com\/prisa\/QPKODT7YV5CFHHTUMUMOWSSX2Q.jpg 414w,https:\/\/imagenes.elpais.com\/resizer\/bU11WNBWlIIFV9d2CtfAmY7S6J0=\/828x0\/cloudfront-eu-central-1.images.arcpublishing.com\/prisa\/QPKODT7YV5CFHHTUMUMOWSSX2Q.jpg 640w,https:\/\/imagenes.elpais.com\/resizer\/cSko4BoZ3KcN5eAH72hH-o92xaY=\/980x0\/cloudfront-eu-central-1.images.arcpublishing.com\/prisa\/QPKODT7YV5CFHHTUMUMOWSSX2Q.jpg 1000w,https:\/\/imagenes.elpais.com\/resizer\/9QiwoColYfQlZTLGgVCrWLUXJ18=\/1960x0\/cloudfront-eu-central-1.images.arcpublishing.com\/prisa\/QPKODT7YV5CFHHTUMUMOWSSX2Q.jpg 1960w\" alt=\"Los inflaci\u00f3n est\u00e1 modificando los h\u00e1bitos de compra de muchos mileniales.\" width=\"414\" height=\"276\" \/><\/span><figcaption class=\"a_m_p\">Los inflaci\u00f3n est\u00e1 modificando los h\u00e1bitos de compra de muchos mileniales.<span class=\"a_m_m\">Andrea Comas<\/span><\/figcaption><\/figure>\n<h3 class=\"\" style=\"text-align: justify;\">Adaptarse o morir<\/h3>\n<p class=\"\" style=\"text-align: justify;\">Ante la mayor presencia de nativos digitales en sus plantillas, las empresas se enfrentan al desaf\u00edo de no quedarse atr\u00e1s en el manejo de las herramientas virtuales. Siguiendo la estela de la transformaci\u00f3n digital impulsada por la pandemia, est\u00e1n intentando facilitar la realizaci\u00f3n de cualquier gesti\u00f3n online, recalca Cristina Hebrero, responsable de People &amp; Change de KPMG. \u201cLa solicitud de vacaciones, de una baja o de un cambio del ordenador son algunos de los servicios ya disponibles en muchas firmas. Pero todav\u00eda hay retos de mejora por delante\u201d, admite.<\/p>\n<p class=\"\" style=\"text-align: justify;\">La escasa digitalizaci\u00f3n de su anterior empresa fue una de las principales razones por las que Omar Cornejo (35 a\u00f1os), t\u00e9cnico de recursos humanos, se cambi\u00f3 de trabajo el mes pasado. Todas las entrevistas ten\u00edan que ser presenciales salvo durante el pico de la pandemia. \u201c<a href=\"https:\/\/elpais.com\/noticias\/recursos-humanos\/\" target=\"_blank\" rel=\"noopener\" data-link-track-dtm=\"\">Era un proceso muy arcaico que me hac\u00eda perder demasiados candidatos<\/a>. Para la gente es mucho m\u00e1s f\u00e1cil conectarse con un ordenador desde cualquier lugar\u201d, afirma. De hecho, la adaptaci\u00f3n de los canales de comunicaci\u00f3n dentro de la propia firma es otra v\u00eda para enganchar a las nuevas generaciones. Esta estrategia pasa por dos puntos clave: apostar por los medios donde los j\u00f3venes trabajadores pasan m\u00e1s tiempo \u2014como las aplicaciones, los portales del empleado y las redes sociales\u2014 y agilizar la gesti\u00f3n del correo, sugiere P\u00e9rez. \u201cLo que sea puramente informativo y que las compa\u00f1\u00edas puedan tener colgado en una web puede entorpecer la comunicaci\u00f3n por correo electr\u00f3nico, que, en cambio, deber\u00eda implementarse para todos los mensajes que requieren una reacci\u00f3n inmediata por parte de la otra persona\u201d, asevera.<\/p>\n<p class=\"\" style=\"text-align: justify;\">La afinidad de los mileniales por el mundo digital ha impulsado a varias multinacionales a interesarse por el metaverso. Marcas de moda como Adidas, H&amp;M y Zara ya se han posicionado en este espacio virtual compartido, en el que las personas est\u00e1n representadas por sus avatares digitales. Javier Vello considera que este mundo interactivo cautiva sobre todo a las generaciones m\u00e1s j\u00f3venes (la milenial y la Z). \u201cPueden ir al colegio, a la universidad o al trabajo y luego volver a casa y compartir tiempo juntos jugando al Fortnite en la realidad virtual\u201d, afirma.<\/p>\n<p class=\"\" style=\"text-align: justify;\">Un estudio de Credit Suisse sobre las megatendencias econ\u00f3micas del futuro alerta de que ninguna empresa puede construir el metaverso por s\u00ed sola. <a href=\"https:\/\/elpais.com\/economia\/negocios\/2022-05-14\/metaverso-el-negocio-del-siglo-o-la-gran-burbuja.html\" target=\"_blank\" rel=\"noopener\" data-link-track-dtm=\"\">Todas tendr\u00e1n que aunar fuerzas para contribuir en su creaci\u00f3n<\/a>. \u201cImag\u00ednate que alguien quiera hacer una visita virtual en una cl\u00ednica y en su wallet digital pueda tener acceso a todas las pruebas que le hicieron anteriormente. Las compa\u00f1\u00edas deber\u00e1n coordinarse entre s\u00ed para que estas realidades virtuales no se conviertan en unos n\u00facleos muy cerrados donde al consumidor se le har\u00e1 muy complicado entrar\u201d, argumenta Vello.<\/p>\n<div class=\"raw_html\" style=\"text-align: justify;\">\n<div>\n<div class=\"width\">\n<div id=\"renta\">\n<div id=\"g-renta-box\" class=\"ai2html\">\n<div id=\"g-renta-tableta\" class=\"g-artboard\" data-aspect-ratio=\"0.774\">\n<div id=\"g-ai2-40\" class=\"g-Grafico g-aiAbs g-aiPointText\">\n<p class=\"g-pstyle6\"><a href=\"https:\/\/i0.wp.com\/miradordeatarfe.es\/wp-content\/uploads\/2022\/08\/Screenshot-2022-08-29-at-18-10-08-Una-nueva-generacion-coge-los-mandos-asi-redefinen-los-mileniales-la-economia.png?ssl=1\"><img data-recalc-dims=\"1\" loading=\"lazy\" decoding=\"async\" class=\"alignnone size-full wp-image-55779\" src=\"https:\/\/i0.wp.com\/miradordeatarfe.es\/wp-content\/uploads\/2022\/08\/Screenshot-2022-08-29-at-18-10-08-Una-nueva-generacion-coge-los-mandos-asi-redefinen-los-mileniales-la-economia.png?resize=640%2C769&#038;ssl=1\" alt=\"\" width=\"640\" height=\"769\" srcset=\"https:\/\/i0.wp.com\/miradordeatarfe.es\/wp-content\/uploads\/2022\/08\/Screenshot-2022-08-29-at-18-10-08-Una-nueva-generacion-coge-los-mandos-asi-redefinen-los-mileniales-la-economia.png?w=719&amp;ssl=1 719w, https:\/\/i0.wp.com\/miradordeatarfe.es\/wp-content\/uploads\/2022\/08\/Screenshot-2022-08-29-at-18-10-08-Una-nueva-generacion-coge-los-mandos-asi-redefinen-los-mileniales-la-economia.png?resize=250%2C300&amp;ssl=1 250w\" sizes=\"auto, (max-width: 640px) 100vw, 640px\" \/><\/a><\/p>\n<\/div>\n<div id=\"g-ai2-41\" class=\"g-Grafico g-aiAbs g-aiPointText\">\n<p class=\"g-pstyle7\">Fuente: INE, Banco de Espa\u00f1a, Encuesta sobre los efectos econ\u00f3micos y pol\u00edticos de la Covid-19<\/p>\n<p class=\"g-pstyle7\">en Espa\u00f1a (Mart\u00ednez-Bravo y Sanz,2021)<\/p>\n<p class=\"g-pstyle8\">EL PA\u00cdS<\/p>\n<\/div>\n<\/div>\n<\/div>\n<\/div>\n<\/div>\n<\/div>\n<\/div>\n<p class=\"\" style=\"text-align: justify;\">Para Kevin V\u00e1squez (26 a\u00f1os), las duchas de 10 o 15 minutos ya son un recuerdo lejano. \u201cIntento que no duren m\u00e1s de cinco y usar agua fr\u00eda, sobre todo en verano\u201d, dice. A la hora de hacer la compra, Gil no puede separarse de sus bolsas reutilizables y en la cocina de su piso en Madrid no hay rastro de botes de pl\u00e1stico. \u201cTengo que acordarme de coger mi bolsa ecol\u00f3gica antes de ir al supermercado y he investigado mucho para saber d\u00f3nde comprar los jabones m\u00e1s respetuosos con el medio ambiente\u201d, confiesa.<\/p>\n<p class=\"\" style=\"text-align: justify;\">Seg\u00fan un informe de Deloitte, siete de cada diez mileniales espa\u00f1oles opinan que el mundo ha alcanzado su punto de inflexi\u00f3n en cuanto a la respuesta a la emergencia clim\u00e1tica. Y nueve de ellos tratan de minimizar su impacto ambiental. \u00bfPero cu\u00e1les son las acciones que destacan en su agenda verde? Usar productos con menos embalaje, reducir el consumo de agua y energ\u00eda en el hogar, y evitar el despilfarro de alimentos, seg\u00fan el estudio Sustainability Sector Index 2021, de Kantar.<\/p>\n<p class=\"\" style=\"text-align: justify;\">El respeto hacia el medio ambiente se plasma tambi\u00e9n en su predisposici\u00f3n hacia el uso de servicios de movilidad compartida, como el car sharing. Aunque un 69% de los mileniales todav\u00eda posee un coche, un 33% prefiere coger un taxi o alquilar un veh\u00edcu\u00adlo, de acuerdo con los datos de GWI. V\u00e1squez ha vivido en los \u00faltimos cinco a\u00f1os entre Madrid y Roma, y califica el coche en propiedad como un gasto innecesario: \u201cEs demasiado caro y ya me he acostumbrado a moverme con el transporte p\u00fablico, que es m\u00e1s c\u00f3modo en las grandes ciudades\u201d.<\/p>\n<h3 class=\"\" style=\"text-align: justify;\">Mentalidades diferentes<\/h3>\n<p class=\"\" style=\"text-align: justify;\">En ello coincide Vello, que hace hincapi\u00e9 en las diferentes mentalidades entre generaciones. \u201cPara una persona que ha nacido en los a\u00f1os setenta, contar con un coche propio era un signo de libertad porque le permit\u00eda desplazarse donde quisiera. En cambio, para un milenial hoy en d\u00eda es una esclavitud, porque lo que quiere es usarlo cuando de verdad lo necesita. El 90% del tiempo estar\u00e1 aparcado, por tanto, no le aporta ning\u00fan valor\u201d, explica. Las marcas, conscientes de esta tendencia, est\u00e1n cambiando su modelo de negocio para redefinir su estrategia de marketing. \u201cBMW ya no se define solo como un fabricante de coches, sino como un proveedor de servicios de movilidad\u201d, se\u00f1ala Diego Vizca\u00edno, socio director de econom\u00eda aplicada de AFI.<\/p>\n<p class=\"\" style=\"text-align: justify;\">Sin embargo, los valores en los que los mileniales creen muchas veces contradicen sus comportamientos. Aunque gritan con fuerza contra el cambio clim\u00e1tico, siguen manteniendo h\u00e1bitos de consumo poco sostenibles. \u201cA la hora de hacer un pedido online, lo importante es que lo reciban en el menor tiempo posible, y si la talla no les va bien o el color no les gusta no dudan en devolverlo porque es gratis. No saben la contaminaci\u00f3n que implica poner un producto en un marketplace: el 70% de lo que se comercializa en un Black Friday se devuelve\u201d, advierte May L\u00f3pez, directora del MBA en Sostenibilidad de EAE. \u201cLes falta m\u00e1s coraje a la hora de reivindicar sus prop\u00f3sitos\u201d, a\u00f1ade Carlos Gonz\u00e1lez, profesor del M\u00e1ster en Direcci\u00f3n de Personas y Desarrollo Organizativo de ESIC.<\/p>\n<p class=\"\" style=\"text-align: justify;\">Por su parte, el esp\u00edritu de sostenibilidad que comparten los mileniales est\u00e1 subyugado a sus capacidades financieras. \u201cUn coche el\u00e9ctrico sigue siendo m\u00e1s caro que uno de combusti\u00f3n. A lo mejor, muchos querr\u00edan seguir esta tendencia, pero sus bolsillos no se lo permiten\u201d, subraya Vello. Los altos precios de los productos sostenibles obligan a Gil a hacer esfuerzos en la planificaci\u00f3n de su men\u00fa. \u201cLos huevos de gallinas libres, los del 0, son mucho m\u00e1s caros que los del n\u00famero 3. En lugar de comprar una docena, me puedo permitir comprar solo media. Es lo que hay\u201d, cuenta.<\/p>\n<p class=\"\" style=\"text-align: justify;\">Este no es el \u00fanico cambio que Gil ha aportado a su lista de la compra. Frente a los altos precios de la sand\u00eda y de las cerezas, ha tenido que aprender a controlar sus antojos. Renunciar a su fruta favorita se ha convertido casi en una costumbre. En el \u00faltimo a\u00f1o, tambi\u00e9n V\u00e1squez ha dado un vuelco a su cesta de la compra. La carne roja y los huevos han dado paso a las lentejas, los garbanzos, las alubias y al tofu. \u201cPero este solo cuando est\u00e1 en promoci\u00f3n\u201d, bromea.<\/p>\n<p class=\"\" style=\"text-align: justify;\">Las inquietudes de los mileniales <a href=\"https:\/\/elpais.com\/especiales\/2022\/comic-inflacion\/\" target=\"_blank\" rel=\"noopener\" data-link-track-dtm=\"\">crecen cuando la escalada de precios llama a la puerta de su casa<\/a>. Uno de cada tres se\u00f1ala el aumento del coste de la vida como su principal preocupaci\u00f3n, incluso por encima del cambio clim\u00e1tico y del desempleo, seg\u00fan el estudio de Deloitte. Un 47% vive d\u00eda a d\u00eda y teme que no ser\u00e1 capaz de cubrir todos sus gastos. Las nubes no desaparecen ni siquiera en un escenario a largo plazo: un 31% cree que no podr\u00e1 retirarse con cierto confort econ\u00f3mico.<\/p>\n<p class=\"\" style=\"text-align: justify;\">Aunque la inflaci\u00f3n hace mella en su poder adquisitivo, los mileniales tienen la cultura del ahorro menos interiorizada que las generaciones anteriores, advierte Rey. \u201cEl aumento de los precios los ha llevado a preocuparse m\u00e1s por el ahorro, pero si las previsiones sobre el futuro negro se alargan cada vez m\u00e1s, llega un punto en el que prefieren vivir al d\u00eda y consumir. Son dos fuerzas que van en sentido contrario y no est\u00e1 claro cu\u00e1l tira m\u00e1s\u201d, detalla el profesor de Esade. En las \u00faltimas semanas, Cornejo ha reducido sus gastos de ocio. \u201cSales a comer y te das cuenta de que con lo que has pagado te habr\u00edas hecho el s\u00faper de media semana\u201d, dice. Sin embargo, hay placeres a los que no est\u00e1 dispuesto a renunciar, como descargar las tensiones en el gimnasio y salir a cenar con su pareja una vez a la semana.<\/p>\n<p class=\"\" style=\"text-align: justify;\">\u00bfY c\u00f3mo se comportan los mileniales cuando invierten en Bolsa? No esconden su predisposici\u00f3n al riesgo. Pero tambi\u00e9n son proactivos a la hora de planificar sus finanzas. Esta es la conclusi\u00f3n de una encuesta del banco Natixis en la que han participado 2.500 inversores particulares entre 25 y 40 a\u00f1os. Los entrevistados destinan en promedio un 17% de sus ingresos a invertir para la jubilaci\u00f3n y un 59% de ellos dispone de un asesor financiero profesional.<\/p>\n<p class=\"\" style=\"text-align: justify;\">Seg\u00fan Dave Goodsell, director de Natixis IM Center for Investor Insight, se trata de una generaci\u00f3n que ha disfrutado de un prolongado mercado alcista con tipos de inter\u00e9s reducidos y baja inflaci\u00f3n durante buena parte de su vida adulta. \u201cTras vivir una grave crisis financiera que destroz\u00f3 los ahorros de muchas personas de la generaci\u00f3n de sus padres, han conocido lo que es sufrir p\u00e9rdidas. Al ver c\u00f3mo los riesgos aumentan y sus finanzas se vuelven cada vez m\u00e1s complejas, quieren proteger sus intereses\u201d, apunta.<\/p>\n<h3 class=\"\" style=\"text-align: justify;\">Flexibilidad<\/h3>\n<p class=\"\" style=\"text-align: justify;\">La opci\u00f3n de teletrabajar un d\u00eda a la semana es una de las ventajas que Cornejo m\u00e1s valora de su nuevo puesto. \u201cEl hecho de poder comer en mi casa y evitar el traslado no tiene precio\u201d, admite. El trabajo a distancia supone un alivio para el propio bienestar, al acabar con los problemas de desplazamiento que causan estr\u00e9s desde primera hora de la ma\u00f1ana. Y tambi\u00e9n para el bolsillo. Pero el ahorro m\u00e1s grande no concierne al combustible, sino al tiempo. Un estudio de Ideagenia zanja que los trabajadores madrile\u00f1os recorren cada d\u00eda para ir a la oficina el equivalente a 12 d\u00edas completos al a\u00f1o.<\/p>\n<p class=\"\" style=\"text-align: justify;\">Ahora bien, el teletrabajo no se adapta a las necesidades de todos. Gil, profesora de Biolog\u00eda en un instituto de la capital, recuerda los tiempos del confinamiento como una pesadilla. \u201cOrganizarte es casi imposible y los ex\u00e1menes son muy complicados de hacer a distancia. Todo supone el doble de trabajo\u201d, confiesa. Eso s\u00ed, con los datos en la mano, parece que a la mayor\u00eda de los mileniales esta modalidad convence. Un 75% prefiere elegir entre ejercer su actividad desde casa o de manera presencial. \u201cNo quieren estar en la oficina o en la universidad todo el d\u00eda. Buscan flexibilidad y se inclinan hacia proyectos que prevean objetivos, no presencialismo\u201d, explica Vizca\u00edno. Sin embargo, la realidad es otra. Solo un 45% asegura tener la opci\u00f3n de elegir, advierte el informe de Deloitte.<\/p>\n<p class=\"\" style=\"text-align: justify;\">Las cifras de Eurostat avalan que, incluso en los tiempos m\u00e1s duros de la pandemia, Espa\u00f1a se qued\u00f3 atr\u00e1s en esta materia. Un 10,9% de los empleados entre los 25 y 64 a\u00f1os teletrabaj\u00f3 en Espa\u00f1a en 2020. Una cifra por debajo de la media de la UE (12,3%) y de los pa\u00edses de su entorno, como Francia (15,7%), Alemania (14,8%) e Italia (12,2%). Si las empresas quieren retener talento, promover esquemas de trabajo m\u00e1s flexibles ya no es opcional.<\/p>\n<div class=\"a_de\" style=\"text-align: justify;\" data-dtm-region=\"articulo_sumarioenlaces-despiece\">\n<h3 class=\"a_de_t\">Del \u201cvivir para trabajar\u201d al \u201ctrabajar para vivir\u201d<\/h3>\n<div class=\"a_de_txt\">\n<p>Los tiempos no han cambiado tanto. La remuneraci\u00f3n sigue siendo el aspecto que los mileniales m\u00e1s valoran a la hora de aplicar para un trabajo. Aun as\u00ed, otros beneficios entran en su punto de mira. Los d\u00edas extra de vacaciones ocupan el primer lugar de las ventajas m\u00e1s apreciadas por esta generaci\u00f3n m\u00e1s all\u00e1 del sueldo, seg\u00fan el estudio de Sodexo. \u201cEs la primera generaci\u00f3n que quiere cambiar el concepto \u2018vivir para trabajar\u2019 por el de \u2018trabajar para vivir\u2019, de ah\u00ed que tengan una mayor preferencia por el tiempo libre y la conciliaci\u00f3n de vida profesional y personal\u201d, apunta Miriam Mart\u00edn, directora de Marketing y Comunicaci\u00f3n de la empresa.<br \/>\nEn el podio de sus preferencias se colocan tambi\u00e9n los bonos por productividad y el seguro m\u00e9dico. Este \u00faltimo, aunque es un beneficio que se asocia tradicionalmente a generaciones anteriores, refleja la preocupaci\u00f3n de los mileniales por el bienestar f\u00edsico y mental. \u201cTras la pandemia, todo lo relacionado con la medicina ha aumentado su importancia ante una mayor preocupaci\u00f3n por el futuro negro\u201d, afirma Rey.\u00a0<br \/>\nEn un entorno donde los cambios se producen de forma cada vez m\u00e1s r\u00e1pida, esta generaci\u00f3n pide con fuerza una formaci\u00f3n constante. En muchos casos, la presencia de un proyecto ilusionante y que le permita aprender algo nuevo puede ser un elemento diferencial. \u201cIncluso aquellos que entran en la empresa de sus sue\u00f1os piden crecer a lo largo de su carrera. Necesitan ser valorados por sus propios jefes y obtener una forma de reconocimiento que vaya m\u00e1s all\u00e1 de la remuneraci\u00f3n econ\u00f3mica. Quieren liderar las organizaciones\u201d, afirma P\u00e9rez.\u00a0<br \/>\nAl contrario, un beneficio que menos inter\u00e9s despierta a medida que avanzan las generaciones es el coche de empresa. Una opci\u00f3n que las compa\u00f1\u00edas ofrecen cada vez menos a sus empleados, sopesa Mart\u00edn. Y, seg\u00fan Rey, un estatus dentro de la empresa que ha perdido importancia. \u201cSi no vas a la oficina con tanta frecuencia y ves menos a tus colegas, no necesitas se\u00f1alar que eres alguien importante en la firma\u201d, concluye.\u00a0<\/p>\n<\/div>\n<\/div>\n<p style=\"text-align: justify;\"><a class=\"a_md_a_n\" title=\"Ver todas las noticias de Matteo Allievi\" href=\"https:\/\/elpais.com\/autor\/matteo-allievi\/#?rel=author_top\"><strong>Matteo Allievi<\/strong><\/a><\/p>\n<header class=\"a_e _g _g-xs\">\n<div class=\"a_e_m\">\n<figure class=\"a_m a_m-h\"><figcaption class=\"a_m_p\">FOTO: Omar Cornejo tiene 35 a\u00f1os y trabaja como t\u00e9cnico de recursos humanos en Madrid.<span class=\"a_m_m\">Andrea Comas<\/span><\/figcaption><\/figure>\n<\/div>\n<\/header>\n<div class=\"a_md _g _g-xs \">\n<figure class=\"a_md_i a_m-h\"><span class=\"a_m_w _db\">https:\/\/elpais.com\/economia\/negocios\/2022-08-13\/una-nueva-generacion-coge-los-mandos-asi-redefinen-los-mileniales-la-economia.html<\/span><\/figure>\n<div class=\"a_md_txt\">\n<div class=\"a_md_a\" data-dtm-region=\"articulo_firma\">\u00a0<\/div>\n<\/div>\n<\/div>\n","protected":false},"excerpt":{"rendered":"<p>Los nacidos entre 1981 y 1996 ser\u00e1n la mayor fuerza laboral en 2030. Han crecido&#8230;<\/p>\n","protected":false},"author":1,"featured_media":55780,"comment_status":"closed","ping_status":"closed","sticky":false,"template":"","format":"standard","meta":{"_coblocks_attr":"","_coblocks_dimensions":"","_coblocks_responsive_height":"","_coblocks_accordion_ie_support":"","jetpack_post_was_ever_published":false,"_jetpack_newsletter_access":"","_jetpack_dont_email_post_to_subs":false,"_jetpack_newsletter_tier_id":0,"_jetpack_memberships_contains_paywalled_content":false,"_jetpack_memberships_contains_paid_content":false,"footnotes":"","jetpack_publicize_message":"","jetpack_publicize_feature_enabled":true,"jetpack_social_post_already_shared":true,"jetpack_social_options":{"image_generator_settings":{"template":"highway","default_image_id":0,"enabled":false},"version":2}},"categories":[1],"tags":[9464,65,390,9463],"class_list":["post-55777","post","type-post","status-publish","format-standard","has-post-thumbnail","hentry","category-uncategorized","tag-cambios-en-sociedad","tag-economia","tag-juventud","tag-milenari"],"jetpack_publicize_connections":[],"jetpack_featured_media_url":"https:\/\/i0.wp.com\/miradordeatarfe.es\/wp-content\/uploads\/2022\/08\/TC46STPYQJENPOKPSZSQDDLNGY.jpg?fit=1960%2C1103&ssl=1","jetpack_likes_enabled":true,"jetpack_sharing_enabled":true,"_links":{"self":[{"href":"https:\/\/miradordeatarfe.es\/index.php?rest_route=\/wp\/v2\/posts\/55777","targetHints":{"allow":["GET"]}}],"collection":[{"href":"https:\/\/miradordeatarfe.es\/index.php?rest_route=\/wp\/v2\/posts"}],"about":[{"href":"https:\/\/miradordeatarfe.es\/index.php?rest_route=\/wp\/v2\/types\/post"}],"author":[{"embeddable":true,"href":"https:\/\/miradordeatarfe.es\/index.php?rest_route=\/wp\/v2\/users\/1"}],"replies":[{"embeddable":true,"href":"https:\/\/miradordeatarfe.es\/index.php?rest_route=%2Fwp%2Fv2%2Fcomments&post=55777"}],"version-history":[{"count":1,"href":"https:\/\/miradordeatarfe.es\/index.php?rest_route=\/wp\/v2\/posts\/55777\/revisions"}],"predecessor-version":[{"id":55781,"href":"https:\/\/miradordeatarfe.es\/index.php?rest_route=\/wp\/v2\/posts\/55777\/revisions\/55781"}],"wp:featuredmedia":[{"embeddable":true,"href":"https:\/\/miradordeatarfe.es\/index.php?rest_route=\/wp\/v2\/media\/55780"}],"wp:attachment":[{"href":"https:\/\/miradordeatarfe.es\/index.php?rest_route=%2Fwp%2Fv2%2Fmedia&parent=55777"}],"wp:term":[{"taxonomy":"category","embeddable":true,"href":"https:\/\/miradordeatarfe.es\/index.php?rest_route=%2Fwp%2Fv2%2Fcategories&post=55777"},{"taxonomy":"post_tag","embeddable":true,"href":"https:\/\/miradordeatarfe.es\/index.php?rest_route=%2Fwp%2Fv2%2Ftags&post=55777"}],"curies":[{"name":"wp","href":"https:\/\/api.w.org\/{rel}","templated":true}]}}